{"id":436578,"date":"2019-07-25T00:03:10","date_gmt":"2019-07-25T05:03:10","guid":{"rendered":"https:\/\/www.diarioimagen.net\/?p=436578"},"modified":"2019-07-25T05:09:00","modified_gmt":"2019-07-25T10:09:00","slug":"ellas-son-las-mal-pagadas","status":"publish","type":"post","link":"https:\/\/www.diarioimagen.net\/?p=436578","title":{"rendered":"Ellas son las mal pagadas"},"content":{"rendered":"<h2>Folclor urbano<\/h2>\n<h5>Salvador Estrada<\/h5>\n<p>&nbsp;<\/p>\n<p>La nueva ley del trabajo, a la que los legisladores deben echarle un nuevo ojito, se qued\u00f3 corta, porque las\u00a0 meseras de los restaurantes-bares, que as\u00ed se llaman ahora las cantinas, no tienen prestaciones laborales y su salario, en muchos casos, no llega al m\u00ednimo.<\/p>\n<p>Estas trabajadoras son el atractivo visual de esos bares y diariamente tienen que lidiar con los clientes euf\u00f3ricos, que influidos por su bebida preferida, se lanzan a la conquista.<\/p>\n<p>Las chicas han aprendido a soportar a esos galanes ocasionales que \u201dofrecen la luna y las estrellas\u201d para que esa noche lo acompa\u00f1e en su \u201cfiesta\u201d.<\/p>\n<p>Algunos parroquianos son simp\u00e1ticos, chistosos y otros muy pesados, que tambale\u00e1ndose se atreven a decir \u201dyo mee caso contigo, me cay, me encantas de amais\u201d.<\/p>\n<p>Generalmente, las chicas que son contratadas en los restaurantes-bares son de buen ver, pero las que tienen m\u00e1s atractivos trabajan en los restaurantes de post\u00edn, donde su salario se incrementa con las propinas que dejan los clientes pudientes.<\/p>\n<p>Las meseras que no tienen esa suerte, pero por su atenci\u00f3n educada\u00a0\u00a0 y simpat\u00eda los clientes las recompensan con la propina, aunque no tan abundante y esa extra\u00a0 \u201cles hace el d\u00eda\u201d, porque su salario es raqu\u00edtico y ni siquiera es el m\u00ednimo que marca la ley. Existen cantinas, cuyos propietarios son unos explotadores, porque pagan un \u201csalario\u201d que oscila entre cincuenta y cien pesos diarios.<\/p>\n<p>La mayor\u00eda de esas meseras son divorciadas con dos o\u00a0 tres hijos y otras nunca se casaron y son madres solteras y todas ellas \u201caguantan a esos patrones, que no conformes con explotarlas, piden sexo a fin de asegurarles su trabajo\u201d. La mayor\u00eda renuncia, no del modo convencional, sino que al otro d\u00eda no acuden a trabajar al bar restaurante, y buscan de inmediato otra fuente laboral.<\/p>\n<p>Ellas son mal pagadas, pero su trabajo es heroico, porque adem\u00e1s, de no sentarse en su jornada, lo proh\u00edbe el patr\u00f3n-due\u00f1o, tienen que cargar la charola y soportar a los parroquianos et\u00edlicos y\u00a0 todav\u00eda tienen que escabullirse del patr\u00f3n y despu\u00e9s de un d\u00eda pesado llegan cansadas a su hogar a preparar el desayuno que dar\u00e1 a sus hijos al otro d\u00eda y arreglar su ropa de trabajo, \u201csu vestuario encantador\u201d.<\/p>\n<p>Las meseras no cuentan con salario m\u00ednimo, las propinas son su sost\u00e9n, no tienen IMSS, obviamente no gozan de vacaciones, ni de aguinaldo, ni del Infonavit y mucho menos del reparto de utilidades, prestaciones que la ley otorga a todo trabajador.<\/p>\n<p>Aunque no tienen esas prestaciones, las meseras conf\u00edan en la suerte, en la buena suerte, para que un d\u00eda un buen cliente se fije en ellas, sea respetuoso, la pretenda y lleguen a vivir juntos para que \u201cla retire de trabajar\u201d. Sin embargo, las necesidades econ\u00f3micas aumentan y ella regresa a \u201cla mesereada\u201d, pero los celos, \u201clos malditos celos\u201c\u00a0 son demasiados los de su pareja y \u201ctruena el amor que se ten\u00edan\u201d.<\/p>\n<p>Y para no irse con sed, tres copas en la barra:<\/p>\n<p>La primera: Reconocer que el trabajo de las meseras es complicado, no comprendido, y mal pagado, por lo cual se debe de reformar la Ley Federal del Trabajo, para que las tome en cuenta y gocen de prestaciones.<\/p>\n<p>La segunda: Los patrones deben \u201cser metidos en cintura\u201d para que cumplan con la\u00a0 ley\u00a0 y para que no se hagan de la vista gorda y no evadan al fisco.<\/p>\n<p>La \u00faltima y nos vamos: Los clientes deben ser pr\u00f3digos con las meseras. No beber la cuarta copa y el importe que cuesta esa bebida darlo de propina \u00a1Sal\u00fa!<\/p>\n<p><em><a href=\"mailto:chavasec@yahoo.com.mx\" target=\"_blank\" rel=\"noopener noreferrer\">chavasec@yahoo.com.mx<\/a><\/em><\/p>\n","protected":false},"excerpt":{"rendered":"<p><span style=\"color: #005497;\"><strong>Salvador Estrada<\/strong><\/span><\/p>\n","protected":false},"author":3,"featured_media":0,"comment_status":"open","ping_status":"open","sticky":false,"template":"","format":"standard","meta":{"_monsterinsights_skip_tracking":false,"_monsterinsights_sitenote_active":false,"_monsterinsights_sitenote_note":"","_monsterinsights_sitenote_category":0,"footnotes":""},"categories":[41601],"tags":[41599,43674,41600],"class_list":["post-436578","post","type-post","status-publish","format-standard","hentry","category-salvador-estrada-opinion","tag-folclor-urbano","tag-opinion","tag-salvador-estrada"],"_links":{"self":[{"href":"https:\/\/www.diarioimagen.net\/index.php?rest_route=\/wp\/v2\/posts\/436578","targetHints":{"allow":["GET"]}}],"collection":[{"href":"https:\/\/www.diarioimagen.net\/index.php?rest_route=\/wp\/v2\/posts"}],"about":[{"href":"https:\/\/www.diarioimagen.net\/index.php?rest_route=\/wp\/v2\/types\/post"}],"author":[{"embeddable":true,"href":"https:\/\/www.diarioimagen.net\/index.php?rest_route=\/wp\/v2\/users\/3"}],"replies":[{"embeddable":true,"href":"https:\/\/www.diarioimagen.net\/index.php?rest_route=%2Fwp%2Fv2%2Fcomments&post=436578"}],"version-history":[{"count":0,"href":"https:\/\/www.diarioimagen.net\/index.php?rest_route=\/wp\/v2\/posts\/436578\/revisions"}],"wp:attachment":[{"href":"https:\/\/www.diarioimagen.net\/index.php?rest_route=%2Fwp%2Fv2%2Fmedia&parent=436578"}],"wp:term":[{"taxonomy":"category","embeddable":true,"href":"https:\/\/www.diarioimagen.net\/index.php?rest_route=%2Fwp%2Fv2%2Fcategories&post=436578"},{"taxonomy":"post_tag","embeddable":true,"href":"https:\/\/www.diarioimagen.net\/index.php?rest_route=%2Fwp%2Fv2%2Ftags&post=436578"}],"curies":[{"name":"wp","href":"https:\/\/api.w.org\/{rel}","templated":true}]}}