{"id":436591,"date":"2019-07-25T00:08:38","date_gmt":"2019-07-25T05:08:38","guid":{"rendered":"https:\/\/www.diarioimagen.net\/?p=436591"},"modified":"2019-07-25T05:20:48","modified_gmt":"2019-07-25T10:20:48","slug":"apenas-jalon-de-orejas-a-diputados-de-bc","status":"publish","type":"post","link":"https:\/\/www.diarioimagen.net\/?p=436591","title":{"rendered":"Apenas, \u201cjal\u00f3n de orejas\u201d a diputados de BC"},"content":{"rendered":"<h2>Clase Pol\u00edtica<\/h2>\n<h5>Miguel \u00c1ngel Rivera<\/h5>\n<p>&nbsp;<\/p>\n<p>Por cuestiones de procedimiento, los diputados de Baja California que aprobaron ampliar el periodo del pr\u00f3ximo gobernador, de dos a cinco a\u00f1os, parecieron salir victoriosos, aunque no se salvaron de recibir, como dec\u00eda un viejo chiste escolar, \u201cun jal\u00f3n de orejas\u201d.<\/p>\n<p>Para empezar, la Comisi\u00f3n de Receso de la Suprema Corte \u2013que act\u00faa en periodos vacacionales, con s\u00f3lo dos ministros, en este caso Yasm\u00edn Esquivel Mossa y Juan Luis Gonz\u00e1lez Alc\u00e1ntara Carranc\u00e1\u2013 desech\u00f3 \u201cpor notoriamente improcedentes\u201d dos controversias constitucionales promovidas por los ayuntamientos de Mexicali y Tijuana en contra de la reforma constitucional aprobada por el Congreso de Baja California para ampliar el pr\u00f3ximo periodo de gobierno.<\/p>\n<p>Adem\u00e1s, la Comisi\u00f3n Permanente qued\u00f3 impedida de iniciar alg\u00fan procedimiento \u2013 algunos legisladores propon\u00edan juicio pol\u00edtico contra los diputados bajacalifornianos\u2013 contra los promotores de la reforma constitucional que, a pesar de anteriores advertencias, se reunieron subrepticiamente para validar los cambios que aprobaron durante un periodo extraordinario de sesiones.<\/p>\n<p>De esta manera, en apariencia los diputados bajacalifornianos quedan a salvo, pues la Suprema Corte y el Congreso de la Uni\u00f3n \u2013 representado en el actual receso legislativo por la Comisi\u00f3n Permanente\u2013 son dos de los organismos que pueden revertir la reforma constitucional y, eventualmente, hasta imponer alguna sanci\u00f3n a los legisladores rebeldes, aunque esto tambi\u00e9n es relativo, pues los actuales diputados del estado fronterizo est\u00e1n en sus \u00faltimos d\u00edas de funciones, ya que a partir del 1 de agosto entrar\u00e1n en funciones los nuevos legisladores.<\/p>\n<p>En realidad, este controvertido cambio, repudiado en muchos sectores de la pol\u00edtica nacional, por considerarlo un \u201calbazo\u201d en beneficio \u00fanicamente del gobernador electo de Baja California, Jaime Bonilla Valdez, todav\u00eda no es analizado a profundidad. Tanto la Suprema Corte de Justicia como la Comisi\u00f3n Permanente del Congreso se quedaron en cuestiones de procedimiento.<\/p>\n<p>Los ministros Esquivel Mossa y Gonz\u00e1lez Alc\u00e1ntara desecharon las controversias de los ayuntamiento de Tijuana y Mexicali porque la tan comentada reforma todav\u00eda no entra en vigor y los ministros no pueden juzgar algo que todav\u00eda no ocurre.<\/p>\n<p>Lo mismo sucede con la Comisi\u00f3n Permanente. En su sesi\u00f3n anterior, la semana pasada, diputados y senadores de todos los partidos aprobaron un exhorto a los integrantes del Congreso de Baja California para que detuvieran la reforma constitucional.<\/p>\n<p>Los legisladores fronterizos respondieron con una \u201cencerrona\u201d en la que ratificaron las modificaciones. A pesar de que se tienen muchas constancias de esa sesi\u00f3n, oficialmente la Comisi\u00f3n Permanente no recibe todav\u00eda respuesta a su exhorto y por tanto est\u00e1 impedida de iniciar cualquier procedimiento.<\/p>\n<p>De hecho, una buena parte de la sesi\u00f3n de ayer de la Permanente se perdi\u00f3 en una pol\u00e9mica, donde se discut\u00eda si se deb\u00eda o no poner a debate el tema de Baja California. En principio, la directiva de la Permanente hab\u00eda decidido que el asunto se tratara hasta la pr\u00f3xima sesi\u00f3n. Sin embargo, el deseo de expresar el repudio contra el \u201calbazo legislativo\u201d hizo que el presidente de la Permanente y del Senado, Mart\u00ed Batres, accediera a abrir la discusi\u00f3n.<\/p>\n<p>De hecho, no hubo pol\u00e9mica. Uno tras otro, los oradores de las diversas fracciones parlamentarias condenaron el proceder de los \u201crufianes\u201d del Congreso bajacalifornianos, como los defini\u00f3 la senadora del PRI, Beatriz Paredes Rangel.<\/p>\n<p>Las discusiones en realidad fueron en torno al comportamiento del presidente Andr\u00e9s Manuel L\u00f3pez Obrador en este asunto, pues seg\u00fan los legisladores del PAN, el senador Dami\u00e1n Zepeda Vidales y el diputado Jorge Luis Preciado Rodr\u00edguez, el primer mandatario no ha expresado con claridad su condena a esa acci\u00f3n antidemocr\u00e1tica. Por supuesto, vinieron de inmediato las protestas y aclaraciones de parte de los legisladores de Morena y de sus aliados, en defensa del jefe del Ejecutivo.<\/p>\n<p>En la primera ronda de oradores, por el PRD particip\u00f3 la diputada Ver\u00f3nica Beatriz Ju\u00e1rez Pi\u00f1a, seguida del tambi\u00e9n diputado Carlos Alberto Puente Salas, del PVEM; la diputada del PES, Mar\u00eda Rosete S\u00e1nchez, Tonatiuh Bravo Padilla, coordinador de los diputados de Movimiento Ciudadano, la senadora Beatriz Paredes Rangel del PRI, el diputado Jorge Luis Preciado del PAN y la senadora Luc\u00eda Meza, de Morena.<\/p>\n<p>M\u00e1s all\u00e1 de la pol\u00e9mica, al margen del debate, la \u00fanica propuesta concreta parti\u00f3 de la diputada y ex gobernadora de Yucat\u00e1n, Dulce Mar\u00eda Sauri Riancho, quien recomend\u00f3 pedirle al gobernador saliente, el panista Francisco Vega de Lamadrid que promulgue lo antes posible la controvertida reforma constitucional, pues s\u00f3lo as\u00ed se puede tener tiempo para emprender acciones para derogarla, para recurrir a la Suprema Corte de Justicia o para que pueda actuar la propia Comisi\u00f3n Permanente.<\/p>\n<p style=\"text-align: center;\"><strong>La Cosecha<\/strong><\/p>\n<p>Siguen los malos pron\u00f3sticos en torno a la situaci\u00f3n de la econom\u00eda nacional. Ahora fue el banco privado Citibanamex el que rebaj\u00f3 la expectativa de crecimiento econ\u00f3mico de 0.9 por ciento a 0.2 por ciento para finales de este a\u00f1o, por considerar que se estanc\u00f3 en la primera mitad de 2019.<\/p>\n<p>En un reporte acerca de la econom\u00eda mexicana, la instituci\u00f3n bancaria se\u00f1al\u00f3 que se manifiesta un estancamiento sin un rebote a la vista, por lo cual sus especialistas estima que\u00a0 en el segundo trimestre se estima una contracci\u00f3n de 0.1 por ciento. \u201cDespu\u00e9s de una ca\u00edda en el PIB de 0.2 por ciento trimestral en el primer trimestre de este a\u00f1o, el rebote que esper\u00e1bamos ver en el segundo trimestre nunca se materializ\u00f3. El empleo formal aument\u00f3 apenas en 289 mil empleos durante la primera mitad del a\u00f1o, lo que implica el peor desempe\u00f1o de este indicador desde la crisis de 2008 y 2009 cuando la creaci\u00f3n neta de empleos fue negativa\u201d, refiri\u00f3 Citibanamex.<\/p>\n<p>La instituci\u00f3n destac\u00f3 que la inversi\u00f3n se contrajo en 2.1 por ciento anual en el periodo que va de entre enero a abril de 2019 y advirti\u00f3 que \u201cen el entorno nacional, las decepcionantes noticias recientes acerca de los muy anticipados planes para el sector petrolero implican que el sector privado se mantendr\u00e1 dubitativo para ejecutar planes de inversi\u00f3n\u201d.<\/p>\n<p>Adem\u00e1s, refiri\u00f3 que el objetivo del gobierno de alcanzar un super\u00e1vit fiscal primario de 1 por ciento del PIB en 2019 se convierte en un c\u00edrculo vicioso, pues dado que la econom\u00eda crece bastante por debajo de lo que se proyect\u00f3 originalmente, los esfuerzos de consolidaci\u00f3n fiscal, que ya eran por s\u00ed mismos ambiciosos, implican una pol\u00edtica fiscal altamente proc\u00edclica, lo que refuerza las preocupaciones sobre las perspectivas para el crecimiento econ\u00f3mico.<\/p>\n<p>Por el lado positivo, el Instituto Nacional de Estad\u00edstica y Geograf\u00eda (INEGI) inform\u00f3 que en la primera quincena de julio de este a\u00f1o, los precios al consumidor aumentaron 0.27 por ciento, en l\u00ednea con lo esperado, con lo cual la inflaci\u00f3n a tasa anual se ubic\u00f3 en 3.84 por ciento.<\/p>\n<p>La inflaci\u00f3n quincenal obedeci\u00f3 al alza de algunos productos agropecuarios, gasolina y servicios tur\u00edsticos con motivo del periodo vacacional de verano, contrarrestado en parte por la baja de algunas frutas y verduras. Los productos con precios al alza en la primera mitad de este mes fueron: pollo, cebolla, gasolina de bajo octanaje, transporte a\u00e9reo, papa y otros tub\u00e9rculos, aguacate, servicios tur\u00edsticos en paquete, naranja, loncher\u00eda, fondas, torter\u00edas y taquer\u00edas, y lechuga y col.<\/p>\n<p>Por el contrario, los productos con precios a la baja fueron: jitomate, chayote, uva, huevo, otros alimentos cocinados, cremas para piel, juguetes y juegos de mesa, gas dom\u00e9stico LP, tomate verde, y blusas y playeras para mujer.<\/p>\n<p>Para los especialistas del INEGI, la inflaci\u00f3n en la primera quincena de este mes, de 0.27 por ciento, estuvo en l\u00ednea con lo esperado\u00a0 y se ubica en su menor nivel para un mismo periodo en dos a\u00f1os. As\u00ed, la inflaci\u00f3n anual retrocedi\u00f3 de 3.89 por ciento en la segunda quincena de junio a 3.84 por ciento en la primera quincena de este mes, ubic\u00e1ndose por tercera quincena consecutiva dentro del objetivo de inflaci\u00f3n para el a\u00f1o, de 3.0 por ciento, m\u00e1s\/menos un punto porcentual. En la primera quincena de julio de 2018 los resultados fueron de 0.32 por ciento quincenal y de 4.85 por ciento anual.<\/p>\n<p><em><a href=\"mailto:riverapaz@infinitummail.com\" target=\"_blank\" rel=\"noopener noreferrer\">riverapaz@infinitummail.com<\/a><\/em><\/p>\n","protected":false},"excerpt":{"rendered":"<p><span style=\"color: #005497;\"><strong>Miguel \u00c1ngel Rivera<\/strong><\/span><\/p>\n","protected":false},"author":3,"featured_media":0,"comment_status":"open","ping_status":"open","sticky":false,"template":"","format":"standard","meta":{"_monsterinsights_skip_tracking":false,"_monsterinsights_sitenote_active":false,"_monsterinsights_sitenote_note":"","_monsterinsights_sitenote_category":0,"footnotes":""},"categories":[84119],"tags":[84120,84121,43674],"class_list":["post-436591","post","type-post","status-publish","format-standard","hentry","category-miguel-angel-rivera","tag-clase-politica","tag-miguel-angel-rivera","tag-opinion"],"_links":{"self":[{"href":"https:\/\/www.diarioimagen.net\/index.php?rest_route=\/wp\/v2\/posts\/436591","targetHints":{"allow":["GET"]}}],"collection":[{"href":"https:\/\/www.diarioimagen.net\/index.php?rest_route=\/wp\/v2\/posts"}],"about":[{"href":"https:\/\/www.diarioimagen.net\/index.php?rest_route=\/wp\/v2\/types\/post"}],"author":[{"embeddable":true,"href":"https:\/\/www.diarioimagen.net\/index.php?rest_route=\/wp\/v2\/users\/3"}],"replies":[{"embeddable":true,"href":"https:\/\/www.diarioimagen.net\/index.php?rest_route=%2Fwp%2Fv2%2Fcomments&post=436591"}],"version-history":[{"count":0,"href":"https:\/\/www.diarioimagen.net\/index.php?rest_route=\/wp\/v2\/posts\/436591\/revisions"}],"wp:attachment":[{"href":"https:\/\/www.diarioimagen.net\/index.php?rest_route=%2Fwp%2Fv2%2Fmedia&parent=436591"}],"wp:term":[{"taxonomy":"category","embeddable":true,"href":"https:\/\/www.diarioimagen.net\/index.php?rest_route=%2Fwp%2Fv2%2Fcategories&post=436591"},{"taxonomy":"post_tag","embeddable":true,"href":"https:\/\/www.diarioimagen.net\/index.php?rest_route=%2Fwp%2Fv2%2Ftags&post=436591"}],"curies":[{"name":"wp","href":"https:\/\/api.w.org\/{rel}","templated":true}]}}