{"id":436595,"date":"2019-07-25T00:09:21","date_gmt":"2019-07-25T05:09:21","guid":{"rendered":"https:\/\/www.diarioimagen.net\/?p=436595"},"modified":"2019-07-25T05:25:52","modified_gmt":"2019-07-25T10:25:52","slug":"necio-o-dictador-constitucion-pisoteada","status":"publish","type":"post","link":"https:\/\/www.diarioimagen.net\/?p=436595","title":{"rendered":"\u00bfNecio o dictador? Constituci\u00f3n, pisoteada"},"content":{"rendered":"<h2>Poder y dinero<\/h2>\n<h5>V\u00edctor S\u00e1nchez Ba\u00f1os<\/h5>\n<p>&nbsp;<\/p>\n<ul>\n<li><strong><em>Bonilla, la ambici\u00f3n desbordada<\/em><\/strong><\/li>\n<li><strong><em>Gan\u00f3 limpio; va por poder sucio<\/em><\/strong><\/li>\n<li><strong><em>Lomel\u00ed: otro c\u00ednico morenista<\/em><\/strong><\/li>\n<\/ul>\n<p><em>\u00a0<\/em><\/p>\n<p style=\"text-align: right;\"><strong><em>Jam\u00e1s comet\u00ed una injusticia a sabiendas<br \/>\n<\/em><\/strong><em>Felipe II, 1527-1598<\/em><\/p>\n<p>&nbsp;<\/p>\n<p>#BajaCalifornia #BonillaDictador? #Constituci\u00f3nPisoteada #Ambici\u00f3nSinL\u00edmite #PoderSucio #PerrosConstitucionales #Jes\u00fasRuizUribe #KikoVega #PRI #PAN #Morena CarlosLomel\u00ed #Soltero #NegociosSucios #AMLO #Er\u00e9ndiraSandoval #Abisalud #SLP #ManuelCarreras #\u00a0AeropuertoTamiun #Cotemar #Infonavit<\/p>\n<p>&nbsp;<\/p>\n<p>Jaime Bonilla gan\u00f3 con el membrete de Morena, con amplia ventaja ante un PAN, que debilit\u00f3 el gobernador Francisco Vega, <em>Kiko<\/em>, y un PRI, que materialmente desapareci\u00f3 de la entidad. En ambos casos, PRI y PAN, la corrupci\u00f3n y el desgaste del poder los hicieron a\u00f1icos, ante la esperanza del discurso (cierto o falso) de la guerra contra la corrupci\u00f3n que lleva el nuevo partido Morena.<\/p>\n<p>Sin embargo, por la ambici\u00f3n de mantenerse en el poder por m\u00e1s tiempo, pisoteando la voluntad de los bajacalifornianos, Bonilla movi\u00f3 una millonaria maquinaria para que todos los partidos pol\u00edticos locales lo apoyen en esa aventura de pisotear la Constituci\u00f3n de la Rep\u00fablica, la Constituci\u00f3n local y la voluntad del electorado.<\/p>\n<p>Dicen sus seguidores que 2 a\u00f1os no son suficientes para dar resultados, no se trata de dejar en manos de un \u201csemidi\u00f3s\u201d la administraci\u00f3n p\u00fablica. No debe ser ni anual, ni sexenal. Debe ser constante. Pero, nuestra clase pol\u00edtica, como los faraones acomplejados, quieren borrar el pasado y traer a sus nuevos empresarios para el saqueo y sus \u201cideas renovadoras\u201d; no hay nada nuevo bajo el sol y la luna.<\/p>\n<p>Bueno, en Baja California hubo una conspiraci\u00f3n en la que participaron pri\u00edstas, panistas y morenistas, de la mano del gobernador panista. El martes por la noche, como bandidos, en lo oscurito del Palacio Municipal de Playas Rosarito, se reunieron los legisladores envalentonados, seguramente porque su futuro estaba asegurado econ\u00f3mica y pol\u00edticamente, acordaron ordenar la publicaci\u00f3n en el <em>Diario Oficial<\/em> de la entidad, la resoluci\u00f3n de ampliar el gobierno de Bonilla de 2 a 5 a\u00f1os.\u00a0 El electorado voto por un gobernador de 2 a\u00f1os. Por un \u201cacuerdazo\u201d los diputados locales, ignorantes de la Constituci\u00f3n Federal, decidieron darle m\u00e1s tiempo a Bonilla. Y, lo que es peor, los dirigentes de Morena encabezados por el delegado del gobierno federal, Jes\u00fas Ruiz Uribe, calific\u00f3 de \u201cperros guardianes de la Constituci\u00f3n\u201d, a opositores de la reforma que quiere llevar de 2 a 5 a\u00f1os el gobierno del electo.<\/p>\n<p>La lucha por el poder es vergonzosa. Los morenisas de BC no respetan nada. Ni la ley, ni el electorado; nada. Pisotean lo que tienen a su paso s\u00f3lo para tener poder y acceso a los recursos econ\u00f3micos. Seguramente es para robarlos, ya que no creo que sea para servir heroicamente a la patria. Veremos otra casta igualita al priismo y panismo que, como corsario, saquear\u00e1n las arcas del trabajo de 7 millones de bajacalifornianos.<\/p>\n<p><strong>PODEROSOS CABALLEROS<\/strong>: Carlos Lomel\u00ed, el delegado de Andr\u00e9s Manuel L\u00f3pez Obrador, en Jalisco, renunci\u00f3 ante sospechas de negocios sucios con gobiernos pri\u00edstas, panistas, emecistas y ahora morenistas. Pero, no abandona el bot\u00edn&#8230; perd\u00f3n la posici\u00f3n pol\u00edtica. Deja a su abogado y hombre de todas sus confianzas, a Jos\u00e9 Juan Soltero Meza. Coordin\u00f3 la campa\u00f1a de Lomel\u00ed para la gubernatura de Jalisco en el 2018 y tuvo la defensa de la esposa y el hijo del pol\u00edtico que avergonz\u00f3 a AMLO. Soltero, tambi\u00e9n se encuentra bajo investigaciones ligadas a la empresa Abastecedora de Insumos para la Salud (Abisalud) que recibi\u00f3 la bendici\u00f3n de miles de millones de pesos en contratos con el gobierno. Por si fuera poco, fue representante legal de varias empresas de Carlos. La justicia contra Lomel\u00ed es lenta. La titular de la Secretar\u00eda de la Funci\u00f3n P\u00fablica, Irma Er\u00e9ndira Sandoval, a\u00fan no tiene conclusiones a los cargos de Lomel\u00ed. El negocio est\u00e1 bajo custodia segura. *** Tras la visita de AMLO a San Luis Potos\u00ed, el gobernador Juan Manuel Carreras, uni\u00f3 esfuerzos con el gobierno federal para el crecimiento econ\u00f3mico de la Huasteca potosina, que contempla la ampliaci\u00f3n del Aeropuerto Nacional de Tamu\u00edn, donde su Administraci\u00f3n aportar\u00e1 los terrenos para llevar a cabo la obra. Estas son acciones favorables para la llegada de inversi\u00f3n nacional y extranjera, que aumentar\u00e1n los servicios en esta zona de la entidad.<\/p>\n<p><strong>RESPONSABILIDAD SOCIAL CORPORATIVA<\/strong>: La empresa petrolera Cotemar fue distinguido por tercera ocasi\u00f3n consecutiva como Empresa de Diez, programa del Infonavit que reconoce a las empresas que cumplen puntualmente y de forma continua con el pago de sus aportaciones y amortizaciones patronales durante al menos los \u00faltimos 10 bimestres y que, adem\u00e1s, no tienen adeudos vigentes ante el instituto, acciones que hacen evidente un compromiso serio con los colaboradores y con el plan de transformaci\u00f3n del instituto, impulsado por el Gobierno de M\u00e9xico. El reconocimiento lo entregaron Rafael Lezama Minaya, titular del INFONAVIT, en Campeche, y Fernando Islas, gerente de fiscalizaci\u00f3n del instituto.<\/p>\n<p>Esc\u00fachanos en MVS radio (102.5 FM) de 21:00 a 22:00 horas de lunes a viernes en Poder y Dinero Radio. MVSnoticias.com<\/p>\n<p><a href=\"http:\/\/poderydinero.mx\" target=\"_blank\" rel=\"noopener noreferrer\"><em>poderydinero.mx<\/em><\/a><em><b><br \/>\n<\/b><a href=\"mailto:vsanchezb@gmail.com\" target=\"_blank\" rel=\"noopener noreferrer\">vsanchezb@gmail.com<br \/>\n<\/a><strong>Twitter:<\/strong><a href=\"https:\/\/twitter.com\/vsanchezbanos\" target=\"_blank\" rel=\"noopener noreferrer\">@vsanchezbano<br \/>\n<\/a><strong>Facebook:\u00a0<\/strong><a href=\"https:\/\/www.facebook.com\/vsanchezbanos?fref=ts\" target=\"_blank\" rel=\"noopener noreferrer\">vsanchezbano<\/a><\/em><\/p>\n","protected":false},"excerpt":{"rendered":"<p><span style=\"color: #005497;\"><strong>V\u00edctor S\u00e1nchez Ba\u00f1os<\/strong><\/span><\/p>\n","protected":false},"author":3,"featured_media":0,"comment_status":"open","ping_status":"open","sticky":false,"template":"","format":"standard","meta":{"_monsterinsights_skip_tracking":false,"_monsterinsights_sitenote_active":false,"_monsterinsights_sitenote_note":"","_monsterinsights_sitenote_category":0,"footnotes":""},"categories":[38844],"tags":[43674,38847,38848],"class_list":["post-436595","post","type-post","status-publish","format-standard","hentry","category-victor-sanchez-banos","tag-opinion","tag-poder-y-dinero","tag-victor-sanchez-banos"],"_links":{"self":[{"href":"https:\/\/www.diarioimagen.net\/index.php?rest_route=\/wp\/v2\/posts\/436595","targetHints":{"allow":["GET"]}}],"collection":[{"href":"https:\/\/www.diarioimagen.net\/index.php?rest_route=\/wp\/v2\/posts"}],"about":[{"href":"https:\/\/www.diarioimagen.net\/index.php?rest_route=\/wp\/v2\/types\/post"}],"author":[{"embeddable":true,"href":"https:\/\/www.diarioimagen.net\/index.php?rest_route=\/wp\/v2\/users\/3"}],"replies":[{"embeddable":true,"href":"https:\/\/www.diarioimagen.net\/index.php?rest_route=%2Fwp%2Fv2%2Fcomments&post=436595"}],"version-history":[{"count":0,"href":"https:\/\/www.diarioimagen.net\/index.php?rest_route=\/wp\/v2\/posts\/436595\/revisions"}],"wp:attachment":[{"href":"https:\/\/www.diarioimagen.net\/index.php?rest_route=%2Fwp%2Fv2%2Fmedia&parent=436595"}],"wp:term":[{"taxonomy":"category","embeddable":true,"href":"https:\/\/www.diarioimagen.net\/index.php?rest_route=%2Fwp%2Fv2%2Fcategories&post=436595"},{"taxonomy":"post_tag","embeddable":true,"href":"https:\/\/www.diarioimagen.net\/index.php?rest_route=%2Fwp%2Fv2%2Ftags&post=436595"}],"curies":[{"name":"wp","href":"https:\/\/api.w.org\/{rel}","templated":true}]}}