{"id":436609,"date":"2019-07-25T00:00:55","date_gmt":"2019-07-25T05:00:55","guid":{"rendered":"https:\/\/www.diarioimagen.net\/?p=436609"},"modified":"2019-07-25T05:40:18","modified_gmt":"2019-07-25T10:40:18","slug":"dejan-diputados-papa-caliente-de-la-ley-animal-a-sus-sucesores","status":"publish","type":"post","link":"https:\/\/www.diarioimagen.net\/?p=436609","title":{"rendered":"Dejan diputados \u201cpapa caliente\u201d de la ley animal a sus sucesores"},"content":{"rendered":"<h2>Derecho de r\u00e9plica<\/h2>\n<p>&nbsp;<\/p>\n<ul>\n<li><em><strong>El panorama pinta para que se quede como est\u00e1, pues en la siguiente legislatura ser\u00e1 Morena y sus aliados los que tendr\u00e1n la sart\u00e9n por el mango<\/strong><\/em><\/li>\n<\/ul>\n<p>&nbsp;<\/p>\n<p>Al panista, Eduardo Mart\u00ednez Arcila, lo va a castigar Dios, por andar diciendo tantas mentiras, pues asegur\u00f3 que los <em>panuchos<\/em> se encargar\u00edan de reformar la reci\u00e9n \u201creformada\u201d ley animal del estado, donde se proh\u00edben las peleas de gallos y corridas de toros, empero, ahora resulta que, luego de una reuni\u00f3n con ambientalistas que ocurri\u00f3 en paralelo a un encuentro de toreros y galleros, les revel\u00f3 que no se puede modificar una legislatura que no se ha publicado en el <em>Peri\u00f3dico Oficial<\/em>.<\/p>\n<p>Ser\u00e1 la XVI Legislatura, que comienza labores el 5 de septiembre, de la que Eduardo Mart\u00ednez tambi\u00e9n formar\u00e1 parte, la que decida, despu\u00e9s de que sea publicado en el <em>Peri\u00f3dico Oficial<\/em>, para que entre en vigor, o si se dar\u00e1 marcha atr\u00e1s.<\/p>\n<p>Sin embargo, el panorama pinta para que le ley se quede como est\u00e1, pues en la siguiente legislatura, ser\u00e1 Morena y sus aliados, los del Partido Verde y los petistas, los que tendr\u00e1n la sart\u00e9n por el mango, y es de dudarse, que le quieran dar gusto a Mart\u00ednez Arcila.<\/p>\n<p style=\"text-align: center;\"><strong>En pro y en contra<\/strong><\/p>\n<p>Por su parte, empresarios y agrupaciones de toreros y galleros se presentaron a las afueras de las oficinas legislativas en la zona norte, en Canc\u00fan, para solicitar espacios en la mesa de trabajo que llevaban a cabo los legisladores Eugenia Sol\u00eds Salazar, Yanina Rosado Ibarra y el propio Mart\u00ednez Arcila con los ambientalistas.<\/p>\n<p>Jorge \u00c1vila, empresario taurino, manifest\u00f3 que \u201cno est\u00e1n en desacuerdo con la ley\u201d, sino en que \u201cse hayan sacado de la manga\u201d la reforma que proh\u00edbe las actividades ya mencionadas, dado que no se hizo una consulta que incluyera todos los puntos.<\/p>\n<p>El empresario indic\u00f3 que hay 220 comunidades en el estado que cuentan con fiestas que incluyen este tipo de pr\u00e1cticas. Entre los grupos representados estuvieron la delegaci\u00f3n en Quintana Roo de Tauromaquia Mexicana, ganaderos de toros bravos, alumnos de la escuela taurina \u201cJorge \u00c1vila\u201d toreros de Cozumel y distintos grupos de galleros.<\/p>\n<p style=\"text-align: center;\"><strong>Los ambientalistas<\/strong><\/p>\n<p>Del otro lado, grupos ambientalistas, como Opus Magnum, que promovieron la modificaci\u00f3n de la ley, insistieron en que las pr\u00e1cticas de generar sufrimiento y matar animales por espect\u00e1culo no pueden ser consideradas \u201cusos y costumbres\u201d, adem\u00e1s de que se trata de un argumento err\u00f3neo, pues los propios dignatarios mayas lo han negado.<\/p>\n<p>Igualmente, manifestaron que conf\u00edan en que los diputados no se dejar\u00e1n presionar por \u201cgrupos minoritarios\u201d y que se respetar\u00e1 el compromiso asumido por el gobernador de poner fin a estas pr\u00e1cticas. Destacaron que, junto con la legislaci\u00f3n, entregaron una lista de 25 mil firmas que respaldan la iniciativa.<\/p>\n<p style=\"text-align: center;\"><strong>Nadie contento con el reparto<\/strong><\/p>\n<p>Roger Enrique C\u00e1ceres Pascacio, presidente de Confianza por Quintana Roo, a quien el IEQROO le quit\u00f3 la diputaci\u00f3n plurinominal por una sentencia emitida por el TEQROO con respecto a las asignaciones de diputaciones, al igual que en Morena, no qued\u00f3 contento con que un pri\u00edsta sea el que ocupe su lugar, por lo que interpuso una impugnaci\u00f3n para que se la regresen\u2026.seeeee, como no.<\/p>\n<p>Al informar sobre su desacuerdo con el Tribunal Electoral del estado, C\u00e1ceres Pascacio asegur\u00f3 que no es un capricho pol\u00edtico sino que \u00e9l tiene el fundamento jur\u00eddico, por cierto que \u2026eso mismo dicen los morenos, quienes tambi\u00e9n impugnaron la resoluci\u00f3n judicial.<\/p>\n<p>El Partido Confianza por Quintana Roo, organismo de nueva creaci\u00f3n, mantuvo su registro como partido pol\u00edtico local y 11,200 quintanarroenses que representan m\u00e1s del 4% de la votaci\u00f3n. optaron por esa propuesta pol\u00edtica, sin embargo, en el IEQROO no tiene ni idea de a quien le toca la curul, y van de traspi\u00e9 en traspi\u00e9.<\/p>\n<p style=\"text-align: center;\"><strong>Orden urbano<\/strong><\/p>\n<p>Por instrucci\u00f3n del secretario de la Sedetus, Carlos R\u00edos Castellanos, subsecretarios y directores se reunieron para coordinar reuniones y trabajos de gesti\u00f3n ante dependencias municipales y federales, con el fin de avanzar en las acciones de regularizaci\u00f3n de asentamientos y desarrollos irregulares.<\/p>\n<p>Durante la reuni\u00f3n se dieron a conocer los trabajos realizados en Benito Ju\u00e1rez en desarrollos irregulares, los cuales ser\u00e1n replicados en los dem\u00e1s municipios para cumplir con lo que marca la Ley Estatal de Asentamientos Humanos, Ordenamiento Territorial y Desarrollo Urbano de Quintana Roo.<\/p>\n<p>En el gobierno de Carlos Joaqu\u00edn Gonz\u00e1lez se tiene el firme compromiso con la gente de Quintana Roo de trabajar para que al momento de adquirir una propiedad cuente con todos los servicios b\u00e1sicos, con espacios p\u00fablicos, movilidad y la certeza jur\u00eddica que le permita brindar un patrimonio seguro a su familia, puntualiz\u00f3 R\u00edos Castellanos.<\/p>\n<p style=\"text-align: center;\"><strong>Vestidos y alborotados<\/strong><\/p>\n<p>Al sector inmobiliario de la ciudad de Chetumal le pas\u00f3 lo que a las novias de rancho, los dejaron vestidos y alborotados, con todo el ajuar completo. Fueron las falsas promesas de la Secretar\u00eda de Turismo federal, la que les endulz\u00f3 los o\u00eddos y aturdidos con las palabras del presidente Andr\u00e9s Manuel L\u00f3pez Obrador, sobre que la Sectur se mudar\u00eda con m\u00e1s de 2 mil trabajadores (y sus familias) a la capital quintanarroense, enchularon y construyeron casas para venta y renta y de pronto \u201czas\u201d, como dice \u201cLuismi\u201d, se dieron cuenta que les vieron su bello rostro.<\/p>\n<p>Los inmobiliarios de Chetumal esperaban un \u201cboom\u201d de crecimiento, pero es fecha que s\u00f3lo 7 funcionarios, se presentaron en Oth\u00f3n P. Blanco y los empresarios se quedaron con la mesa puesta.<\/p>\n<p>Alicia Cervantes, presidenta de la Asociaci\u00f3n Mexicana de Profesionales Inmobiliarios en Oth\u00f3n P. Blanco, se\u00f1al\u00f3 que actualmente si bien no existe una par\u00e1lisis en el sector inmobiliario, tampoco mejor\u00f3 como se esperaba<\/p>\n<p>\u201cEsper\u00e1bamos que con la llegada de Sectur y todo los planes que se ten\u00edan y que esto se disparara, ten\u00edamos ya inmuebles preparados casas y todos hablamos con los propietarios para que se prepararan para el tipo de gente que ven\u00eda, se hicieron inversiones en las viviendas, porque esper\u00e1bamos que se diera el \u201cboom\u201d dijo Alicia Cervantes, sin embargo, para su consuelo, no fue el \u00fanico sector que crey\u00f3 en las promesas de mejores tiempos.<\/p>\n","protected":false},"excerpt":{"rendered":"<p><span style=\"color: #005497;\"><strong>Derecho de r\u00e9plica<\/strong><\/span><\/p>\n","protected":false},"author":3,"featured_media":0,"comment_status":"open","ping_status":"open","sticky":false,"template":"","format":"standard","meta":{"_monsterinsights_skip_tracking":false,"_monsterinsights_sitenote_active":false,"_monsterinsights_sitenote_note":"","_monsterinsights_sitenote_category":0,"footnotes":""},"categories":[62907],"tags":[47840,43674],"class_list":["post-436609","post","type-post","status-publish","format-standard","hentry","category-derecho-de-replica","tag-derecho-de-replica","tag-opinion"],"_links":{"self":[{"href":"https:\/\/www.diarioimagen.net\/index.php?rest_route=\/wp\/v2\/posts\/436609","targetHints":{"allow":["GET"]}}],"collection":[{"href":"https:\/\/www.diarioimagen.net\/index.php?rest_route=\/wp\/v2\/posts"}],"about":[{"href":"https:\/\/www.diarioimagen.net\/index.php?rest_route=\/wp\/v2\/types\/post"}],"author":[{"embeddable":true,"href":"https:\/\/www.diarioimagen.net\/index.php?rest_route=\/wp\/v2\/users\/3"}],"replies":[{"embeddable":true,"href":"https:\/\/www.diarioimagen.net\/index.php?rest_route=%2Fwp%2Fv2%2Fcomments&post=436609"}],"version-history":[{"count":0,"href":"https:\/\/www.diarioimagen.net\/index.php?rest_route=\/wp\/v2\/posts\/436609\/revisions"}],"wp:attachment":[{"href":"https:\/\/www.diarioimagen.net\/index.php?rest_route=%2Fwp%2Fv2%2Fmedia&parent=436609"}],"wp:term":[{"taxonomy":"category","embeddable":true,"href":"https:\/\/www.diarioimagen.net\/index.php?rest_route=%2Fwp%2Fv2%2Fcategories&post=436609"},{"taxonomy":"post_tag","embeddable":true,"href":"https:\/\/www.diarioimagen.net\/index.php?rest_route=%2Fwp%2Fv2%2Ftags&post=436609"}],"curies":[{"name":"wp","href":"https:\/\/api.w.org\/{rel}","templated":true}]}}