{"id":436665,"date":"2019-07-26T00:09:41","date_gmt":"2019-07-26T05:09:41","guid":{"rendered":"https:\/\/www.diarioimagen.net\/?p=436665"},"modified":"2019-07-29T02:16:09","modified_gmt":"2019-07-29T07:16:09","slug":"mafia-israeli-relacionada-con-la-doble-ejecucion-en-plaza-artz","status":"publish","type":"post","link":"https:\/\/www.diarioimagen.net\/?p=436665","title":{"rendered":"Mafia israel\u00ed, relacionada con la doble ejecuci\u00f3n en Plaza Artz"},"content":{"rendered":"<ul>\n<li><strong><em>Uno era de los criminales m\u00e1s buscados en ese pa\u00eds<\/em><\/strong><\/li>\n<li><strong><em>Los dos hombres abatidos ten\u00edan antecedentes, confirma la embajada de Israel<\/em><\/strong><\/li>\n<\/ul>\n<h6>Jos\u00e9 Luis Monta\u00f1ez<\/h6>\n<p>&nbsp;<\/p>\n<p><a href=\"https:\/\/www.diarioimagen.net\/?attachment_id=436735\" rel=\"attachment wp-att-436735\"><img loading=\"lazy\" decoding=\"async\" class=\"aligncenter size-large wp-image-436735\" src=\"https:\/\/www.diarioimagen.net\/wp-content\/uploads\/2019\/07\/PLAZA26-460x259.jpg\" alt=\"\" width=\"460\" height=\"259\" srcset=\"https:\/\/www.diarioimagen.net\/wp-content\/uploads\/2019\/07\/PLAZA26-460x259.jpg 460w, https:\/\/www.diarioimagen.net\/wp-content\/uploads\/2019\/07\/PLAZA26-240x135.jpg 240w, https:\/\/www.diarioimagen.net\/wp-content\/uploads\/2019\/07\/PLAZA26-235x132.jpg 235w, https:\/\/www.diarioimagen.net\/wp-content\/uploads\/2019\/07\/PLAZA26-202x114.jpg 202w, https:\/\/www.diarioimagen.net\/wp-content\/uploads\/2019\/07\/PLAZA26-350x196.jpg 350w, https:\/\/www.diarioimagen.net\/wp-content\/uploads\/2019\/07\/PLAZA26-220x123.jpg 220w, https:\/\/www.diarioimagen.net\/wp-content\/uploads\/2019\/07\/PLAZA26-237x132.jpg 237w, https:\/\/www.diarioimagen.net\/wp-content\/uploads\/2019\/07\/PLAZA26.jpg 480w\" sizes=\"auto, (max-width: 460px) 100vw, 460px\" \/><\/a><\/p>\n<p>&nbsp;<\/p>\n<p>El doble homicidio cometido en el centro comercial Plaza Artz de la Ciudad de M\u00e9xico, podr\u00eda estar relacionado con arreglos de la mafia israel\u00ed, inform\u00f3 Ulises Lara L\u00f3pez, vocero de la Procuradur\u00eda General de Justicia capitalina.<\/p>\n<p>En rueda de prensa, indic\u00f3 que el avance de las indagatorias \u201cnos llevan a relacionar los hechos con arreglos entre grupos criminales y\/o delincuencia organizada, por lo tanto podr\u00eda tratarse de arreglos con la mafia israel\u00ed\u201d.<\/p>\n<p>Agreg\u00f3 que por ello se lleva a cabo la identificaci\u00f3n plena de Azulay Alon y Jony Ben Sutji, ambos originarios de Israel, y de sus antecedentes penales, adem\u00e1s de que queda descartado el m\u00f3vil de crimen pasional, no obstante que hab\u00edan sido las primeras declaraciones de la mujer que fue detenida.<\/p>\n<p>El funcionario del gobierno capitalino detall\u00f3 que el doble homicidio fue resultado de una acci\u00f3n concertada y directa en la que habr\u00edan participado al menos otras cuatro personas. A\u00f1adi\u00f3 que se trabaja con autoridades federales e internacionales para conocer la situaci\u00f3n legal de quienes perdieron la vida durante los hechos ocurridos el mi\u00e9rcoles en el inmueble ubicado en la alcald\u00eda \u00c1lvaro Obreg\u00f3n, que tambi\u00e9n dej\u00f3 un polic\u00eda lesionado. Lara L\u00f3pez indic\u00f3 que se investiga a la persona detenida en flagrancia, identificada como Esperanza \u201cN\u201d, el tipo de armas utilizadas durante el ataque, las condiciones en que se gener\u00f3, entre otros aspectos, para dar con el resto de los involucrados.<\/p>\n<p>Igualmente, se indaga la estancia de los israel\u00edes en M\u00e9xico, su origen, a qu\u00e9 se dedicaban, para tener claridad de su estancia legal o no dentro del pa\u00eds, luego de que se descart\u00f3 el crimen pasional como motivo del crimen. El vocero de la procuradur\u00eda capitalina subray\u00f3 que no fue una acci\u00f3n casual y una circunstancia, como se manej\u00f3 inicialmente; \u201ces un tema de coordinaci\u00f3n, fuerte, de acci\u00f3n de grupos criminales internacionales, por lo que tenemos que confirmar todo para determinar los v\u00ednculos\u201d.<\/p>\n<p style=\"text-align: center;\"><strong>Embajada de Israel confirma: ten\u00edan antecedentes criminales<\/strong><\/p>\n<p>Los dos ciudadanos de Israel asesinados el mi\u00e9rcoles en Plaza Artz, fueron identificados por el personal del consulado de Israel como Alon Azulay de 41 a\u00f1os y Benjam\u00edn Yeshurun Sutchi de 44 a\u00f1os.<\/p>\n<p>La embajada de ese pa\u00eds confirm\u00f3 que las v\u00edctimas contaban con antecedentes criminales tanto en Israel como en M\u00e9xico.<\/p>\n<p>\u201cUna vez que fueron identificados los cuerpos, el Consulado contact\u00f3 a los familiares quienes solicitaron el apoyo de la Embajada para el traslado de los restos. Actualmente la embajada realiza las gestiones necesarias para que m\u00e1s tardar, la pr\u00f3xima semana lleguen a Israel\u201d.<\/p>\n<p>Asimismo, la sede diplom\u00e1tica sostuvo que mantiene contacto con las autoridades federales y de la Ciudad de M\u00e9xico, que est\u00e1n a cargo de la investigaci\u00f3n, para ofrecer la cooperaci\u00f3n necesaria.<\/p>\n","protected":false},"excerpt":{"rendered":"<p><span style=\"color: #005497;\">Jos\u00e9 Luis Monta\u00f1ez<\/span><br \/>\n<br \/>\nEl doble homicidio cometido en el centro comercial Plaza Artz de la Ciudad de M\u00e9xico, podr\u00eda estar relacionado con arreglos de la mafia israel\u00ed, inform\u00f3 Ulises Lara L\u00f3pez, vocero de la Procuradur\u00eda General de Justicia capitalina.<\/p>\n","protected":false},"author":3,"featured_media":436735,"comment_status":"open","ping_status":"open","sticky":false,"template":"","format":"standard","meta":{"_monsterinsights_skip_tracking":false,"_monsterinsights_sitenote_active":false,"_monsterinsights_sitenote_note":"","_monsterinsights_sitenote_category":0,"footnotes":""},"categories":[7],"tags":[26915,1193,85015,76361,43677],"class_list":["post-436665","post","type-post","status-publish","format-standard","has-post-thumbnail","hentry","category-seguridad","tag-ejecucion","tag-israel","tag-mafia","tag-plaza-artz","tag-seguridad"],"_links":{"self":[{"href":"https:\/\/www.diarioimagen.net\/index.php?rest_route=\/wp\/v2\/posts\/436665","targetHints":{"allow":["GET"]}}],"collection":[{"href":"https:\/\/www.diarioimagen.net\/index.php?rest_route=\/wp\/v2\/posts"}],"about":[{"href":"https:\/\/www.diarioimagen.net\/index.php?rest_route=\/wp\/v2\/types\/post"}],"author":[{"embeddable":true,"href":"https:\/\/www.diarioimagen.net\/index.php?rest_route=\/wp\/v2\/users\/3"}],"replies":[{"embeddable":true,"href":"https:\/\/www.diarioimagen.net\/index.php?rest_route=%2Fwp%2Fv2%2Fcomments&post=436665"}],"version-history":[{"count":0,"href":"https:\/\/www.diarioimagen.net\/index.php?rest_route=\/wp\/v2\/posts\/436665\/revisions"}],"wp:featuredmedia":[{"embeddable":true,"href":"https:\/\/www.diarioimagen.net\/index.php?rest_route=\/wp\/v2\/media\/436735"}],"wp:attachment":[{"href":"https:\/\/www.diarioimagen.net\/index.php?rest_route=%2Fwp%2Fv2%2Fmedia&parent=436665"}],"wp:term":[{"taxonomy":"category","embeddable":true,"href":"https:\/\/www.diarioimagen.net\/index.php?rest_route=%2Fwp%2Fv2%2Fcategories&post=436665"},{"taxonomy":"post_tag","embeddable":true,"href":"https:\/\/www.diarioimagen.net\/index.php?rest_route=%2Fwp%2Fv2%2Ftags&post=436665"}],"curies":[{"name":"wp","href":"https:\/\/api.w.org\/{rel}","templated":true}]}}