{"id":436685,"date":"2019-07-26T00:12:25","date_gmt":"2019-07-26T05:12:25","guid":{"rendered":"https:\/\/www.diarioimagen.net\/?p=436685"},"modified":"2019-07-26T05:56:12","modified_gmt":"2019-07-26T10:56:12","slug":"organismos-e-instituciones-autonomas-una-moda-para-legitimar-la-simulacion-y-el-atraco-amlo","status":"publish","type":"post","link":"https:\/\/www.diarioimagen.net\/?p=436685","title":{"rendered":"Organismos e instituciones aut\u00f3nomas, una moda para legitimar la simulaci\u00f3n y el atraco: AMLO"},"content":{"rendered":"<h2>Tras la puerta del poder<\/h2>\n<h5>Roberto Vizca\u00edno<\/h5>\n<p>&nbsp;<\/p>\n<div id=\"attachment_436766\" style=\"width: 470px\" class=\"wp-caption aligncenter\"><a href=\"https:\/\/www.diarioimagen.net\/?attachment_id=436766\" rel=\"attachment wp-att-436766\"><img loading=\"lazy\" decoding=\"async\" aria-describedby=\"caption-attachment-436766\" class=\"size-large wp-image-436766\" src=\"https:\/\/www.diarioimagen.net\/wp-content\/uploads\/2019\/07\/amparado-LUIS-XAVIER-460x337.jpg\" alt=\"\" width=\"460\" height=\"337\" srcset=\"https:\/\/www.diarioimagen.net\/wp-content\/uploads\/2019\/07\/amparado-LUIS-XAVIER-460x337.jpg 460w, https:\/\/www.diarioimagen.net\/wp-content\/uploads\/2019\/07\/amparado-LUIS-XAVIER-240x176.jpg 240w, https:\/\/www.diarioimagen.net\/wp-content\/uploads\/2019\/07\/amparado-LUIS-XAVIER-768x563.jpg 768w, https:\/\/www.diarioimagen.net\/wp-content\/uploads\/2019\/07\/amparado-LUIS-XAVIER-90x65.jpg 90w, https:\/\/www.diarioimagen.net\/wp-content\/uploads\/2019\/07\/amparado-LUIS-XAVIER.jpg 1200w\" sizes=\"auto, (max-width: 460px) 100vw, 460px\" \/><\/a><p id=\"caption-attachment-436766\" class=\"wp-caption-text\">Amparado&#8230; | Luis Xavier<\/p><\/div>\n<p>&nbsp;<\/p>\n<p>Si algo define a\u00a0Andr\u00e9s Manuel L\u00f3pez Obrador,\u00a0es que no esconde lo que piensa, siente y cree.<\/p>\n<p>Y desde esa parte muy suya, est\u00e1 convencido que las instituciones y organismos aut\u00f3nomos fueron creados para simular y legitimar la corrupci\u00f3n.<\/p>\n<p>Por eso, ayer, desde su conferencia de prensa ma\u00f1anera, decret\u00f3 ya la desaparici\u00f3n del Consejo Nacional de Evaluaci\u00f3n de la Pol\u00edtica de Desarrollo Social, el Coneval, un organismo que evalu\u00f3 durante una d\u00e9cada los programas de gobierno contra la pobreza. Ya lo \u00fanico que falta es que diga con que fecha cierra.<\/p>\n<p>Bajo su l\u00f3gica, los otros organismos e instituciones aut\u00f3nomas (Cofece, INAI, CNDH o la CRE y otros) no tienen tampoco futuro dentro de su administraci\u00f3n. En los hechos, Inegi ya ha suspendido trabajos, sondeos y evaluaciones por falta de recursos.<\/p>\n<p>Es por ello que todos \u00e9stos viven en medio del asedio, las acusaciones y se\u00f1alamientos desde la Presidencia\u00a0\u00a0y la reducci\u00f3n extrema de sus presupuestos, las presiones para inducir la renuncia de sus directivos, o el asalto a sus ejecutivas con personajes impuestos por\u00a0AMLO\u00a0desde la mayor\u00eda de Morena en el Congreso.<\/p>\n<p>Eso lo que han vivido en estos \u00faltimos 7-8 meses tambi\u00e9n la Suprema Corte, el Banco de M\u00e9xico, etc.<\/p>\n<p>Ayer, luego de una pregunta que tuvo todo el corte de una inducci\u00f3n a modo desde la oficina de prensa de Presidencia sobre si pensaba desaparecer Coneval y pasar sus funciones a Inegi,\u00a0L\u00f3pez Obrador\u00a0dijo:<\/p>\n<p>\u201cNo lo descartamos\u201d.<\/p>\n<p>La interrogante sirvi\u00f3 para definir su pensamiento respecto de la creaci\u00f3n y operaci\u00f3n del resto de los organismos aut\u00f3nomos:<\/p>\n<p>\u201c&#8230; la verdad,\u00a0abusaron con la creaci\u00f3n de todos estos organismos,\u00a0crearon aparatos burocr\u00e1ticos onerosos sin beneficio&#8230;\u00a0de instituciones supuestamente aut\u00f3nomas, independientes.<\/p>\n<p>\u201cSe puso de moda todo eso\u201d, subray\u00f3.<\/p>\n<p>Y agreg\u00f3:<\/p>\n<p>\u201c\u00bfPor qu\u00e9 se opt\u00f3 por eso? Para\u00a0simular\u201d. Como ejemplo de ello puso el caso del\u00a0Instituto Nacional de la Transparencia.<\/p>\n<p>\u201cTiene un presupuesto de alrededor de\u00a0mil millones de pesos al\u00a0a\u00f1o y resulta que en la \u00e9poca de m\u00e1s corrupci\u00f3n no vieron nada, se hicieron de la vista gorda\u201d.<\/p>\n<p>Dijo que la simulaci\u00f3n es consecuencia de que sus directivos ganan entre 300 y\u00a0400 mil pesos mensuales. \u201c&#8230; se quedan calladitos, y son capaces de hacer cualquier cosa\u201d, sentenci\u00f3.<\/p>\n<p>De ah\u00ed que considere que el Coneval y los otros debieran desaparecer y ser suplidos por el Inegi, por ejemplo.<\/p>\n<p>Una vez difundida su respuesta que decreta en los hechos la pr\u00f3xima desaparici\u00f3n de Coneval, surgieron una serie de opiniones en contra que le exigieron mantener a Coneval y que expresaron preocupaci\u00f3n por los otros organismos aut\u00f3nomos.<\/p>\n<p>Dif\u00edcilmente les har\u00e1 caso.<\/p>\n<p style=\"text-align: center;\"><strong>Diputados aprueban extinci\u00f3n de dominio<\/strong><\/p>\n<p>En medio de un fuerte y sorpresivo debate, que se supon\u00eda superado, ya que la mayor\u00eda de las coordinaciones de los grupos parlamentarios hab\u00edan acordado aprobarla, en una sesi\u00f3n ex profeso y por 291 votos a favor, 114 en contra y 5 abstenciones, los diputados aprobaron el tramo final de la nueva Ley de Extinci\u00f3n de Dominio.<\/p>\n<p>La nueva ley permitir\u00e1 al gobierno agilizar la confiscaci\u00f3n de bienes y recursos, tanto de corruptos como de delincuentes, en beneficio de la poblaci\u00f3n en miseria o de bajos recursos.<\/p>\n<p style=\"text-align: center;\"><strong>El Congreso no puede intervenir<\/strong><\/p>\n<p>Interrogado por en\u00e9sima vez sobre el caso de la extensi\u00f3n de mandato de 2 a 5 a\u00f1os en Baja California,\u00a0Mart\u00ed Batres, presidente del Senado, revel\u00f3 ayer que orden\u00f3 un estudio jur\u00eddico sobre el caso, a fin de presentar una opini\u00f3n o conclusi\u00f3n documentada.<\/p>\n<p>\u201cDe hecho, yo encargu\u00e9 a varias \u00e1reas un an\u00e1lisis jur\u00eddico sobre el tema, para poder determinar con precisi\u00f3n y sin especulaci\u00f3n la forma en que puede el Senado atender esta problem\u00e1tica, y poder responder a los debates internos o externos que se puedan suscitar\u201d, subray\u00f3.<\/p>\n<p>\u00bfY en que van esos an\u00e1lisis?<\/p>\n<p>Pues que no se han encontrado elementos que le permitan al Senado (ni a los diputados federales) intervenir en el caso, dijo.<\/p>\n<p>De entrada, asegur\u00f3, no existen elementos para una controversia constitucional, ya que \u00e9sta es v\u00e1lida, existe una invasi\u00f3n de facultades y \u00e9ste no es el caso. Modificar plazos de gobierno es facultad de los congresos locales y no del federal.<\/p>\n<p>Tampoco se da la inconstitucionalidad. Porque el Senado no est\u00e1 incluido entre los actores que pueden intervenir en lo local, subray\u00f3.<\/p>\n<p>Eso si lo pueden hacer la Comisi\u00f3n Nacional de los Derechos Humanos, un porcentaje de los legisladores locales o las directivas de los partidos pol\u00edticos o la Consejer\u00eda Jur\u00eddica del Gobierno Federal.<\/p>\n<p>Por ah\u00ed hay una serie de opciones, pero no por el Congreso, indic\u00f3.<\/p>\n<p>De igual forma, lo puede hacer la Fiscal\u00eda General de la Rep\u00fablica.<\/p>\n<p>Tampoco procede la declaraci\u00f3n de desaparici\u00f3n de poderes, porque no es el caso, a menos que se considere que la reforma de extensi\u00f3n de mandato aprobada en favor de\u00a0Jaime Bonilla\u00a0es una violaci\u00f3n grave a la Constituci\u00f3n.<\/p>\n<p>En eso va\u00a0Batres.<\/p>\n<p style=\"text-align: center;\"><strong>Visita al Senado<\/strong><\/p>\n<p>Por cierto, encabezados por\u00a0Batres\u00a0un grupo de senadores recibi\u00f3 y convers\u00f3 ayer con el l\u00edder del llamado movimiento Francia Insumisa,\u00a0Jean-Luc M\u00e9lenchon.<\/p>\n<p>Personaje no relevante de la izquierda francesa de los a\u00f1os recientes, el pol\u00edtico socialista consider\u00f3 que los mexicanos \u201ctienen (hoy) una responsabilidad inmensa, porque han empezado la Cuarta Transformaci\u00f3n. Eso no es una consigna de comunicaci\u00f3n, es una pol\u00edtica global y necesitamos su \u00e9xito, porque si no de nuevo van a decir que no se puede cambiar nada\u201d.<\/p>\n<p>El triunfo de\u00a0Andr\u00e9s Manuel L\u00f3pez Obrador\u00a0es el resultado, dijo, de una revoluci\u00f3n ciudadana.<\/p>\n<p>\u201cEstamos en un momento clave de la historia y en este momento surge el caso mexicano: una cosa incre\u00edble, nuca vista en otra parte del mundo, un proceso de revoluci\u00f3n ciudadana\u201d, precis\u00f3.<\/p>\n<p>Indic\u00f3 que la llamada \u201ceconom\u00eda moral\u201d, planteada por\u00a0AMLO, \u201cno es otra cosa que una manera de vivir juntos, que tiene el objetivo de vivir, no producir para producir. No vivimos para esto\u201d.<\/p>\n<p>En Europa, afirm\u00f3, es impresionante el n\u00famero de pobres, porque el Estado de Bienestar Social ya es un recuerdo.<\/p>\n<p>\u201cLo destruyeron, lo saquearon hasta en mi pa\u00eds. Tenemos 9 millones de pobres en Francia y 14 millones en Alemania, que son las potencias m\u00e1s adelantadas econ\u00f3micamente en Europa\u201d.<\/p>\n<p>En el encuentro participaron los sanadores Ifigenia Mart\u00ednez Hern\u00e1ndez, Bertha Alicia Caraveo Camarena, Cecilia Margarita S\u00e1nchez Garc\u00eda, Roc\u00edo Adriana Abreu Arti\u00f1ano, Napole\u00f3n G\u00f3mez Urrutia, Jos\u00e9 Luis Pech V\u00e1rguez, Crist\u00f3bal Arias Sol\u00eds, Rub\u00e9n Rocha Moya, Daniel Guti\u00e9rrez Castorena, de Morena, y Marcela Mora Arellano, del PES.<\/p>\n<p><em><a href=\"mailto:rvizcainoa@gmail.com\" target=\"_blank\" rel=\"noopener noreferrer\">rvizcainoa@gmail.com<\/a><br \/>\n<u><a href=\"http:\/\/endirecto.mx\" target=\"_blank\" rel=\"noopener noreferrer\">www.endirecto.mx<\/a><br \/>\n<a href=\"https:\/\/twitter.com\/_rvizcaino\" target=\"_blank\" rel=\"noopener noreferrer\">@_RVizcaino<\/a><br \/>\n<a href=\"https:\/\/www.facebook.com\/rvizcainoa\" target=\"_blank\" rel=\"noopener noreferrer\">facebook.com\/rvizcainoa<\/a><\/u><\/em><\/p>\n","protected":false},"excerpt":{"rendered":"<p><span style=\"color: #005497;\"><strong>Roberto Vizca\u00edno<\/strong><\/span><br \/>\n<br \/>\nSi algo define a\u00a0Andr\u00e9s Manuel L\u00f3pez Obrador,\u00a0es que no esconde lo que piensa, siente y cree.\u00a0<\/p>\n","protected":false},"author":3,"featured_media":436766,"comment_status":"open","ping_status":"open","sticky":false,"template":"","format":"standard","meta":{"_monsterinsights_skip_tracking":false,"_monsterinsights_sitenote_active":false,"_monsterinsights_sitenote_note":"","_monsterinsights_sitenote_category":0,"footnotes":""},"categories":[136],"tags":[43674,93,94],"class_list":["post-436685","post","type-post","status-publish","format-standard","has-post-thumbnail","hentry","category-roberto-vizcaino-opinion","tag-opinion","tag-roberto-vizcaino","tag-tras-la-puerta-del-poder"],"_links":{"self":[{"href":"https:\/\/www.diarioimagen.net\/index.php?rest_route=\/wp\/v2\/posts\/436685","targetHints":{"allow":["GET"]}}],"collection":[{"href":"https:\/\/www.diarioimagen.net\/index.php?rest_route=\/wp\/v2\/posts"}],"about":[{"href":"https:\/\/www.diarioimagen.net\/index.php?rest_route=\/wp\/v2\/types\/post"}],"author":[{"embeddable":true,"href":"https:\/\/www.diarioimagen.net\/index.php?rest_route=\/wp\/v2\/users\/3"}],"replies":[{"embeddable":true,"href":"https:\/\/www.diarioimagen.net\/index.php?rest_route=%2Fwp%2Fv2%2Fcomments&post=436685"}],"version-history":[{"count":0,"href":"https:\/\/www.diarioimagen.net\/index.php?rest_route=\/wp\/v2\/posts\/436685\/revisions"}],"wp:featuredmedia":[{"embeddable":true,"href":"https:\/\/www.diarioimagen.net\/index.php?rest_route=\/wp\/v2\/media\/436766"}],"wp:attachment":[{"href":"https:\/\/www.diarioimagen.net\/index.php?rest_route=%2Fwp%2Fv2%2Fmedia&parent=436685"}],"wp:term":[{"taxonomy":"category","embeddable":true,"href":"https:\/\/www.diarioimagen.net\/index.php?rest_route=%2Fwp%2Fv2%2Fcategories&post=436685"},{"taxonomy":"post_tag","embeddable":true,"href":"https:\/\/www.diarioimagen.net\/index.php?rest_route=%2Fwp%2Fv2%2Ftags&post=436685"}],"curies":[{"name":"wp","href":"https:\/\/api.w.org\/{rel}","templated":true}]}}