{"id":436693,"date":"2019-07-26T00:04:11","date_gmt":"2019-07-26T05:04:11","guid":{"rendered":"https:\/\/www.diarioimagen.net\/?p=436693"},"modified":"2019-07-26T03:16:45","modified_gmt":"2019-07-26T08:16:45","slug":"le-llueve-en-su-milpa-a-romero-deschamps","status":"publish","type":"post","link":"https:\/\/www.diarioimagen.net\/?p=436693","title":{"rendered":"Le llueve en su milpa a Romero Deschamps"},"content":{"rendered":"<h2>Punto por punto<\/h2>\n<h5>Augusto Corro<\/h5>\n<p>&nbsp;<\/p>\n<p>En una reuni\u00f3n de delegados disidentes se aprob\u00f3 la expulsi\u00f3n de Carlos Romero Deschamps, como secretario general del Sindicato Petrolero.<\/p>\n<p>La permanencia del dirigente fue sometida a votaci\u00f3n en una Convenci\u00f3n Nacional Extraordinaria del Sindicato de Trabajadores Petroleros de la Rep\u00fablica Mexicana (STPRM). El l\u00edder opositor, Sergio Carlos Morales Quintana, fue designado para sustituir a Romero Deschamps en el cargo de secretario general.<\/p>\n<p>A la convenci\u00f3n asistieron representantes de las 36 secciones del sindicato petrolero.<\/p>\n<p>Ahora, los disidentes solicitar\u00e1n el\u00a0 reconocimiento de las autoridades laborales a las acciones realizadas para expulsar al jeque petrolero.\u00a0 Cabe se\u00f1alar, que los representantes del Sindicato Petrolero revisan su contrato colectivo de trabajo con la empresa Petr\u00f3leos Mexicanos (Pemex).<\/p>\n<p>Como se\u00f1alamos en este espacio, el citado jeque y su familia fueron acusados ante la Fiscal\u00eda General de la Rep\u00fablica (FGR) por los delitos de lavado de dinero y enriquecimiento il\u00edcito.<\/p>\n<p>En la ma\u00f1ana se conoci\u00f3 la denuncia y por la tarde, Romero Deschamps ya ten\u00eda en la bolsa el respectivo amparo para evitar que fuera detenido por las autoridades.<\/p>\n<p>En fin, el jeque seguir\u00e1 en el ojo del hurac\u00e1n. Cabe preguntar si la Secretar\u00eda del Trabajo aprobar\u00e1 las acciones emprendidas por los disidentes petroleros o pasar\u00e1 lo de siempre: el perd\u00f3n y borr\u00f3n y cuenta nueva al casi eterno l\u00edder, Romero Deschamps. \u00bfUsted que\u00a0 opina amable lector?<\/p>\n<p style=\"text-align: center;\"><strong>LA CAPITAL, \u00bf\u201cPARA\u00cdSO\u201d DE LA DELINCUENCIA?<\/strong><\/p>\n<p>Delincuentes de diferentes partes del mundo se encuentran en la Ciudad de M\u00e9xico, en lo que parece el \u201cpara\u00edso\u201d para asaltar, extorsionar, secuestrar y asesinar. Y como si lo anterior no fuera suficiente, los hampones participan en el narcotr\u00e1fico.<\/p>\n<p>Parece que las autoridades migratorias no tienen el suficiente inter\u00e9s para conocer los datos de los extranjeros que solicitan visas para ingresar a M\u00e9xico, como turistas o con el prop\u00f3sito de quedarse a vivir.<\/p>\n<p>No me refiero a los migrantes centroamericanos que llegan en oleadas. Hablo de extranjeros de otros pa\u00edses, que llegan a nuestro territorio con la idea de delinquir, porque saben que nuestras leyes y polic\u00edas: Las primeras porque son laxas y los representantes de la ley no tienen la capacidad para perseguirlos, pues son ineptas.<\/p>\n<p>Vamos a los ejemplos. El mi\u00e9rcoles en la tarde se cometi\u00f3 un doble homicidio en la Plaza Artz Pedregal, en la zona sur de la capital.<\/p>\n<p>Dos personas fueron asesinadas mientras com\u00edan en un restaurante de lujo. La presunta homicida fue detenida y puesta a disposici\u00f3n de las autoridades. Se trata de Esperanza \u201cN\u201d, quien dijo que se trat\u00f3 de una venganza pasional. Esta versi\u00f3n fue descartada por los investigadores.<\/p>\n<p>El jueves en la ma\u00f1ana se supo que las dos personas que perecieron eran israel\u00edes con antecedentes penales en su tierra y aqu\u00ed en M\u00e9xico. Respond\u00edan a los nombres de Azulay Alon y Jony Ben.<\/p>\n<p>Las l\u00edneas de investigaci\u00f3n implican a sujetos relacionados con el narcotr\u00e1fico y el contrabando de armas.\u00a0 Por otra parte, ocurrieron, en los \u00faltimos meses, asaltos a residencias y actos de extorsi\u00f3n en los que tienen una participaci\u00f3n importante los colombianos radicados en M\u00e9xico.<\/p>\n<p>Claro, no todos son delincuentes, hay sus excepciones, pero m\u00e1s de una banda de ladrones fueron detenidos por la polic\u00eda.\u00a0 \u00bfM\u00e9xico es el \u201cpara\u00edso\u201d anhelado por la delincuencia organizada?<\/p>\n<p style=\"text-align: center;\"><strong>EL CASO RONQUILLO<\/strong><\/p>\n<p>El universitario Norberto Ronquillo Hern\u00e1ndez fue secuestrado el 4 de junio y su cuerpo fue encontrado en un paraje de la alcald\u00eda Xochimilco.<\/p>\n<p>A partir de esa fecha se iniciaron las investigaciones con resultados poco convincentes. Primero se habl\u00f3 de una deuda del joven; despu\u00e9s de una venganza.<\/p>\n<p>La polic\u00eda logr\u00f3 detener ya a cuatro participantes en esos hechos. Uno de estos confes\u00f3 que una ex novia\u00a0 de Norberto, \u201cYuri\u201d es la autora intelectual del homicidio. Integraban la banda Daniel \u201cN\u201d, \u00d3scar \u201cN\u201d, \u201cEl Oso\u201d; Jos\u00e9 Emmanuel \u201cN\u201d, y Fernando \u201cN\u201d, \u201cEl Largo\u201d. Se sabe que ella estuvo inscrita hace unos a\u00f1os en la Universidad del Pedregal, donde habr\u00eda conocido a Norberto.<\/p>\n<p>En el presente, la\u00a0 joven es fugitiva desde que fueron aprehendidos los c\u00f3mplices de \u201cYuri\u201d.<\/p>\n<p>En las redes sociales aparecen los datos de la joven Yuri M. Tiene 22 a\u00f1os; viv\u00eda en Tl\u00e1huac. Estudi\u00f3 mercadotecnia en la Universidad del Pedregal. Fue novia de Norberto Ronquillo.<\/p>\n<p>Es se\u00f1alada como la persona que \u201cpuso\u201d (a Norberto) para que lo secuestraran.<\/p>\n<p style=\"text-align: right;\"><strong><em>Feliz fin de semana.<\/em><\/strong><\/p>\n<p><strong>\u00a0<\/strong><em><u><a href=\"mailto:aco2742@hotmail.com\" target=\"_blank\" rel=\"noopener noreferrer\">aco2742@hotmail.com<\/a><\/u><\/em><\/p>\n","protected":false},"excerpt":{"rendered":"<p><span style=\"color: #005497;\"><strong>Augusto Corro<\/strong><\/span><\/p>\n","protected":false},"author":3,"featured_media":0,"comment_status":"open","ping_status":"open","sticky":false,"template":"","format":"standard","meta":{"_monsterinsights_skip_tracking":false,"_monsterinsights_sitenote_active":false,"_monsterinsights_sitenote_note":"","_monsterinsights_sitenote_category":0,"footnotes":""},"categories":[157],"tags":[43686,43674,11515],"class_list":["post-436693","post","type-post","status-publish","format-standard","hentry","category-augusto-corro","tag-augusto-corro","tag-opinion","tag-punto-por-punto"],"_links":{"self":[{"href":"https:\/\/www.diarioimagen.net\/index.php?rest_route=\/wp\/v2\/posts\/436693","targetHints":{"allow":["GET"]}}],"collection":[{"href":"https:\/\/www.diarioimagen.net\/index.php?rest_route=\/wp\/v2\/posts"}],"about":[{"href":"https:\/\/www.diarioimagen.net\/index.php?rest_route=\/wp\/v2\/types\/post"}],"author":[{"embeddable":true,"href":"https:\/\/www.diarioimagen.net\/index.php?rest_route=\/wp\/v2\/users\/3"}],"replies":[{"embeddable":true,"href":"https:\/\/www.diarioimagen.net\/index.php?rest_route=%2Fwp%2Fv2%2Fcomments&post=436693"}],"version-history":[{"count":0,"href":"https:\/\/www.diarioimagen.net\/index.php?rest_route=\/wp\/v2\/posts\/436693\/revisions"}],"wp:attachment":[{"href":"https:\/\/www.diarioimagen.net\/index.php?rest_route=%2Fwp%2Fv2%2Fmedia&parent=436693"}],"wp:term":[{"taxonomy":"category","embeddable":true,"href":"https:\/\/www.diarioimagen.net\/index.php?rest_route=%2Fwp%2Fv2%2Fcategories&post=436693"},{"taxonomy":"post_tag","embeddable":true,"href":"https:\/\/www.diarioimagen.net\/index.php?rest_route=%2Fwp%2Fv2%2Ftags&post=436693"}],"curies":[{"name":"wp","href":"https:\/\/api.w.org\/{rel}","templated":true}]}}