{"id":436704,"date":"2019-07-26T00:08:47","date_gmt":"2019-07-26T05:08:47","guid":{"rendered":"https:\/\/www.diarioimagen.net\/?p=436704"},"modified":"2019-07-26T03:27:34","modified_gmt":"2019-07-26T08:27:34","slug":"el-mayor-numero-de-homicidios-en-el-sexenio-de-pena-nieto","status":"publish","type":"post","link":"https:\/\/www.diarioimagen.net\/?p=436704","title":{"rendered":"El mayor n\u00famero de homicidios, en el sexenio de Pe\u00f1a Nieto"},"content":{"rendered":"<h2>Clase Pol\u00edtica<\/h2>\n<h5>Miguel \u00c1ngel Rivera<\/h5>\n<p>&nbsp;<\/p>\n<p>Miguel \u00c1ngel Rivera.\u2013 M\u00e1s malos resultados para M\u00e9xico, pero en este caso no se puede responsabilizar al gobierno de la llamada Cuarta Transformaci\u00f3n, pues en todo caso durante el a\u00f1o anterior estuvo al frente del pa\u00eds s\u00f3lo durante un mes, aunque asumi\u00f3 muchas responsabilidades desde julio.<\/p>\n<p>De acuerdo con datos preliminares del Instituto Nacional de Estad\u00edstica y Geograf\u00eda (INEGI), en 2018 se registraron 35 mil 964 homicidios en M\u00e9xico, la mayor cifra desde 1990, cuando inici\u00f3 el registro de este indicador. Este n\u00famero implica un crecimiento de 12.1 por ciento respecto a los 32 mil 79 registrados en 2017.<\/p>\n<p>Esto resultados preliminares indican que se registraron de 29 homicidios por cada 100 mil habitantes a nivel nacional, tasa que es superior a la registrada en 2017, cuando fue de 26 homicidios por cada 100 mil habitantes.<\/p>\n<p>El INEGI indic\u00f3 asimismo que, de 2013 a 2018, o sea el sexenio que encabez\u00f3 el ex presidente Enrique Pe\u00f1a Nieto, la cifra de homicidios en M\u00e9xico alcanz\u00f3 156 mil 437, lo cual rebasa en 34 mil 824 casos a los 121 mil 613 homicidios registrados de 2007 a 2012, periodo del gobierno del ex presidente Felipe Calder\u00f3n, y m\u00e1s del doble que los 60 mil 162 homicidios registrados de 2001 a 2006, durante el sexenio de Vicente Fox.<\/p>\n<p>Ante estos resultados, el titular del INEGI, Julio Santaella, escribi\u00f3 en redes sociales: \u201cHomicidios medidos por cada 100 mil habitantes, la tasa de homicidios pas\u00f3 de 26 en 2017 a 29 en 2018, la mayor tasa desde que se tiene registro\u201d.<\/p>\n<p>El recuento por entidad federativa establece que, en 2018, el mayor n\u00famero de homicidios se registr\u00f3 en Guanajuato, con 3 mil 493 casos, seguido del Estado de M\u00e9xico, 3 mil 135 y Chihuahua, 2 mil 957. Por el contrario, las entidades con menor cantidad de homicidios durante el a\u00f1o pasado fueron: Yucat\u00e1n con 58, Campeche 78 y Aguascalientes 82.<\/p>\n<p>De acuerdo con el mencionado recuento del INEGI, de los 35 mil 964 homicidios registrados en 2018, 32 mil 141 corresponden a hombres (89.4 por ciento), mientras que s\u00f3lo 3 mil 663 eran mujeres (10.2 por ciento) y en 160 casos no se especific\u00f3 el sexo (0.4 por ciento).<\/p>\n<p>El recuento del Instituto se realiza cada mes a partir de las defunciones reportadas por los registros administrativos de defunciones accidentales y violentas de las entidades federativas, entre los cuales se imncluyen 463 oficial\u00edas del Registro Civil, 276 agencias del Ministerio P\u00fablico y de 113 Servicios M\u00e9dicos Forenses.<\/p>\n<p><strong>La Cosecha<\/strong><\/p>\n<p>El \u201calbazo\u201d de los diputados de Baja California para ampliar de dos a cinco a\u00f1os el periodo del pr\u00f3ximo gobernador, puso de manifiesto que hay notables divisiones al interior del partido en el gobierno, Morena, o que sus legisladores han actuado con falsedad al condenar en apariencia ese grave ataque a los principios democr\u00e1ticos.<\/p>\n<p>Para no variar, estas sospechas las sustent\u00f3 o fortaleci\u00f3 la pol\u00e9mica presidenta de Morena, Yeidckol Polevnksy, quien se neg\u00f3 a sumarse a la condena general contra las maniobras de los diputados de Baja California.<\/p>\n<p>Por el contrario, Polevnksy defendi\u00f3 la ampliaci\u00f3n del per\u00edodo en Baja California: dijo que las gubernaturas de dos a\u00f1os \u201cson una desgracia\u201d y que haber mantenido ese per\u00edodo para el gobernador electo, Jaime Bonilla, no le habr\u00eda permitido hacer mucho en la administraci\u00f3n local&#8230;<\/p>\n<p>La dirigente \u201cmorena\u201d neg\u00f3 que su partido haya negociado la reforma electoral y pidi\u00f3 a los militantes no entrar en el juego del PAN, al descalificar lo ocurrido en el estado.<\/p>\n<p>La dirigente nacional de Morena dijo que la validez legal de la reforma a la Constituci\u00f3n local es competencia del Congreso de Baja California y, en \u00faltima instancia, de la Suprema Corte de Justicia y aclar\u00f3 que Morena no presentar\u00e1 ning\u00fan recurso legal para impugnar la reforma.<\/p>\n<p>En resumen, la presidenta de Morena expuso una posici\u00f3n totalmente contraria a la que presentaron los diputados y senadores de su partido apenas un d\u00eda antes en la Comisi\u00f3n Permanente, donde condenaron la acci\u00f3n de los legisladores bajacalifornianos y ofrecieron respaldar las acciones legislativas y judiciales a que haya lugar para dejar sin efecto el \u201calbazo\u201d.<\/p>\n<p>Las dos posibles explicaciones es que, los diputados y senadores de la Permanente est\u00e1n en un sector contrario de la presidenta Polevnsky, quien por cierto intenta ampliar su mandato, que termina en noviembre venidero. La otra es que los legisladores participan de un enga\u00f1o de grandes dimensiones, para poner a prueba la posibilidad de ampliar el periodo del Presidente de la Rep\u00fablica, aunque el primer mandatario, Andr\u00e9s Manuel L\u00f3pez Obrador, firm\u00f3 ante notario una declaraci\u00f3n en la que asegura que no buscar\u00e1 ser reelecto.<\/p>\n<p>Mientras tanto, con 420 votos a favor, diez en contra y nueve abstenciones, el pleno de la C\u00e1mara de Diputados aprob\u00f3 en lo general los nuevos procedimientos de car\u00e1cter civil para el aseguramiento, disposici\u00f3n, uso, usufructo y enajenaci\u00f3n de los bienes derivados de actividades il\u00edcitas, conocida como ley de extinci\u00f3n de dominio.\u00a0 A favor del dictamen votaron los grupos parlamentarios de Morena, PAN, PES, PT, MC y PVEM, as\u00ed como algunos legisladores del PRI y la bancada de ex perredistas, hoy sin partido. La fracci\u00f3n del PRD y el pesista Ricardo de la Pe\u00f1a se pronunciaron en contra. Otros ocho priistas, as\u00ed como Adriana Teissier, del PES, se abstuvieron al advertir el riesgo de incautar bienes a personas inocentes y por considerar que se deja a discreci\u00f3n del Ejecutivo el destino de los recursos sujetos a extinci\u00f3n de dominio.<\/p>\n<p>Esto, porque los bienes en proceso de extinci\u00f3n de dominio podr\u00e1n destinarse en forma anticipada para el servicio p\u00fablico, para programas sociales y otras pol\u00edticas p\u00fablicas prioritarias, seg\u00fan lo determine el gabinete social del Ejecutivo Federal.<\/p>\n<p>Adem\u00e1s, el fiscal general de la Rep\u00fablica deber\u00e1 presentar al Senado un informe anual respecto al n\u00famero de juicios de extinci\u00f3n de dominio en tr\u00e1mite, sentencias emitidas en la materia, valor estimado de los bienes sujetos a extinci\u00f3n de dominio, ingresos obtenidos en los juicios respectivos, adem\u00e1s de las solicitudes de cooperaci\u00f3n internacional y asuntos de desistimiento.<\/p>\n<p>El Consejo de Ministros de Espa\u00f1a consider\u00f3 v\u00e1lidas las razones y las pruebas presentadas por el gobierno de M\u00e9xico para que se conceda la extradici\u00f3n formal del empresario Alonso Ancira, presidente de Altos Hornos de M\u00e9xico (AHMSA).<\/p>\n<p>La decisi\u00f3n del Consejo la confirm\u00f3 la subdirectora de Cooperaci\u00f3n Internacional del Ministerio de Justicia de Espa\u00f1a, por lo que se fij\u00f3 audiencia para el pr\u00f3ximo 30 de julio, prevista en el art\u00edculo 12 de la Ley de Extradici\u00f3n Pasiva, en la que se solicitar\u00e1 al empresario que manifieste si accede o no a la extradici\u00f3n, inform\u00f3 la\u00a0FGR.<\/p>\n<p>La demanda la fundament\u00f3 la Fiscal\u00eda General de la Rep\u00fablica (FGR), la cual confirm\u00f3 que la solicitud formal de extradici\u00f3n y sus anexos ya fueron enviados al Juzgado Central de Instrucci\u00f3n Uno para continuar con el procedimiento contra de Ancira, acusado de da\u00f1o patrimonial a Pemex por la compra-venta de la planta Agro-Nitrogenados.<\/p>\n<p>En el otro extremo, tambi\u00e9n vinculada con el caso de la compra-venta de la mencionada planta de fertilizantes, est\u00e1 Gilda Margarita Austin y Sol\u00eds, madre del ex director de Pemex, Emilio Lozoya, contra la cual se gir\u00f3 orden de aprehensi\u00f3n, pero debido a que los delitos que se le imputan no son graves ni ameritan prisi\u00f3n preventiva oficiosa, el juez D\u00e9cimo de Distrito de Amparo en Materia Penal, Patricio Leopoldo Vargas Alarc\u00f3n, le concedi\u00f3 suspensi\u00f3n definitiva, pero fij\u00f3 un plazo de cinco d\u00edas para el pago de una garant\u00eda por 4 mil 500 pesos.<\/p>\n<p>Una noche antes, el abogado de la acusada, Javier Coello Trejo, revel\u00f3 que su cliente hab\u00eda sido detenida en Alemania, pa\u00eds en donde estaba de vacaciones acompa\u00f1ada por sus nietos. Las declaraciones del presidente de los Estados Unidos, Donald Trump, de reconocimiento a M\u00e9xico por el despliegue de la Guardia Nacional en la frontera, fueron bien recibidas en nuestro pa\u00eds, pero no en todos los pa\u00edses de Centroam\u00e9rica.<\/p>\n<p>Esta situaci\u00f3n potencialmente conflictiva la resiente personalmente el presidente municipal de Ciudad Ju\u00e1rez, Armando Cabada, recientemente elegido presidente de la Organizaci\u00f3n Latinoamericana y Caribe\u00f1a de Ciudades fronterizas, que tiene como misi\u00f3n central buscar soliciones a la crisis migratoria de la regi\u00f3n.<\/p>\n<p><em><a href=\"mailto:riverapaz@infinitummail.com\" target=\"_blank\" rel=\"noopener noreferrer\">riverapaz@infinitummail.com<\/a><\/em><\/p>\n","protected":false},"excerpt":{"rendered":"<p><span style=\"color: #005497;\"><strong>Miguel \u00c1ngel Rivera<\/strong><\/span><\/p>\n","protected":false},"author":3,"featured_media":0,"comment_status":"open","ping_status":"open","sticky":false,"template":"","format":"standard","meta":{"_monsterinsights_skip_tracking":false,"_monsterinsights_sitenote_active":false,"_monsterinsights_sitenote_note":"","_monsterinsights_sitenote_category":0,"footnotes":""},"categories":[84119],"tags":[84120,84121,43674],"class_list":["post-436704","post","type-post","status-publish","format-standard","hentry","category-miguel-angel-rivera","tag-clase-politica","tag-miguel-angel-rivera","tag-opinion"],"_links":{"self":[{"href":"https:\/\/www.diarioimagen.net\/index.php?rest_route=\/wp\/v2\/posts\/436704","targetHints":{"allow":["GET"]}}],"collection":[{"href":"https:\/\/www.diarioimagen.net\/index.php?rest_route=\/wp\/v2\/posts"}],"about":[{"href":"https:\/\/www.diarioimagen.net\/index.php?rest_route=\/wp\/v2\/types\/post"}],"author":[{"embeddable":true,"href":"https:\/\/www.diarioimagen.net\/index.php?rest_route=\/wp\/v2\/users\/3"}],"replies":[{"embeddable":true,"href":"https:\/\/www.diarioimagen.net\/index.php?rest_route=%2Fwp%2Fv2%2Fcomments&post=436704"}],"version-history":[{"count":0,"href":"https:\/\/www.diarioimagen.net\/index.php?rest_route=\/wp\/v2\/posts\/436704\/revisions"}],"wp:attachment":[{"href":"https:\/\/www.diarioimagen.net\/index.php?rest_route=%2Fwp%2Fv2%2Fmedia&parent=436704"}],"wp:term":[{"taxonomy":"category","embeddable":true,"href":"https:\/\/www.diarioimagen.net\/index.php?rest_route=%2Fwp%2Fv2%2Fcategories&post=436704"},{"taxonomy":"post_tag","embeddable":true,"href":"https:\/\/www.diarioimagen.net\/index.php?rest_route=%2Fwp%2Fv2%2Ftags&post=436704"}],"curies":[{"name":"wp","href":"https:\/\/api.w.org\/{rel}","templated":true}]}}