{"id":436722,"date":"2019-07-26T00:02:09","date_gmt":"2019-07-26T05:02:09","guid":{"rendered":"https:\/\/www.diarioimagen.net\/?p=436722"},"modified":"2019-07-26T04:26:04","modified_gmt":"2019-07-26T09:26:04","slug":"ley-bonilla-deja-muchos-muertos-en-el-camino","status":"publish","type":"post","link":"https:\/\/www.diarioimagen.net\/?p=436722","title":{"rendered":"\u201cLey Bonilla\u201d deja muchos \u201cmuertos\u201d en el camino"},"content":{"rendered":"<h2>La Retaguardia<\/h2>\n<h5>Adriana Moreno Cordero<\/h5>\n<p><em>\u00a0<\/em><\/p>\n<ul>\n<li><strong><em>Yeidckol ve peligrar su cabeza<\/em><\/strong><\/li>\n<li><strong><em>Amespre apoya campa\u00f1a para activar IMEI en celulares<\/em><\/strong><\/li>\n<\/ul>\n<p>&nbsp;<\/p>\n<p>El tema de la semana fue sin duda, la ya famos\u00edsima <strong>Ley Bonilla<\/strong>, que va dejando muchos \u201cmuertos\u201d en el camino, pues aunque el gobernador electo de Baja California es el centro de este debate, los conflictos entre partidos -externos e internos-, han llegado a grado tal que hasta la dirigente de la \u201caplanadora\u201d de Morena, <strong>Yeidckol Polevnsky<\/strong>, ve como su cabeza pende de un hilo cada vez m\u00e1s delgado, mientras que el PAN, por su parte, se la pasa anuncie y anuncie que va a tomar medidas en contra de los legisladores que votaron a favor de extender el per\u00edodo de gesti\u00f3n gubernamental a <strong>Jaime Bonilla<\/strong> y nada m\u00e1s no pasan de ah\u00ed, al tiempo que el PRI, si bien en el centro del pa\u00eds se\u00f1ala y critica una medida anticonsitucional, los diputados locales que votaron a favor de dicha Ley , ahora guardan un silencio que deja mucho que desear.<\/p>\n<p>A la l\u00edder de morena, se le ha ido el tiempo en defenderse, sobre todo ante las versiones de que ella, junto con la a\u00fan secretaria de Gobernaci\u00f3n, <strong>Olga S\u00e1nchez Cordero<\/strong>, habr\u00eda negociado el regalo a Bonilla. \u00a1Qui\u00e9n lo dir\u00eda!, en el caso de las elecciones extraordinarias de Puebla, tanto que se \u201cpar\u00f3 el cuello\u201d la dirigente morenista apoyando hasta el fondo y contra todo a <strong>Luis Miguel Barbosa<\/strong>\u00a0 y respecto a Baja California, niega haber desplegado cualquier acci\u00f3n pero eso s\u00ed,\u00a0 ni tarda ni perezosa se sum\u00f3 a los argumentos del diputado local de su partido, <strong>V\u00edctor Mor\u00e1n<\/strong>, toda una \u201cfichita\u201d que fue el art\u00edfice de esta clara y arbitraria violaci\u00f3n, argumentando que de lo que se trata es de evitar el gasto de dos elecciones.<\/p>\n<p>Entonces, aqu\u00ed valdr\u00eda la pena preguntar: \u00bfqu\u00e9 habr\u00eda ocurrido si <strong>Miguel \u00c1ngel Yunes<\/strong> en Veracruz o a <strong>Antonio Gali<\/strong>, en Puebla hubieran tenido la feliz idea de hacer lo mismo que Jaime Bonilla?, pues de seguro el presidente <strong>Andr\u00e9s Manuel L\u00f3pez Obrador<\/strong> y su partido, hubieran puesto \u201cel grito en el cielo\u201d; habr\u00edan tomado vialidades para instalarse en campamento y hubieran calificado de antidemocr\u00e1ticos y autoritarios a los panistas, pero como este \u201cenjuague\u201d provino de parte del partido en el poder, pues el tabasque\u00f1o se \u201clava las manos\u201d de fea manera y dice que \u00e9l no se mete porque ahora las cosas ya no son como en el pasado, pero sin embargo, est\u00e1 muy pendiente de que su muy amigo, -con antecedentes de presuntamente haber extorsionado a jugadores de beisbol-, pueda gobernar cinco y no dos a\u00f1os.<\/p>\n<p>Lo deseable en este tema es que ojal\u00e1 y <strong>Cuauht\u00e9moc C\u00e1rdenas<\/strong> tenga raz\u00f3n. El ingeniero asegura que la Suprema Corte de Justicia de la Naci\u00f3n, resolver\u00e1 en tiempo y forma este expediente y no permitir\u00e1 que se concrete esta arbitrariedad en Baja California, porque de lo contrario, \u201cla Suprema Corte se caer\u00eda\u201d.<\/p>\n<p style=\"text-align: center;\"><strong>MUNICIONES<\/strong><\/p>\n<p>*** La Asociaci\u00f3n Mexicana de Empresas de Servicios Prendarios AC (Amespre),\u00a0 la Secretar\u00eda de Seguridad Ciudadana de la Ciudad de M\u00e9xico (SSC) y la Procuradur\u00eda Federal del Consumidor (Profeco), pusieron en marcha una campa\u00f1a de difusi\u00f3n, cuyo prop\u00f3sito es disminuir al m\u00e1ximo posible el robo de tel\u00e9fonos celulares y evitar la comercializaci\u00f3n de equipos m\u00f3viles en el mercado negro. De lo que se trata, es de elevar a valor cero los art\u00edculos robados y que las Casas de Empe\u00f1o no compren celulares robados, ya que \u00e9ste, es un problema que se ha ido agravando. En M\u00e9xico, de acuerdo a datos aportados por <strong>Joel Rodr\u00edguez<\/strong>, director de Amespre, existen 121 millones de l\u00edneas telef\u00f3nicas y en realidad son pocos los usuarios que conocen el IMEI (International Mobile Equipment Identity), que es un identificador \u00fanico para cada equipo que se puede conocer digitando en el celular <strong>*#06#<\/strong> y se trata de un n\u00famero formado por 15 d\u00edgitos y es indispensable primero registrarlo y darlo en la compa\u00f1\u00eda telef\u00f3nica en la que se est\u00e9 inscrito, en casos de reparaci\u00f3n, garant\u00edas o robo y en este \u00faltimo caso, el aparato quede inutilizado. Dicha serie est\u00e1 en el tel\u00e9fono y se encuentra pregrabado en los m\u00f3viles GSM y adem\u00e1s, se puede ver al reverso de la pila del aparato. Joel Rodr\u00edguez reiter\u00f3, por otro lado, que uno de los temas m\u00e1s importantes para AMESPRE, es la seguridad de que las operaciones que se realizan en las Casas de Empe\u00f1o afiliadas a dicha Asociaci\u00f3n, sean seguras y los usuarios cuenten con toda la informaci\u00f3n necesaria.<\/p>\n<p>*** Durante su participaci\u00f3n, el secretario de Seguridad Ciudadana del gobierno de la CDMX<strong>, Jes\u00fas Orta<\/strong>, destac\u00f3 que como parte de esta estrategia conjunta, hoy, la dependencia a su cargo iniciar\u00e1 con operativo en diferentes tianguis de la capital en las 16 alcald\u00edas, para detectar a quienes se dedican a vender celulares robados y eliminar de esta manera el mercado negro de este tipo de aparatos. Se\u00f1al\u00f3 que tan s\u00f3lo en el Sistema de Transporte Colectivo Metro, han sido capturadas 40 bandas dedicadas al robo de celulares; sin embargo, muchos de sus integrantes se encuentran en libertad, debido a la figura jur\u00eddica denominada <em>mediaci\u00f3n<\/em>, misma que permite reparar el da\u00f1o y dejar sin efecto el delito. Asimismo inform\u00f3 que se trabaja ya en un proyecto que permitir\u00e1 simplificar la denuncia del robo de celular y que no necesariamente se requerir\u00e1 la presencia del afectado.<\/p>\n<p>*** No, bueno, los diputados que integran esta LXIV Legislatura ya pueden vivir el resto de sus d\u00edas muy reconfortados sinti\u00e9ndose \u201ciluminados\u201d, luego de que <strong>Beatriz Guti\u00e9rrez M\u00fcller<\/strong>, les hiciera un reconocimiento, desde luego, a los legisladores que integran la bancada del partido de su marido, Morena. Palabras m\u00e1s, palabras menos, la No primera dama felicit\u00f3 a la fracci\u00f3n parlamentaria que coordina <strong>Mario Mart\u00edn Delgado<\/strong> porque desde las elecciones de 1912, \u201cno hab\u00eda existido ninguna Legislatura Democr\u00e1tica\u201d. Sobra se\u00f1alar que la se\u00f1ora Guti\u00e9rrez exalt\u00f3 que las elecciones en las que obtuvo el triunfo su esposo, fueron las primeras verdaderamente democr\u00e1ticas. \u00a1Nooo!, pues qu\u00e9 otra cosa pod\u00eda decir. No cabe duda que el diputado Delgado, es el \u201cgallo\u201d por el cual se inclina el presidente L\u00f3pez Obrador para llegar al relevo de Yeidckol Polevnsky en la dirigencia morenista.<\/p>\n<p>*** Qui\u00e9n anda dando la nota es el coordinador de los diputados de Morena en el Congreso de Hidalgo, <strong>Ricardo Baptista Gonz\u00e1lez<\/strong>, quien hace unos d\u00edas declar\u00f3 que \u00e9l solito tiene capacidad para resolver situaciones sin solicitar mediaci\u00f3n \u201cno como otros\u201d. \u00bfA qui\u00e9nes otros se refiere el legislador?, \u00bfser\u00e1 que tras los se\u00f1alamientos que han ca\u00eddo sobre el diputado de ser un legislador faltista, ya no busca qui\u00e9n se la hizo, sino qui\u00e9n se la pague? Seg\u00fan se sabe, Baptista estar\u00eda buscando su permanencia \u00a0los tres a\u00f1os de la legislatura como presidente de la Junta de Gobierno del Congreso hidalguense, situaci\u00f3n que tiene molesto a m\u00e1s de uno quienes no comparten la iniciativa de modificar la Ley Org\u00e1nica del Poder Legislativo del Estado, \u00a0que le dar\u00eda esta posibilidad.<u><\/u><\/p>\n<p><a href=\"mailto:morcora@gmail.com\" target=\"_blank\" rel=\"noopener noreferrer\"><em>morcora@gmail.com<\/em><\/a><\/p>\n","protected":false},"excerpt":{"rendered":"<p><span style=\"color: #005497;\"><strong>Adriana Moreno Cordero<\/strong><\/span><\/p>\n","protected":false},"author":3,"featured_media":0,"comment_status":"open","ping_status":"open","sticky":false,"template":"","format":"standard","meta":{"_monsterinsights_skip_tracking":false,"_monsterinsights_sitenote_active":false,"_monsterinsights_sitenote_note":"","_monsterinsights_sitenote_category":0,"footnotes":""},"categories":[69370],"tags":[69369,69368,43674],"class_list":["post-436722","post","type-post","status-publish","format-standard","hentry","category-adriana-moreno-cordero","tag-adriana-moreno-cordero","tag-la-retaguardia","tag-opinion"],"_links":{"self":[{"href":"https:\/\/www.diarioimagen.net\/index.php?rest_route=\/wp\/v2\/posts\/436722","targetHints":{"allow":["GET"]}}],"collection":[{"href":"https:\/\/www.diarioimagen.net\/index.php?rest_route=\/wp\/v2\/posts"}],"about":[{"href":"https:\/\/www.diarioimagen.net\/index.php?rest_route=\/wp\/v2\/types\/post"}],"author":[{"embeddable":true,"href":"https:\/\/www.diarioimagen.net\/index.php?rest_route=\/wp\/v2\/users\/3"}],"replies":[{"embeddable":true,"href":"https:\/\/www.diarioimagen.net\/index.php?rest_route=%2Fwp%2Fv2%2Fcomments&post=436722"}],"version-history":[{"count":0,"href":"https:\/\/www.diarioimagen.net\/index.php?rest_route=\/wp\/v2\/posts\/436722\/revisions"}],"wp:attachment":[{"href":"https:\/\/www.diarioimagen.net\/index.php?rest_route=%2Fwp%2Fv2%2Fmedia&parent=436722"}],"wp:term":[{"taxonomy":"category","embeddable":true,"href":"https:\/\/www.diarioimagen.net\/index.php?rest_route=%2Fwp%2Fv2%2Fcategories&post=436722"},{"taxonomy":"post_tag","embeddable":true,"href":"https:\/\/www.diarioimagen.net\/index.php?rest_route=%2Fwp%2Fv2%2Ftags&post=436722"}],"curies":[{"name":"wp","href":"https:\/\/api.w.org\/{rel}","templated":true}]}}