{"id":436981,"date":"2019-07-30T00:09:47","date_gmt":"2019-07-30T05:09:47","guid":{"rendered":"https:\/\/www.diarioimagen.net\/?p=436981"},"modified":"2019-07-30T01:30:15","modified_gmt":"2019-07-30T06:30:15","slug":"presenta-naucalpan-estrategia-para-erradicacion-de-la-alerta-de-genero","status":"publish","type":"post","link":"https:\/\/www.diarioimagen.net\/?p=436981","title":{"rendered":"Presenta Naucalpan estrategia para erradicaci\u00f3n de la alerta de g\u00e9nero"},"content":{"rendered":"<ul>\n<li><strong><em>La alcaldesa Dur\u00e1n Reveles expuso m\u00e1s de 10 proyectos<\/em><\/strong><\/li>\n<\/ul>\n<p>&nbsp;<\/p>\n<div id=\"attachment_437045\" style=\"width: 470px\" class=\"wp-caption aligncenter\"><a href=\"https:\/\/www.diarioimagen.net\/?attachment_id=437045\" rel=\"attachment wp-att-437045\"><img loading=\"lazy\" decoding=\"async\" aria-describedby=\"caption-attachment-437045\" class=\"size-large wp-image-437045\" src=\"https:\/\/www.diarioimagen.net\/wp-content\/uploads\/2019\/07\/NAUCALPAN-30-460x259.jpg\" alt=\"\" width=\"460\" height=\"259\" srcset=\"https:\/\/www.diarioimagen.net\/wp-content\/uploads\/2019\/07\/NAUCALPAN-30-460x259.jpg 460w, https:\/\/www.diarioimagen.net\/wp-content\/uploads\/2019\/07\/NAUCALPAN-30-240x135.jpg 240w, https:\/\/www.diarioimagen.net\/wp-content\/uploads\/2019\/07\/NAUCALPAN-30-235x132.jpg 235w, https:\/\/www.diarioimagen.net\/wp-content\/uploads\/2019\/07\/NAUCALPAN-30-202x114.jpg 202w, https:\/\/www.diarioimagen.net\/wp-content\/uploads\/2019\/07\/NAUCALPAN-30-350x196.jpg 350w, https:\/\/www.diarioimagen.net\/wp-content\/uploads\/2019\/07\/NAUCALPAN-30-220x123.jpg 220w, https:\/\/www.diarioimagen.net\/wp-content\/uploads\/2019\/07\/NAUCALPAN-30-237x132.jpg 237w, https:\/\/www.diarioimagen.net\/wp-content\/uploads\/2019\/07\/NAUCALPAN-30.jpg 480w\" sizes=\"auto, (max-width: 460px) 100vw, 460px\" \/><\/a><p id=\"caption-attachment-437045\" class=\"wp-caption-text\">La presidenta municipal, Patricia Dur\u00e1n Reveles, expuso m\u00e1s de 10 estrategias para la erradicaci\u00f3n de la alerta de violencia de g\u00e9nero.<\/p><\/div>\n<p>&nbsp;<\/p>\n<p><strong>Naucalpan, Estado de M\u00e9xico<\/strong>.- El gobierno local present\u00f3 la Estrategia Municipal para la Erradicaci\u00f3n de la Alerta de Violencia de G\u00e9nero, realizada en colaboraci\u00f3n con la Comisi\u00f3n Nacional para Prevenir y Erradicar la Violencia (CONAVIM),\u00a0 en el marco de la declaraci\u00f3n de Alerta de G\u00e9nero en el Estado de M\u00e9xico.<\/p>\n<p>La presidenta municipal, Patricia Dur\u00e1n Reveles, expuso m\u00e1s de 10 estrategias, entre las que se contemplan instrumentos, acciones y capacitaci\u00f3n en materia de perspectiva de g\u00e9nero, derechos humanos, prevenci\u00f3n y erradicaci\u00f3n de la violencia contra las mujeres en la administraci\u00f3n p\u00fablica, instituciones y ciudadan\u00eda.<\/p>\n<p>Entre las estrategias se present\u00f3 el Programa \u00danico de Capacitaci\u00f3n sobre Perspectiva de G\u00e9nero y Derechos Humanos, la creaci\u00f3n de instrumentos para incorporar el enfoque de g\u00e9nero en la administraci\u00f3n p\u00fablica municipal, los protocolos de actuaci\u00f3n sobre violencia de g\u00e9nero al interior del gobierno, el dise\u00f1o de la estrategia educativa sobre derechos humanos de las mujeres, entre otros. La mun\u00edcipe afirm\u00f3 que la primera dependencia que se certificar\u00e1 en materia de g\u00e9nero ser\u00e1 la Secretar\u00eda del Ayuntamiento, en la que cerca del 52 por ciento de trabajadores son mujeres.<\/p>\n<p>\u201cEstamos aqu\u00ed para no declarar nuevamente la Alerta de G\u00e9nero en Naucalpan y ser el primer municipio que diga que est\u00e1 trabajando con una estrategia para eliminar la alerta en la demarcaci\u00f3n.<\/p>\n<p>\u201cQueremos eliminar la Alerta de G\u00e9nero de Naucalpan y que sea precedente para todos los municipios y todos los estados en donde hay alerta en este momento\u201d.<\/p>\n<p>De igual forma, Dur\u00e1n Reveles dijo que desde el uno de enero, el ayuntamiento ha trabajado acciones concretas enfocadas a mujeres naucalpenses, que dar\u00e1n resultados a corto plazo, como la instauraci\u00f3n de una sede municipal de la Fiscal\u00eda de G\u00e9nero del Estado de M\u00e9xico para atender a v\u00edctimas de forma especializada.<\/p>\n<p>La titular de la CONAVIM, Candelaria Ochoa \u00c1valos, inst\u00f3 a las autoridades municipales a realizar las acciones contempladas en la estrategia de forma puntual y correcta, as\u00ed como a generar un discurso permanente sobre el alto a la violencia a ni\u00f1as y mujeres, ya que en el pa\u00eds diariamente son violentadas en el hogar 6 de cada 10 mujeres.<\/p>\n<p>Asimismo, la secretaria de las Mujeres Naucalpenses y la Igualdad Sustantiva, Adriana Gonz\u00e1lez Furlong, hizo un llamado a gobierno y ciudadan\u00eda a comprometerse en esta lucha.<\/p>\n","protected":false},"excerpt":{"rendered":"<p>El gobierno local present\u00f3 la Estrategia Municipal para la Erradicaci\u00f3n de la Alerta de Violencia de G\u00e9nero, realizada en colaboraci\u00f3n con la Comisi\u00f3n Nacional para Prevenir y Erradicar la Violencia (CONAVIM),\u00a0 en el marco de la declaraci\u00f3n de Alerta de G\u00e9nero en el Estado de M\u00e9xico.<\/p>\n","protected":false},"author":3,"featured_media":437045,"comment_status":"open","ping_status":"open","sticky":false,"template":"","format":"standard","meta":{"_monsterinsights_skip_tracking":false,"_monsterinsights_sitenote_active":false,"_monsterinsights_sitenote_note":"","_monsterinsights_sitenote_category":0,"footnotes":""},"categories":[5],"tags":[18679,86982,43675,25269,970],"class_list":["post-436981","post","type-post","status-publish","format-standard","has-post-thumbnail","hentry","category-estado-de-mexico","tag-alerta","tag-erradicacion","tag-estado-de-mexico","tag-genero","tag-naucalpan"],"_links":{"self":[{"href":"https:\/\/www.diarioimagen.net\/index.php?rest_route=\/wp\/v2\/posts\/436981","targetHints":{"allow":["GET"]}}],"collection":[{"href":"https:\/\/www.diarioimagen.net\/index.php?rest_route=\/wp\/v2\/posts"}],"about":[{"href":"https:\/\/www.diarioimagen.net\/index.php?rest_route=\/wp\/v2\/types\/post"}],"author":[{"embeddable":true,"href":"https:\/\/www.diarioimagen.net\/index.php?rest_route=\/wp\/v2\/users\/3"}],"replies":[{"embeddable":true,"href":"https:\/\/www.diarioimagen.net\/index.php?rest_route=%2Fwp%2Fv2%2Fcomments&post=436981"}],"version-history":[{"count":0,"href":"https:\/\/www.diarioimagen.net\/index.php?rest_route=\/wp\/v2\/posts\/436981\/revisions"}],"wp:featuredmedia":[{"embeddable":true,"href":"https:\/\/www.diarioimagen.net\/index.php?rest_route=\/wp\/v2\/media\/437045"}],"wp:attachment":[{"href":"https:\/\/www.diarioimagen.net\/index.php?rest_route=%2Fwp%2Fv2%2Fmedia&parent=436981"}],"wp:term":[{"taxonomy":"category","embeddable":true,"href":"https:\/\/www.diarioimagen.net\/index.php?rest_route=%2Fwp%2Fv2%2Fcategories&post=436981"},{"taxonomy":"post_tag","embeddable":true,"href":"https:\/\/www.diarioimagen.net\/index.php?rest_route=%2Fwp%2Fv2%2Ftags&post=436981"}],"curies":[{"name":"wp","href":"https:\/\/api.w.org\/{rel}","templated":true}]}}