{"id":437006,"date":"2019-07-30T00:12:23","date_gmt":"2019-07-30T05:12:23","guid":{"rendered":"https:\/\/www.diarioimagen.net\/?p=437006"},"modified":"2019-07-30T01:24:23","modified_gmt":"2019-07-30T06:24:23","slug":"herrera-dobla-a-amlo-y-lo-obliga-a-utilizar-su-guardadito-para-salvar-a-mexico-de-la-recesion","status":"publish","type":"post","link":"https:\/\/www.diarioimagen.net\/?p=437006","title":{"rendered":"Herrera dobla a AMLO y lo obliga a utilizar \u201csu guardadito\u201d para salvar a M\u00e9xico de la recesi\u00f3n\u00a0\u00a0\u00a0\u00a0"},"content":{"rendered":"<h2>Tras la puerta del poder<\/h2>\n<h5>Roberto Vizca\u00edno<\/h5>\n<p>&nbsp;<\/p>\n<div id=\"attachment_437023\" style=\"width: 470px\" class=\"wp-caption aligncenter\"><a href=\"https:\/\/www.diarioimagen.net\/?attachment_id=437023\" rel=\"attachment wp-att-437023\"><img loading=\"lazy\" decoding=\"async\" aria-describedby=\"caption-attachment-437023\" class=\"size-large wp-image-437023\" src=\"https:\/\/www.diarioimagen.net\/wp-content\/uploads\/2019\/07\/hombre-prevenido-LUIS-XAVIER-460x355.jpg\" alt=\"\" width=\"460\" height=\"355\" srcset=\"https:\/\/www.diarioimagen.net\/wp-content\/uploads\/2019\/07\/hombre-prevenido-LUIS-XAVIER-460x355.jpg 460w, https:\/\/www.diarioimagen.net\/wp-content\/uploads\/2019\/07\/hombre-prevenido-LUIS-XAVIER-240x185.jpg 240w, https:\/\/www.diarioimagen.net\/wp-content\/uploads\/2019\/07\/hombre-prevenido-LUIS-XAVIER-768x593.jpg 768w, https:\/\/www.diarioimagen.net\/wp-content\/uploads\/2019\/07\/hombre-prevenido-LUIS-XAVIER.jpg 1200w\" sizes=\"auto, (max-width: 460px) 100vw, 460px\" \/><\/a><p id=\"caption-attachment-437023\" class=\"wp-caption-text\">Hombre prevenido&#8230; | Luis Xavier<\/p><\/div>\n<p>&nbsp;<\/p>\n<p>Con\u00a0485 mil millones de pesos que estaban ah\u00ed \u201csin utilizar\u201d, es decir con el \u201cguardadito\u201d, acumulado por instrucciones de\u00a0<strong>Andr\u00e9s Manuel L\u00f3pez Obrador,<\/strong>\u00a0de muy conflictivos y cuestionados recortes a programas e instituciones que incluso pusieron en el l\u00edmite al Sector Salud, el secretario de Hacienda,<strong>\u00a0Arturo Herrera<\/strong>,\u00a0ech\u00f3 a andar ayer un plan emergente de inversiones en infraestructura para relanzar la econom\u00eda de M\u00e9xico y evitar en el \u00faltimo segundo la recesi\u00f3n.<\/p>\n<p>Una recesi\u00f3n t\u00e9cnica, que seguramente estar\u00e1 anunciando este mi\u00e9rcoles el Inegi, cuando d\u00e9 a conocer su reporte trimestral.<\/p>\n<p>Lo obvio nos indica, que\u00a0<strong>Herrera<\/strong>\u00a0finalmente logr\u00f3 lo que su anterior jefe<strong> Carlos Urz\u00faa<\/strong> no pudo, para \u201cconvencer\u201d a\u00a0<strong>L\u00f3pez Obrador<\/strong>\u00a0que mantener inactivo ese medio bill\u00f3n de pesos de subejercicios provenientes de recortes, m\u00e1s que draconianos, podr\u00eda costarle car\u00edsimo a su gobierno, luego de declararse oficialmente la recesi\u00f3n.<\/p>\n<p>Y con ese anuncio,\u00a0<strong>Herrera<\/strong>\u00a0se les adelant\u00f3 a los senadores, quienes encabezados por la panista\u00a0<strong>Minerva Hern\u00e1ndez Ramos<\/strong>,\u00a0ten\u00edan todo previsto para pedir ma\u00f1ana en la sesi\u00f3n semanal de la Permanente la comparecencia del secretario de Hacienda, para pedir explicaciones sobre la situaci\u00f3n real de la econom\u00eda de M\u00e9xico.<\/p>\n<p>Los senadores quieren un encuentro con\u00a0<strong>Herrera<\/strong>\u00a0en los terrenos de las comisiones de Hacienda y Cr\u00e9dito P\u00fablico y la de Presupuesto y Cuenta P\u00fablica del Congreso de la Uni\u00f3n.<\/p>\n<p>Pero ayer el titular de Hacienda se les adelant\u00f3 y, acompa\u00f1ado por\u00a0\u00a0el secretario de SCT,\u00a0<strong>Javier Jim\u00e9nez Espri\u00fa<\/strong>; el titular de la Unidad de Banca de Desarrollo,\u00a0<strong>Jos\u00e9 de Luna, y\u00a0Gabriel Yorio<\/strong>, quien fue ascendido de jefe de la Unidad de Cr\u00e9dito P\u00fablico de Hacienda a subsecretario del ramo, indic\u00f3 que su proyecto para relanzar la econom\u00eda de M\u00e9xico incluye aplicar 50 mil millones de pesos en infraestructura; 320 mil millones de pesos que ser\u00e1n operados por la banca de desarrollo, junto con 116 mil millones de pesos en licitaciones adelantadas, as\u00ed como 1.2 mil millones de cr\u00e9ditos al consumo.<\/p>\n<p>Interrogado de por qu\u00e9 no se hab\u00eda hecho esto en los meses anteriores, de por qu\u00e9 se lleg\u00f3 dejar la econom\u00eda al l\u00edmite de la recesi\u00f3n,<strong>\u00a0Herrera<\/strong>\u00a0explic\u00f3 que este tipo de acciones no tienen plazos y se realizan cuando se necesitan.<\/p>\n<p>El plan, entonces incluye adelantar licitaciones para 2020, para que las empresas ganadoras inicien la compra de insumos a partir de agosto, septiembre y octubre, con lo cual se empujar\u00e1n los indicadores de crecimiento econ\u00f3micos tan menguados en este a\u00f1o.<\/p>\n<p>Record\u00f3 que no s\u00f3lo cuentan las condiciones internas, sino que \u201chay un contexto internacional complicado, donde todos los pa\u00edses se est\u00e1n preparando para tomar medidas. Nos estamos preparando para darle un empujoncito a la actividad econ\u00f3mica\u201d, subray\u00f3.<\/p>\n<p>Acept\u00f3 luego que en el seno del gobierno de\u00a0<strong>AMLO<\/strong>\u00a0s\u00ed existe preocupaci\u00f3n por la desaceleraci\u00f3n de la econom\u00eda mexicana.<\/p>\n<p>\u201cLo que vamos a tratar es que el gasto tenga un comportamiento m\u00e1s homog\u00e9neo\u201d, coment\u00f3.<\/p>\n<p><strong>Jos\u00e9 de Luna<\/strong>, titular de la Banca de Desarrollo, indic\u00f3 que se aplicar\u00e1n 6 acciones para impulsar el consumo.<\/p>\n<p>Para ello se entregar\u00e1n 1.2 millones de cr\u00e9ditos con tasas de inter\u00e9s de 16 a 22% a trabajadores afiliados al Fonacot.<\/p>\n<p>En forma adicional se impulsar\u00e1n desde Nacional Financiera y Bancomext, cr\u00e9ditos a Pymes con una bolsa de 270 mil millones de pesos para proyectos productivos, con el objetivo de impulsar a 130 mil Pymes y 370 mil micronegocios.<\/p>\n<p>El funcionario detall\u00f3 que tambi\u00e9n se abrir\u00e1 una ventanilla \u00fanica para atender a los contratistas de Pemex y del gobierno federal, as\u00ed como 50 mil millones de pesos en cr\u00e9ditos adicionales a la regi\u00f3n sur sureste del pa\u00eds para el campo.<\/p>\n<p>En total, el plan incluye el movilizar\u00a0485 mil millones de pesos\u00a0en un programa que trata de apoyar de manera inmediata a la econom\u00eda.<\/p>\n<p>\u201cLa idea es poner acciones que pretenden\u00a0dinamizar la econom\u00eda en 2019, acciones seleccionadas de infraestructura, de financiamiento, y aquellas que tienen que ver con aceleraciones de licitaci\u00f3n que tengan un impacto inmediato en la econom\u00eda\u201d, dijo Herrera.<\/p>\n<p>Todas las medidas \u201ctienen impacto inmediato\u201d, asever\u00f3 el secretario. Y las m\u00e1s importantes tendr\u00e1n que ver con creaci\u00f3n y mantenimiento de infraestructura a trav\u00e9s de la intervenci\u00f3n de la SCT.<\/p>\n<p>La respuesta de <strong>Herrera<\/strong> se da en medio de recientes recortes en los pron\u00f3sticos del PIB por el Fondo Monetario Internacional (FMI), bancos como Citibanamex, que la ubican muy por debajo del piso del rango oficial, por ejemplo, Citi estima un alza de 0.2%.<\/p>\n<p>Ma\u00f1ana\u00a0mi\u00e9rcoles\u00a0el Inegi publicar\u00e1 la estimaci\u00f3n del PIB.<\/p>\n<p>Hasta hoy sonya seis las corredur\u00edas y grupos financieros que anticipan una contracci\u00f3n de la econom\u00eda mexicana en el segundo trimestre, que podr\u00eda rondar entre el 0.2% y el 0.5 por ciento.<\/p>\n<p>Las que advierten que esto ocurrir\u00e1 son:\u00a0J.P. Morgan, Goldman Sachs, Citibanamex, Banorte, Oxford Economics y Pantheon Macroeconomics.<\/p>\n<p>S\u00f3lo\u00a0Barclays, considera que no hay a\u00fan elementos suficientes para confirmar la recesi\u00f3n, pues aun cuando hay signos de debilidad en la econom\u00eda, hay -dice-\u00a0\u00a0se\u00f1ales mixtas en el sector manufacturas que podr\u00edan limitar la contracci\u00f3n.<\/p>\n<p style=\"text-align: center;\"><strong>Y EL CONEVAL INFORMA AL SENADO<\/strong><\/p>\n<p>En este contexto, y en medio de la amenaza de su desaparici\u00f3n, el Consejo Nacional de Evaluaci\u00f3n de la Pol\u00edtica de Desarrollo Social, popularmente conocido como el Coneval, envi\u00f3 un informe al Senado, que indica que entre los \u201celementos para considerar en el Presupuesto 2020 en materia de educaci\u00f3n, salud, seguridad social e infraestructura social b\u00e1sica, resalta la necesidad de racionar los recursos justificando su uso en prioridades nacionales y resultados de desempe\u00f1o\u201d.<\/p>\n<p>En un oficio entregado a la Comisi\u00f3n Permanente, Coneval indica que el proceso presupuestario debe ser claro y con objetivos definidos para reducir las brechas de desigualdad que persisten en la poblaci\u00f3n.<\/p>\n<p>Y destaca que \u201cpara lograr los objetivos nacionales es primordial la suficiencia operativa de recursos humanos y materiales para garantizar que los operadores a nivel nacional puedan implementarlas pol\u00edticas tal y como fueron dise\u00f1adas\u201d.<\/p>\n<p>Una cr\u00edtica a los despidos locos realizados en muchas \u00e1reas del gobierno que han dejado sin personal calificado para operar procesos que son importantes.<\/p>\n<p>Y en un comparativo entre programas sociales dentro del Presupuesto de Egresos 2018 y 2019, se encontr\u00f3 que en el \u00faltimo a\u00f1o del gobierno de<strong>\u00a0Enrique Pe\u00f1a Nieto<\/strong>\u00a0hab\u00eda 150 programas sociales federales, 93 de los cuales ayudaron a reducir la pobreza o mejorar el acceso efectivo de los derechos sociales.<\/p>\n<p>\u201cDe \u00e9stos, 81 contin\u00faan en operaci\u00f3n en 2019. La reducci\u00f3n presupuestaria de lo anterior representa 1.2 millones de pesos\u201d, o sea nada..<\/p>\n<p>Y en otros se encontr\u00f3 que 19 programas de <strong>AMLO <\/strong>tienen los mismos objetivos con una similitud al 100 por ciento con uno o m\u00e1s programas, y 27 presentan similitud al 98 por ciento con uno o m\u00e1s programas.<\/p>\n<p>De \u00e9stos, se observ\u00f3 una similitud en su totalidad del Programa Nacional de Becas (SEP-CULTURA) con el de la Beca Universal para Estudiantes de Educaci\u00f3n Media Superior, Benito Ju\u00e1rez (SEP). Adem\u00e1s, se determin\u00f3 una homogeneidad del 98 por ciento de la Beca Universal para Estudiantes de Educaci\u00f3n Media Superior, Benito Ju\u00e1rez (SEP), con J\u00f3venes Escribiendo el Futuro, del nivel medio superior, operado por la misma secretar\u00eda. En ambos casos los programas coinciden con sus componentes por lo que se considera pertinente analizar mecanismos que permitan la coordinaci\u00f3n y complementariedad efectiva en la entrega de los apoyos de estos programas.<\/p>\n<p>En este mismo porcentaje se encuentran los programas Universidades para el Bienestar, Benito Ju\u00e1rez Garc\u00eda, de la Secretar\u00eda de Educaci\u00f3n P\u00fablica, Servicios de Educaci\u00f3n Superior y Posgrado operado, bajo la tutela de la SEP-Cultura.<\/p>\n<p>Ambos contribuyen a fortalecer la oferta de ense\u00f1anza en educaci\u00f3n superior, por lo que se considera necesario establecer estrategias y mecanismos que coadyuven a implementar una oferta de educaci\u00f3n superior integral.<\/p>\n<p>Es decir, son iguales. Se duplican.<\/p>\n<p>El reporte no le va a gustar nada a ya saben qui\u00e9n.<\/p>\n<p><em><a href=\"mailto:rvizcainoa@gmail.com\" target=\"_blank\" rel=\"noopener noreferrer\">rvizcainoa@gmail.com<\/a><br \/>\n<u><a href=\"http:\/\/endirecto.mx\" target=\"_blank\" rel=\"noopener noreferrer\">www.endirecto.mx<\/a><br \/>\n<a href=\"https:\/\/twitter.com\/_rvizcaino\" target=\"_blank\" rel=\"noopener noreferrer\">@_RVizcaino<\/a><br \/>\n<a href=\"https:\/\/www.facebook.com\/rvizcainoa\" target=\"_blank\" rel=\"noopener noreferrer\">facebook.com\/rvizcainoa<\/a><\/u><\/em><\/p>\n","protected":false},"excerpt":{"rendered":"<p><span style=\"color: #005497;\"><strong>Roberto Vizca\u00edno<\/strong><\/span><br \/>\n<br \/>\nCon 485 mil millones de pesos que estaban ah\u00ed \u201csin utilizar\u201d, es decir con el \u201cguardadito\u201d, acumulado por instrucciones de <strong>Andr\u00e9s Manuel L\u00f3pez Obrador,<\/strong> de muy conflictivos y cuestionados recortes a programas e instituciones que incluso pusieron en el l\u00edmite al Sector Salud, el secretario de Hacienda,<strong> Arturo Herrera<\/strong>, ech\u00f3 a andar ayer un plan emergente de inversiones en infraestructura para relanzar la econom\u00eda de M\u00e9xico y evitar en el \u00faltimo segundo la recesi\u00f3n.<\/p>\n","protected":false},"author":3,"featured_media":437023,"comment_status":"open","ping_status":"open","sticky":false,"template":"","format":"standard","meta":{"_monsterinsights_skip_tracking":false,"_monsterinsights_sitenote_active":false,"_monsterinsights_sitenote_note":"","_monsterinsights_sitenote_category":0,"footnotes":""},"categories":[136],"tags":[43674,93,94],"class_list":["post-437006","post","type-post","status-publish","format-standard","has-post-thumbnail","hentry","category-roberto-vizcaino-opinion","tag-opinion","tag-roberto-vizcaino","tag-tras-la-puerta-del-poder"],"_links":{"self":[{"href":"https:\/\/www.diarioimagen.net\/index.php?rest_route=\/wp\/v2\/posts\/437006","targetHints":{"allow":["GET"]}}],"collection":[{"href":"https:\/\/www.diarioimagen.net\/index.php?rest_route=\/wp\/v2\/posts"}],"about":[{"href":"https:\/\/www.diarioimagen.net\/index.php?rest_route=\/wp\/v2\/types\/post"}],"author":[{"embeddable":true,"href":"https:\/\/www.diarioimagen.net\/index.php?rest_route=\/wp\/v2\/users\/3"}],"replies":[{"embeddable":true,"href":"https:\/\/www.diarioimagen.net\/index.php?rest_route=%2Fwp%2Fv2%2Fcomments&post=437006"}],"version-history":[{"count":0,"href":"https:\/\/www.diarioimagen.net\/index.php?rest_route=\/wp\/v2\/posts\/437006\/revisions"}],"wp:featuredmedia":[{"embeddable":true,"href":"https:\/\/www.diarioimagen.net\/index.php?rest_route=\/wp\/v2\/media\/437023"}],"wp:attachment":[{"href":"https:\/\/www.diarioimagen.net\/index.php?rest_route=%2Fwp%2Fv2%2Fmedia&parent=437006"}],"wp:term":[{"taxonomy":"category","embeddable":true,"href":"https:\/\/www.diarioimagen.net\/index.php?rest_route=%2Fwp%2Fv2%2Fcategories&post=437006"},{"taxonomy":"post_tag","embeddable":true,"href":"https:\/\/www.diarioimagen.net\/index.php?rest_route=%2Fwp%2Fv2%2Ftags&post=437006"}],"curies":[{"name":"wp","href":"https:\/\/api.w.org\/{rel}","templated":true}]}}