{"id":437028,"date":"2019-07-30T00:01:03","date_gmt":"2019-07-30T05:01:03","guid":{"rendered":"https:\/\/www.diarioimagen.net\/?p=437028"},"modified":"2019-07-30T01:27:43","modified_gmt":"2019-07-30T06:27:43","slug":"ley-del-garrote-2","status":"publish","type":"post","link":"https:\/\/www.diarioimagen.net\/?p=437028","title":{"rendered":"<em>Ley del garrote <\/em>"},"content":{"rendered":"<h2>De pe a pa<\/h2>\n<h5>Alberto Vieyra G.<\/h5>\n<p>&nbsp;<\/p>\n<p>\u00a1Est\u00e1 lista la <em>ley del garrote<\/em> de AMLO! \u00a1Qu\u00e9 astucia y que capacidad tiene el Presidente para meterse en problemas, haciendo cosas malas que parecen buenas!<\/p>\n<p>La mayor\u00eda legislativa de Morena, en el Congreso de Tabasco, aprob\u00f3 por unanimidad ayer, la <em>ley del garrote,<\/em> para criminalizar las protestas ciudadanas que bloqueen carreteras, pozos petroleros, instituciones u obras p\u00fablicas, como la refiner\u00eda de Dos Bocas, que ya tiene amparos en contra y se esperan encendidas protestas de grupos ambientalistas nacionales.<\/p>\n<p>\u00bfQu\u00e9 nos dice esta <em>ley del garrote<\/em>?..<\/p>\n<p>Que s\u00ed AMLO siguiese de <em>mes\u00edas redentor<\/em> o dizque de luchador social en campa\u00f1a contra la <em>mafia del poder<\/em> y en pos de la silla presidencial y se propusiera a protestar contra la refiner\u00eda de Dos Bocas o contra el fraude electoral del 2006 en pleno Paseo de la Reforma, pues que, el dizque partido Morena lo mandar\u00eda derechito a la c\u00e1rcel. \u00a1Qu\u00e9 incongruencia pol\u00edtica tan monumental!<\/p>\n<p>La cuesti\u00f3n es que el gobernadorcete morenista de Tabasco, Ad\u00e1n Augusto L\u00f3pez, empuj\u00f3 la propuesta de la <em>ley del garrote<\/em> en el Congreso local y hasta los ni\u00f1os de pecho se preguntan: \u00bfSe mandar\u00eda solo el <em>g\u00f3ber<\/em> o de qui\u00e9n fue esa <em>ideota<\/em>?..<\/p>\n<p>Con la <em>ley del garrote,<\/em> Ad\u00e1n Augusto L\u00f3pez le viene a dar un <em>manotazo al avispero<\/em> y AMLO no tendr\u00e1 m\u00e1s remedio que enfrentar otra vez a otro hurac\u00e1n pol\u00edtico, aunque seguramente saldr\u00e1 con el cuento de que yo (<em>como el monje loco<\/em>) nadie sabe nadie supo, que ya hasta desapareci\u00f3 la Conasupo o que ni vio, ni oy\u00f3, ni nada de nada y le servir\u00e1 como pretexto para continuar dividiendo a los mexicanos perversamente, culpando a la prensa y a los \u201cconservadores <em>fif\u00eds<\/em> e hip\u00f3critas\u201d de ser los que est\u00e1n muele y muele y friega y friega, como ocurri\u00f3 con <em>la ley de Herodes<\/em>, en Baja California, donde Morena o los calenturientos, ignorantes y corruptos diputados morenistas, panistas, pri\u00edstas y de otras hierbas de olor, intentaron <em>por las puras pistolas del diablo<\/em> reformar la Constituci\u00f3n para alargar el mandato de Jaime Bonilla de 2 a 5 a\u00f1os. Aunque la gente votar\u00e1 en las urnas por dos a\u00f1os para que gobernara.<\/p>\n<p>AMLO <em>le sac\u00f3 al parche<\/em> y perdi\u00f3 la oportunidad de sacudirse a un corrupt\u00edsimo Jaime Bonilla, cuyas enfermizas ambiciones de poder le pegaron y muy rudo a L\u00f3pez Obrador, pues se busc\u00f3 que esa entidad de la Rep\u00fablica sirviera como un laboratorio para una posible reelecci\u00f3n presidencial en el 2024. Adivino lo que usted estar\u00e1 pensado\u2026\u00a0 \u201cEs que ambos son coyotes de <em>la mesma loma<\/em>\u201d.<\/p>\n<p>Todo M\u00e9xico sabe que en Baja California hubo corrupci\u00f3n y que Bonilla pag\u00f3 a cada diputado al son de 1 mill\u00f3n de d\u00f3lares para que pudiera ser un gobierno del diablo de 5 a\u00f1os, en el lugar de 2.<\/p>\n<p>AMLO se ver\u00eda obligado a firmar ante un notario p\u00fablico una Carta de NO Intenci\u00f3n de Reelegirse en el 2024, con lo cual acepta que no es un pol\u00edtico digno de fe de credibilidad, ni que su palabra vale m\u00e1s que las leyes y que vale m\u00e1s un documento ante notario p\u00fablico, que triste juego pol\u00edtico de infantilismo cr\u00f3nico.<\/p>\n<p>Como en Baja California no se pudo porque la legislatura termina este mi\u00e9rcoles, y no se public\u00f3 la infame \u201cReforma Bonilla\u201d, pues ahora, L\u00f3pez Obrador busca instaurar la <em>ley del garrote<\/em>\u201d, comenzando por su estado natal, aunque viole todo g\u00e9nero de derechos, incluyendo amparos judiciales y pasar sobre manifestantes, al mas puro estilo de las tir\u00e1nicas dictaduras.<\/p>\n<p>Vaya paradoja de un gobierno y un partido que ayer enarbolaba unas causas y ahora busca criminalizar las protestas de activistas y de opositores, mediante la temible <em>ley del garrote<\/em>. Tabasco podr\u00eda ser un ensayo nacional.<\/p>\n<p><em><a href=\"mailto:info@agenciamn.com\" target=\"_blank\" rel=\"noopener noreferrer\">info@agenciamn.com<\/a><\/em><\/p>\n","protected":false},"excerpt":{"rendered":"<p><span style=\"color: #005497;\"><strong>Alberto Vieyra G.<\/strong><\/span><\/p>\n","protected":false},"author":3,"featured_media":0,"comment_status":"open","ping_status":"open","sticky":false,"template":"","format":"standard","meta":{"_monsterinsights_skip_tracking":false,"_monsterinsights_sitenote_active":false,"_monsterinsights_sitenote_note":"","_monsterinsights_sitenote_category":0,"footnotes":""},"categories":[4596],"tags":[43697,4597,43674],"class_list":["post-437028","post","type-post","status-publish","format-standard","hentry","category-alberto-vieyra-g","tag-alberto-vieyra-g","tag-de-pe-a-pa","tag-opinion"],"_links":{"self":[{"href":"https:\/\/www.diarioimagen.net\/index.php?rest_route=\/wp\/v2\/posts\/437028","targetHints":{"allow":["GET"]}}],"collection":[{"href":"https:\/\/www.diarioimagen.net\/index.php?rest_route=\/wp\/v2\/posts"}],"about":[{"href":"https:\/\/www.diarioimagen.net\/index.php?rest_route=\/wp\/v2\/types\/post"}],"author":[{"embeddable":true,"href":"https:\/\/www.diarioimagen.net\/index.php?rest_route=\/wp\/v2\/users\/3"}],"replies":[{"embeddable":true,"href":"https:\/\/www.diarioimagen.net\/index.php?rest_route=%2Fwp%2Fv2%2Fcomments&post=437028"}],"version-history":[{"count":0,"href":"https:\/\/www.diarioimagen.net\/index.php?rest_route=\/wp\/v2\/posts\/437028\/revisions"}],"wp:attachment":[{"href":"https:\/\/www.diarioimagen.net\/index.php?rest_route=%2Fwp%2Fv2%2Fmedia&parent=437028"}],"wp:term":[{"taxonomy":"category","embeddable":true,"href":"https:\/\/www.diarioimagen.net\/index.php?rest_route=%2Fwp%2Fv2%2Fcategories&post=437028"},{"taxonomy":"post_tag","embeddable":true,"href":"https:\/\/www.diarioimagen.net\/index.php?rest_route=%2Fwp%2Fv2%2Ftags&post=437028"}],"curies":[{"name":"wp","href":"https:\/\/api.w.org\/{rel}","templated":true}]}}