{"id":437052,"date":"2019-07-30T00:04:04","date_gmt":"2019-07-30T05:04:04","guid":{"rendered":"https:\/\/www.diarioimagen.net\/?p=437052"},"modified":"2019-07-30T01:33:36","modified_gmt":"2019-07-30T06:33:36","slug":"los-sicarios-cobran-barato","status":"publish","type":"post","link":"https:\/\/www.diarioimagen.net\/?p=437052","title":{"rendered":"Los sicarios cobran barato"},"content":{"rendered":"<h2>Punto por punto<\/h2>\n<h5>Augusto Corro<\/h5>\n<p>&nbsp;<\/p>\n<p>La presunta asesina de los dos israel\u00edes fue efectiva en su servicio y cobr\u00f3 muy barato.<\/p>\n<p>Le pagaron 5 mil pesos por matar a los extranjeros en la Plaza Artz Pedregal.<\/p>\n<p>Esperanza \u201cN\u201d no pudo huir del lugar de los hechos y fue detenida por la polic\u00eda.<\/p>\n<p>En sus primeras declaraciones dijo que el asunto se trataba de una venganza pasional.<\/p>\n<p>Las autoridades no tardar\u00e1n en desmentir a la sicaria. Dijeron que podr\u00eda tratarse de un ajuste de cuentas entre mafias dedicadas al lavado de dinero o contrabando de armas.\u00a0 Llam\u00f3 la atenci\u00f3n el hecho de que\u00a0 a Esperanza \u201cN\u201d le pagaran muy poca plata por su servicio.\u00a0 El doble homicidio llev\u00f3 a las autoridades a revisar los antecedentes penales de los dos ultimados a balazos: Benjam\u00edn Sutchi y Alon Azulay ten\u00edan cuentas pendientes con la justicia.<\/p>\n<p style=\"text-align: center;\"><strong>LOS TAXISTAS ASALTANTES<\/strong><\/p>\n<p>La violencia se adue\u00f1\u00f3 de la Ciudad de M\u00e9xico. Se multiplican las quejas de los capitalinos que se encuentran en manos de la delincuencia. \u00bfHay un lugar seguro para evitar a los maleantes?<\/p>\n<p>Los robos en casas son constantes. La extorsi\u00f3n no cede. Hasta los taxistas, no todos, encontraron la manera de asaltar a los pasajeros.\u00a0 El transporte p\u00fablico, en general, es inseguro.<\/p>\n<p>\u00bfQu\u00e9 hacer? Por ejemplo, abordar un taxi en la capital es cada vez m\u00e1s peligroso.<\/p>\n<p>En el primer semestre de 2019 suman 200 investigaciones por robo a pasajero con violencia a bordo del carro de alquiler.<\/p>\n<p>Los viajeros, principalmente mujeres, tienen que tomar medidas casi suicidas para evitar las agresiones de los manejadores, que incluyen el secuestro.<\/p>\n<p>Hace varios d\u00edas, la pasajera Monserrat Serralde se arroj\u00f3 del coche en movimiento, aun con el riesgo de perder la vida en esa acci\u00f3n desesperada.<\/p>\n<p>Las autoridades deben atacar el problema de la violencia en forma directa y sin consideraci\u00f3n alguna.<\/p>\n<p>La espiral de violencia en la metr\u00f3poli parece imposible de abatir.<\/p>\n<p>Mientras, se ech\u00f3 a andar el registro de todos los choferes que conducen veh\u00edculos del transporte p\u00fablico.<\/p>\n<p>Se trata de un padr\u00f3n del gobierno de la Ciudad de M\u00e9xico para brindar mayor seguridad a los usuarios.<\/p>\n<p style=\"text-align: center;\"><strong>LAS ARMAS ILEGALES<\/strong><\/p>\n<p>Otro problema sin control es el tr\u00e1fico ilegal de armas provenientes de Estados Unidos (EU), que dej\u00f3\u00a0 un saldo de por lo menos 56 mil 588 personas asesinadas entre enero de 2015 y junio de 2019.<\/p>\n<p>Son varios los factores que se conjugan para que la delincuencia organizada cuente con el armamento suficiente para sus actividades delictivas.<\/p>\n<p>Uno de ellos es la participaci\u00f3n de las mafias internacionales dedicadas a abastecer ilegalmente a las diferentes bandas delictivas.<\/p>\n<p>Sin embargo, lo que produce mayor tr\u00e1fico ilegal es la venta de armas en EU, pues no se exige ning\u00fan requisito para conseguirlas en cualquier armer\u00eda.<\/p>\n<p>Luego pasar pistolas y rifles de alto poder a M\u00e9xico ya no representa ning\u00fan problema, pues la frontera es muy porosa y parece que a las autoridades no les interesa perseguir ese delito.<\/p>\n<p style=\"text-align: center;\"><strong>LEYES M\u00c1S SEVERAS<\/strong><\/p>\n<p>En esta semana se discutir\u00e1n reformas penales para hacer m\u00e1s severas las sanciones a reincidentes en la comisi\u00f3n de delitos, ladrones de celulares, polic\u00edas que delinquen y feminicidas.<\/p>\n<p>Las iniciativas se encuentran en el Congreso de la Ciudad de M\u00e9xico.\u00a0 En 2018 la capital se convirti\u00f3 en un lugar inseguro para las mujeres, al registrarse un incremento significativo en las violaciones y feminicidios.\u00a0 Los casos de violaciones crecieron\u00a0 124.2% con relaci\u00f3n a 2017 y el n\u00famero de feminicidios aument\u00f3 8.6%.<\/p>\n<p>En el caso de feminicidio se incrementar\u00e1 la pena m\u00e1xima de 50 a 70 a\u00f1os de prisi\u00f3n.<\/p>\n<p style=\"text-align: center;\"><strong>EL CONEVAL NO DESAPARECER\u00c1<\/strong><\/p>\n<p>El presidente Andr\u00e9s Manuel L\u00f3pez Obrador descart\u00f3 que su administraci\u00f3n busque eliminar el Consejo Nacional de Evaluaci\u00f3n de la Pol\u00edtica de Desarrollo Social (Coneval). Se har\u00e1 un ajuste para que haya austeridad.\u00a0 Termin\u00f3 as\u00ed la discusi\u00f3n sobre el destino del Coneval, encargado de medir la pobreza en M\u00e9xico. Como coment\u00e9 en este espacio, el citado Consejo poco o nada ayud\u00f3 para erradicar la pobreza que padecen m\u00e1s de 50 millones de mexicanos.\u00a0 No es suficiente conocer el n\u00famero de personas con carencias econ\u00f3micas, sino buscar la manera de enfrentar el problema y en la medida de las posibilidades empezar a resolverlo.<\/p>\n<p>No fue el caso del Coneval, pues sus reportes de pobreza \u00fanicamente marcaban el crecimiento incontenible del n\u00famero de pobres. Eso s\u00ed, sus funcionarios gozaban de salarios elevados y un sinn\u00famero de privilegios propios de gobierno rico y poblaci\u00f3n pobre y marginada.<\/p>\n<p><strong>\u00a0<\/strong><em><u><a href=\"mailto:aco2742@hotmail.com\" target=\"_blank\" rel=\"noopener noreferrer\">aco2742@hotmail.com<\/a><\/u><\/em><\/p>\n","protected":false},"excerpt":{"rendered":"<p><span style=\"color: #005497;\"><strong>Augusto Corro<\/strong><\/span><\/p>\n","protected":false},"author":3,"featured_media":0,"comment_status":"open","ping_status":"open","sticky":false,"template":"","format":"standard","meta":{"_monsterinsights_skip_tracking":false,"_monsterinsights_sitenote_active":false,"_monsterinsights_sitenote_note":"","_monsterinsights_sitenote_category":0,"footnotes":""},"categories":[157],"tags":[43686,43674,11515],"class_list":["post-437052","post","type-post","status-publish","format-standard","hentry","category-augusto-corro","tag-augusto-corro","tag-opinion","tag-punto-por-punto"],"_links":{"self":[{"href":"https:\/\/www.diarioimagen.net\/index.php?rest_route=\/wp\/v2\/posts\/437052","targetHints":{"allow":["GET"]}}],"collection":[{"href":"https:\/\/www.diarioimagen.net\/index.php?rest_route=\/wp\/v2\/posts"}],"about":[{"href":"https:\/\/www.diarioimagen.net\/index.php?rest_route=\/wp\/v2\/types\/post"}],"author":[{"embeddable":true,"href":"https:\/\/www.diarioimagen.net\/index.php?rest_route=\/wp\/v2\/users\/3"}],"replies":[{"embeddable":true,"href":"https:\/\/www.diarioimagen.net\/index.php?rest_route=%2Fwp%2Fv2%2Fcomments&post=437052"}],"version-history":[{"count":0,"href":"https:\/\/www.diarioimagen.net\/index.php?rest_route=\/wp\/v2\/posts\/437052\/revisions"}],"wp:attachment":[{"href":"https:\/\/www.diarioimagen.net\/index.php?rest_route=%2Fwp%2Fv2%2Fmedia&parent=437052"}],"wp:term":[{"taxonomy":"category","embeddable":true,"href":"https:\/\/www.diarioimagen.net\/index.php?rest_route=%2Fwp%2Fv2%2Fcategories&post=437052"},{"taxonomy":"post_tag","embeddable":true,"href":"https:\/\/www.diarioimagen.net\/index.php?rest_route=%2Fwp%2Fv2%2Ftags&post=437052"}],"curies":[{"name":"wp","href":"https:\/\/api.w.org\/{rel}","templated":true}]}}