{"id":437056,"date":"2019-07-30T00:03:48","date_gmt":"2019-07-30T05:03:48","guid":{"rendered":"https:\/\/www.diarioimagen.net\/?p=437056"},"modified":"2019-07-30T01:35:08","modified_gmt":"2019-07-30T06:35:08","slug":"inmuebles-olvidados","status":"publish","type":"post","link":"https:\/\/www.diarioimagen.net\/?p=437056","title":{"rendered":"Inmuebles olvidados"},"content":{"rendered":"<h2>Folclor urbano<\/h2>\n<h5>Salvador Estrada<\/h5>\n<p>&nbsp;<\/p>\n<p>La Ciudad de M\u00e9xico tiene grandes avenidas, pero tambi\u00e9n grandes edificios que se encuentran en el abandono y que deben rescatarse para darles utilidad o destruirlos y hacer nuevas obras.<\/p>\n<p>En la Plaza de la Rep\u00fablica se encuentra el edificio del ISSSTE, que fue abandonado porque, al parecer, su estructura se afect\u00f3 por el sismo. El inmueble no se ve da\u00f1ado, pero las autoridades decidieron mudarse y desde hace tiempo est\u00e1 en lo que fue el edificio de los Ferrocarriles Nacionales, en el eje de Mosqueta e Insurgentes.<\/p>\n<p>Sin embargo, en el edificio de Plaza de la Rep\u00fablica, se encuentra un teatro, cuyos trabajadores consideran que el auditorio no est\u00e1 da\u00f1ado y que deben reabrirlo y dar funciones, \u201csu fuente de trabajo est\u00e1 cerrada y piden abrirla\u201d.<\/p>\n<p>Mantas y carteles as\u00ed lo se\u00f1alan, pero no hay respuesta para los trabajadores, que decepcionados han abandonado las guardias y uno que otro anda por ah\u00ed rondando.<\/p>\n<p>Y ya sobre Insurgentes se encuentra un edificio, a tres cuadras de Reforma, que tiene a\u00f1os cerrado, y que comentan los que saben que esa construcci\u00f3n pertenece a la Federaci\u00f3n de Sindicatos de los Trabajadores al Servicio del Estado, instituto que lo hab\u00eda destinado a dar albergue, como hotel, a los delegados de provincia que acudieran a la capital de la Rep\u00fablica para asuntos de trabajo.<\/p>\n<p>El \u201chotel ah\u00ed est\u00e1\u201c, pero se desconoce por qu\u00e9 raz\u00f3n no est\u00e1 en funciones y se est\u00e1 deteriorando con el paso del tiempo, por lo cual debe rescatarse y darle funcionamiento.<\/p>\n<p>En avenida Ju\u00e1rez, en el n\u00famero 58, est\u00e1 la fachada barroca, de lo que fue el cine Variedades, que el \u00a0Instituto Nacional de Antropolog\u00eda e Historia salv\u00f3 de ser destruida.<\/p>\n<p>El gobierno capitalino ya debe intervenir y promover la construcci\u00f3n en ese lugar, \u00a0a fin de rescatar y darle \u00a0vida a la fachada que de tanto abandono \u201cya tiene \u00e1rboles en el balc\u00f3n del primer piso\u201d.<\/p>\n<p>Y, precisamente, junto a lo que fue ese cine, se encuentra un edificio de ocho pisos que est\u00e1 en el olvido y en cuya planta baja se ve la cortina cerrada, que dice Librer\u00eda Porr\u00faa.<\/p>\n<p>Esos inmuebles deben rescatarse, porque afean a esa gran avenida y las inmobiliarias tomarlos en cuenta para futuras construcciones.<\/p>\n<p>Tambi\u00e9n sobre Insurgentes, pero ya en parte de la Zona Rosa, est\u00e1 una casa de estilo franc\u00e9s, seguramente de la \u00a0\u00e9poca porfirista, que vive en el abandono, \u00a0que de rescatarse podr\u00eda funcionar como un \u00a0gran restaurante exclusivo o la sede de un corporativo.<\/p>\n<p>Sobre Insurgentes, pasando la glorieta, se pueden ver terrenos de lo que fueron casas o edificios, en los cuales deben ya construir y abrir as\u00ed las fuentes de trabajo.<\/p>\n<p>Otro \u00a0edificio que debe ser rescatado, y que tiene muchos a\u00f1os de estar cerrado, es tambi\u00e9n de la \u00e9poca porfirista, que perteneci\u00f3 a la Comisi\u00f3n de Irrigaci\u00f3n y est\u00e1 ubicado en Balderas y Ayuntamiento. Es un bello edificio de cantera que se est\u00e1 deteriorando, como los otros, y que el \u00a0gobierno capitalino debe \u00a0entrar a su rescate.<\/p>\n<p><em><a href=\"mailto:chavasec@yahoo.com.mx\" target=\"_blank\" rel=\"noopener noreferrer\">chavasec@yahoo.com.mx<\/a><\/em><\/p>\n","protected":false},"excerpt":{"rendered":"<p><span style=\"color: #005497;\"><strong>Salvador Estrada<\/strong><\/span><\/p>\n","protected":false},"author":3,"featured_media":0,"comment_status":"open","ping_status":"open","sticky":false,"template":"","format":"standard","meta":{"_monsterinsights_skip_tracking":false,"_monsterinsights_sitenote_active":false,"_monsterinsights_sitenote_note":"","_monsterinsights_sitenote_category":0,"footnotes":""},"categories":[41601],"tags":[41599,43674,41600],"class_list":["post-437056","post","type-post","status-publish","format-standard","hentry","category-salvador-estrada-opinion","tag-folclor-urbano","tag-opinion","tag-salvador-estrada"],"_links":{"self":[{"href":"https:\/\/www.diarioimagen.net\/index.php?rest_route=\/wp\/v2\/posts\/437056","targetHints":{"allow":["GET"]}}],"collection":[{"href":"https:\/\/www.diarioimagen.net\/index.php?rest_route=\/wp\/v2\/posts"}],"about":[{"href":"https:\/\/www.diarioimagen.net\/index.php?rest_route=\/wp\/v2\/types\/post"}],"author":[{"embeddable":true,"href":"https:\/\/www.diarioimagen.net\/index.php?rest_route=\/wp\/v2\/users\/3"}],"replies":[{"embeddable":true,"href":"https:\/\/www.diarioimagen.net\/index.php?rest_route=%2Fwp%2Fv2%2Fcomments&post=437056"}],"version-history":[{"count":0,"href":"https:\/\/www.diarioimagen.net\/index.php?rest_route=\/wp\/v2\/posts\/437056\/revisions"}],"wp:attachment":[{"href":"https:\/\/www.diarioimagen.net\/index.php?rest_route=%2Fwp%2Fv2%2Fmedia&parent=437056"}],"wp:term":[{"taxonomy":"category","embeddable":true,"href":"https:\/\/www.diarioimagen.net\/index.php?rest_route=%2Fwp%2Fv2%2Fcategories&post=437056"},{"taxonomy":"post_tag","embeddable":true,"href":"https:\/\/www.diarioimagen.net\/index.php?rest_route=%2Fwp%2Fv2%2Ftags&post=437056"}],"curies":[{"name":"wp","href":"https:\/\/api.w.org\/{rel}","templated":true}]}}