{"id":437114,"date":"2019-07-31T00:05:24","date_gmt":"2019-07-31T05:05:24","guid":{"rendered":"https:\/\/www.diarioimagen.net\/?p=437114"},"modified":"2019-07-31T02:07:29","modified_gmt":"2019-07-31T07:07:29","slug":"amlo-vive-en-un-departamento-de-300-metros-cuadrados-en-palacio-nacional","status":"publish","type":"post","link":"https:\/\/www.diarioimagen.net\/?p=437114","title":{"rendered":"AMLO vive en un departamento de 300 metros cuadrados en Palacio Nacional"},"content":{"rendered":"<p><a href=\"https:\/\/www.diarioimagen.net\/?attachment_id=437186\" rel=\"attachment wp-att-437186\"><img loading=\"lazy\" decoding=\"async\" class=\"aligncenter size-large wp-image-437186\" src=\"https:\/\/www.diarioimagen.net\/wp-content\/uploads\/2019\/07\/PALACIO31-460x259.jpg\" alt=\"\" width=\"460\" height=\"259\" srcset=\"https:\/\/www.diarioimagen.net\/wp-content\/uploads\/2019\/07\/PALACIO31-460x259.jpg 460w, https:\/\/www.diarioimagen.net\/wp-content\/uploads\/2019\/07\/PALACIO31-240x135.jpg 240w, https:\/\/www.diarioimagen.net\/wp-content\/uploads\/2019\/07\/PALACIO31-235x132.jpg 235w, https:\/\/www.diarioimagen.net\/wp-content\/uploads\/2019\/07\/PALACIO31-202x114.jpg 202w, https:\/\/www.diarioimagen.net\/wp-content\/uploads\/2019\/07\/PALACIO31-350x196.jpg 350w, https:\/\/www.diarioimagen.net\/wp-content\/uploads\/2019\/07\/PALACIO31-220x123.jpg 220w, https:\/\/www.diarioimagen.net\/wp-content\/uploads\/2019\/07\/PALACIO31-237x132.jpg 237w, https:\/\/www.diarioimagen.net\/wp-content\/uploads\/2019\/07\/PALACIO31.jpg 480w\" sizes=\"auto, (max-width: 460px) 100vw, 460px\" \/><\/a><\/p>\n<p>&nbsp;<\/p>\n<p>El presidente Andr\u00e9s Manuel L\u00f3pez Obrador dio a conocer los planos del departamento de 300 metros cuadrados al que se mud\u00f3 en Palacio Nacional, sin embargo, se reserv\u00f3 la ubicaci\u00f3n del mismo.<\/p>\n<p>En su conferencia de prensa matutina, mostr\u00f3 en la pantalla los planos y dijo que el departamento cuenta con dos habitaciones, un estudio y sala, cocina y comedor.<\/p>\n<p>\u201cLo rojo son dos habitaciones y un estudio; lo que est\u00e1 en azul, es cocina, sala-comedor. La ubicaci\u00f3n esa s\u00ed, se las encarg\u00f3 a ustedes que son mirones profesionales\u201d.<\/p>\n<p>L\u00f3pez Obrador expuso que el quedarse a dormir en ese lugar le ahorra cerca de dos horas diarias y aclar\u00f3 que el departamento \u201cno tiene nada que ver con la parte hist\u00f3rica. Este sitio ya estaba ocupado como una construcci\u00f3n moderna, dentro de Palacio Nacional\u201d.<\/p>\n<p>Reiter\u00f3 que no se ubica cerca de los salones principales y que los sitios hist\u00f3ricos, adem\u00e1s de que se conservar\u00e1n, no ser\u00e1n utilizados en horas de trabajo. Para ello, se utilizar\u00e1 la zona que se moderniz\u00f3 y que era ocupada por el otrora Estado Mayor Presidencial. \u201cAh\u00ed vamos a atender en lo que era la oficina del Estado Mayor para no utilizar el comedor principal\u201d de este lugar.<\/p>\n<p>A\u00f1adi\u00f3 que ese sito se utilizar\u00e1 solo para ceremonias de trascendencia cultural, diplom\u00e1tica o de otra \u00edndole. Adem\u00e1s, se cuidar\u00e1 el piso de los salones y \u00e1reas hist\u00f3ricas con alfombras angostas, para que pueda ser admirado por los asistentes.<\/p>\n","protected":false},"excerpt":{"rendered":"<p>El presidente Andr\u00e9s Manuel L\u00f3pez Obrador dio a conocer los planos del departamento de 300 metros cuadrados al que se mud\u00f3 en Palacio Nacional, sin embargo, se reserv\u00f3 la ubicaci\u00f3n del mismo.<\/p>\n","protected":false},"author":3,"featured_media":437186,"comment_status":"open","ping_status":"open","sticky":false,"template":"","format":"standard","meta":{"_monsterinsights_skip_tracking":false,"_monsterinsights_sitenote_active":false,"_monsterinsights_sitenote_note":"","_monsterinsights_sitenote_category":0,"footnotes":""},"categories":[25512],"tags":[2545,87002,43673,373],"class_list":["post-437114","post","type-post","status-publish","format-standard","has-post-thumbnail","hentry","category-nacional-nacional","tag-amlo","tag-departamento","tag-nacional","tag-palacio-nacional"],"_links":{"self":[{"href":"https:\/\/www.diarioimagen.net\/index.php?rest_route=\/wp\/v2\/posts\/437114","targetHints":{"allow":["GET"]}}],"collection":[{"href":"https:\/\/www.diarioimagen.net\/index.php?rest_route=\/wp\/v2\/posts"}],"about":[{"href":"https:\/\/www.diarioimagen.net\/index.php?rest_route=\/wp\/v2\/types\/post"}],"author":[{"embeddable":true,"href":"https:\/\/www.diarioimagen.net\/index.php?rest_route=\/wp\/v2\/users\/3"}],"replies":[{"embeddable":true,"href":"https:\/\/www.diarioimagen.net\/index.php?rest_route=%2Fwp%2Fv2%2Fcomments&post=437114"}],"version-history":[{"count":0,"href":"https:\/\/www.diarioimagen.net\/index.php?rest_route=\/wp\/v2\/posts\/437114\/revisions"}],"wp:featuredmedia":[{"embeddable":true,"href":"https:\/\/www.diarioimagen.net\/index.php?rest_route=\/wp\/v2\/media\/437186"}],"wp:attachment":[{"href":"https:\/\/www.diarioimagen.net\/index.php?rest_route=%2Fwp%2Fv2%2Fmedia&parent=437114"}],"wp:term":[{"taxonomy":"category","embeddable":true,"href":"https:\/\/www.diarioimagen.net\/index.php?rest_route=%2Fwp%2Fv2%2Fcategories&post=437114"},{"taxonomy":"post_tag","embeddable":true,"href":"https:\/\/www.diarioimagen.net\/index.php?rest_route=%2Fwp%2Fv2%2Ftags&post=437114"}],"curies":[{"name":"wp","href":"https:\/\/api.w.org\/{rel}","templated":true}]}}