{"id":437302,"date":"2019-08-01T00:09:43","date_gmt":"2019-08-01T05:09:43","guid":{"rendered":"https:\/\/www.diarioimagen.net\/?p=437302"},"modified":"2019-08-01T04:18:27","modified_gmt":"2019-08-01T09:18:27","slug":"bomberos-dan-platicas-a-menores-sobre-que-hacer-en-caso-de-incendio","status":"publish","type":"post","link":"https:\/\/www.diarioimagen.net\/?p=437302","title":{"rendered":"Bomberos dan pl\u00e1ticas a menores sobre qu\u00e9 hacer en caso de incendio"},"content":{"rendered":"<ul>\n<li><strong><em>Cursos de verano que imparte el gobierno de Huixquilucan<\/em><\/strong><\/li>\n<\/ul>\n<p>&nbsp;<\/p>\n<div id=\"attachment_437374\" style=\"width: 470px\" class=\"wp-caption aligncenter\"><a href=\"https:\/\/www.diarioimagen.net\/?attachment_id=437374\" rel=\"attachment wp-att-437374\"><img loading=\"lazy\" decoding=\"async\" aria-describedby=\"caption-attachment-437374\" class=\"size-large wp-image-437374\" src=\"https:\/\/www.diarioimagen.net\/wp-content\/uploads\/2019\/08\/HUIXQUILUCAN-1-460x259.jpg\" alt=\"\" width=\"460\" height=\"259\" srcset=\"https:\/\/www.diarioimagen.net\/wp-content\/uploads\/2019\/08\/HUIXQUILUCAN-1-460x259.jpg 460w, https:\/\/www.diarioimagen.net\/wp-content\/uploads\/2019\/08\/HUIXQUILUCAN-1-240x135.jpg 240w, https:\/\/www.diarioimagen.net\/wp-content\/uploads\/2019\/08\/HUIXQUILUCAN-1-235x132.jpg 235w, https:\/\/www.diarioimagen.net\/wp-content\/uploads\/2019\/08\/HUIXQUILUCAN-1-202x114.jpg 202w, https:\/\/www.diarioimagen.net\/wp-content\/uploads\/2019\/08\/HUIXQUILUCAN-1-350x196.jpg 350w, https:\/\/www.diarioimagen.net\/wp-content\/uploads\/2019\/08\/HUIXQUILUCAN-1-220x123.jpg 220w, https:\/\/www.diarioimagen.net\/wp-content\/uploads\/2019\/08\/HUIXQUILUCAN-1-237x132.jpg 237w, https:\/\/www.diarioimagen.net\/wp-content\/uploads\/2019\/08\/HUIXQUILUCAN-1.jpg 480w\" sizes=\"auto, (max-width: 460px) 100vw, 460px\" \/><\/a><p id=\"caption-attachment-437374\" class=\"wp-caption-text\">Menores de entre 6 y 13 a\u00f1os de edad, acudieron a una pl\u00e1tica interactiva que ofreci\u00f3 personal del Heroico Cuerpo de Bomberos e esta ciudad.<\/p><\/div>\n<p>&nbsp;<\/p>\n<p><strong>Huixquilucan, Estado de M\u00e9xico<\/strong>.- Como parte de los cursos de verano que imparte el gobierno municipal, que encabeza Enrique Vargas del Villar, menores de entre 6 y 13 a\u00f1os de edad, acudieron a una pl\u00e1tica interactiva que ofreci\u00f3 personal del Heroico Cuerpo de Bomberos de esta ciudad.<\/p>\n<p>En la biblioteca, ubicada en el Jard\u00edn de la Cultura, los ni\u00f1os recibieron informaci\u00f3n sobre qu\u00e9 hacer en caso de incendio, cu\u00e1l es el equipo que utilizan los bomberos para su trabajo y el uso responsable de las llamadas de emergencia.<\/p>\n<p>Edgar Cisneros, jefe del Departamento de Bomberos, coment\u00f3 que los menores fueron muy activos en su participaci\u00f3n, sobre todo cuando se les mostr\u00f3 el uso y manejo del equipo que se utiliza para cubrir un servicio y tambi\u00e9n la importancia de tener en casa un extintor. \u201cSe mostraron muy interesados en todos los temas que se expusieron y muchos de ellos reconocieron que no cuentan con extintor en su hogar\u201d.<\/p>\n<p>Los infantes reconocieron, que una llamada falsa a los n\u00fameros de emergencia\u00a0\u00a0no son buenas, ya que saben del riesgo que representa distraer a los bomberos, cuando tal vez se est\u00e9 registrando un incidente real y no hay personal para atenderlo.<\/p>\n","protected":false},"excerpt":{"rendered":"<p>Como parte de los cursos de verano que imparte el gobierno municipal, que encabeza Enrique Vargas del Villar, menores de entre 6 y 13 a\u00f1os de edad, acudieron a una pl\u00e1tica interactiva que ofreci\u00f3 personal del Heroico Cuerpo de Bomberos de esta ciudad.<\/p>\n","protected":false},"author":3,"featured_media":437374,"comment_status":"open","ping_status":"open","sticky":false,"template":"","format":"standard","meta":{"_monsterinsights_skip_tracking":false,"_monsterinsights_sitenote_active":false,"_monsterinsights_sitenote_note":"","_monsterinsights_sitenote_category":0,"footnotes":""},"categories":[5],"tags":[58,43675,1097,8065],"class_list":["post-437302","post","type-post","status-publish","format-standard","has-post-thumbnail","hentry","category-estado-de-mexico","tag-bomberos","tag-estado-de-mexico","tag-huixquilucan","tag-incendio"],"_links":{"self":[{"href":"https:\/\/www.diarioimagen.net\/index.php?rest_route=\/wp\/v2\/posts\/437302","targetHints":{"allow":["GET"]}}],"collection":[{"href":"https:\/\/www.diarioimagen.net\/index.php?rest_route=\/wp\/v2\/posts"}],"about":[{"href":"https:\/\/www.diarioimagen.net\/index.php?rest_route=\/wp\/v2\/types\/post"}],"author":[{"embeddable":true,"href":"https:\/\/www.diarioimagen.net\/index.php?rest_route=\/wp\/v2\/users\/3"}],"replies":[{"embeddable":true,"href":"https:\/\/www.diarioimagen.net\/index.php?rest_route=%2Fwp%2Fv2%2Fcomments&post=437302"}],"version-history":[{"count":0,"href":"https:\/\/www.diarioimagen.net\/index.php?rest_route=\/wp\/v2\/posts\/437302\/revisions"}],"wp:featuredmedia":[{"embeddable":true,"href":"https:\/\/www.diarioimagen.net\/index.php?rest_route=\/wp\/v2\/media\/437374"}],"wp:attachment":[{"href":"https:\/\/www.diarioimagen.net\/index.php?rest_route=%2Fwp%2Fv2%2Fmedia&parent=437302"}],"wp:term":[{"taxonomy":"category","embeddable":true,"href":"https:\/\/www.diarioimagen.net\/index.php?rest_route=%2Fwp%2Fv2%2Fcategories&post=437302"},{"taxonomy":"post_tag","embeddable":true,"href":"https:\/\/www.diarioimagen.net\/index.php?rest_route=%2Fwp%2Fv2%2Ftags&post=437302"}],"curies":[{"name":"wp","href":"https:\/\/api.w.org\/{rel}","templated":true}]}}