{"id":437306,"date":"2019-08-01T00:07:26","date_gmt":"2019-08-01T05:07:26","guid":{"rendered":"https:\/\/www.diarioimagen.net\/?p=437306"},"modified":"2019-08-01T04:20:04","modified_gmt":"2019-08-01T09:20:04","slug":"el-dif-de-nicolas-romero-mejora-calidad-de-vida-de-adultos-mayores","status":"publish","type":"post","link":"https:\/\/www.diarioimagen.net\/?p=437306","title":{"rendered":"El DIF de Nicol\u00e1s Romero mejora calidad de vida de adultos mayores"},"content":{"rendered":"<ul>\n<li><strong><em>Les entregan aparatos utilitarios<\/em><\/strong><\/li>\n<\/ul>\n<p>&nbsp;<\/p>\n<div id=\"attachment_437380\" style=\"width: 470px\" class=\"wp-caption aligncenter\"><a href=\"https:\/\/www.diarioimagen.net\/?attachment_id=437380\" rel=\"attachment wp-att-437380\"><img loading=\"lazy\" decoding=\"async\" aria-describedby=\"caption-attachment-437380\" class=\"size-large wp-image-437380\" src=\"https:\/\/www.diarioimagen.net\/wp-content\/uploads\/2019\/08\/NICOLAS-1-460x259.jpg\" alt=\"\" width=\"460\" height=\"259\" srcset=\"https:\/\/www.diarioimagen.net\/wp-content\/uploads\/2019\/08\/NICOLAS-1-460x259.jpg 460w, https:\/\/www.diarioimagen.net\/wp-content\/uploads\/2019\/08\/NICOLAS-1-240x135.jpg 240w, https:\/\/www.diarioimagen.net\/wp-content\/uploads\/2019\/08\/NICOLAS-1-235x132.jpg 235w, https:\/\/www.diarioimagen.net\/wp-content\/uploads\/2019\/08\/NICOLAS-1-202x114.jpg 202w, https:\/\/www.diarioimagen.net\/wp-content\/uploads\/2019\/08\/NICOLAS-1-350x196.jpg 350w, https:\/\/www.diarioimagen.net\/wp-content\/uploads\/2019\/08\/NICOLAS-1-220x123.jpg 220w, https:\/\/www.diarioimagen.net\/wp-content\/uploads\/2019\/08\/NICOLAS-1-237x132.jpg 237w, https:\/\/www.diarioimagen.net\/wp-content\/uploads\/2019\/08\/NICOLAS-1.jpg 480w\" sizes=\"auto, (max-width: 460px) 100vw, 460px\" \/><\/a><p id=\"caption-attachment-437380\" class=\"wp-caption-text\">El DIF entreg\u00f3 aparatos utilitarios a personas de la tercera edad, para mejorarles su calidad de vida.<\/p><\/div>\n<p>&nbsp;<\/p>\n<p><strong>Nicol\u00e1s Romero, Estado de M\u00e9xico<\/strong>.- Personal del Sistema Municipal DIF, en coordinaci\u00f3n con el DIF Estado de M\u00e9xico, entreg\u00f3 aparatos utilitarios a personas de la tercera edad, con el fin de mejorarles su calidad de vida.<\/p>\n<p>La actividad se llev\u00f3 a cabo en la Plaza Estado de M\u00e9xico, colonia Libertad, donde se inform\u00f3 que fueron entregadas 90 sillas de ruedas, 10 andaderas, 30 bastones y 40 paquetes de pa\u00f1ales, art\u00edculos que beneficiaron a 170 personas y para los cuales se invirtieron 1.4 millones de pesos.<\/p>\n<p>\u201cEstamos seguros que esta entrega, sin duda alguna, ayuda a mejorar la calidad de vida y eso es lo m\u00e1s importante. Cualquier acci\u00f3n de gobierno tiene que traducirse en un beneficio directo para la gente, si no, de poco sirven las gestiones o el ejercicio de la responsabilidad\u201c, consider\u00f3 al alcalde Armando Navarrete.<\/p>\n<p>\u201cEs fundamental que la Cuarta Transformaci\u00f3n y los esfuerzos de cualquier orden de gobierno terminen siendo significativos en su vida cotidiana\u201c.<\/p>\n<p>Con esta entrega se contabilizan ya 5 mil 367 personas adultas mayores que recibieron aparatos funcionales de distintos municipios este a\u00f1o.<\/p>\n<p>Miguel \u00c1ngel Torres Cabello, director del DIF Estado de M\u00e9xico, destac\u00f3 la apertura del gobierno nicolasromerense para beneficiar a la ciudadan\u00eda.<\/p>\n<p>\u201cEsto es gracias a la gesti\u00f3n de un amigo que est\u00e1 con nosotros, a quien agradezco su recepci\u00f3n su bienvenida. Esto se hace gracias a la labor coordinada del alcalde y del gobernador Alfredo Del Mazo y de la presidenta del DIF, Fernanda Castillo\u201c.<\/p>\n<p>Se\u00f1al\u00f3 que se esperan m\u00e1s beneficios, como el equipamiento de la Casa de D\u00eda Fernando Castro, en el centro de esta demarcaci\u00f3n, al cual le destinar\u00e1n 240 mil pesos.<\/p>\n<p>\u201cLa vamos a equipar este a\u00f1o y van a tener ya su gimnasio, \u00e1reas de juegos, su pantalla para cine\u2026 para que tengan ustedes un espacio donde reunirse, bailar, platicar, tomar un curso,\u00a0 tejer o elaborar una artesan\u00eda y donde jugar\u201c, se\u00f1al\u00f3 Torres Cabello.<\/p>\n<p>Dijo tambi\u00e9n que el a\u00f1o pasado se construyeron 10 Casas de D\u00eda del Adulto Mayor en el Estado de M\u00e9xico y este a\u00f1o se habr\u00e1 seis m\u00e1s.<\/p>\n<p>Adem\u00e1s, este a\u00f1o se equipar\u00e1n 50 inmuebles de ese tipo, mismos que se sumar\u00e1n a las 58 casas equipadas el a\u00f1o pasado en territorio mexiquense.<\/p>\n","protected":false},"excerpt":{"rendered":"<p>Personal del Sistema Municipal DIF, en coordinaci\u00f3n con el DIF Estado de M\u00e9xico, entreg\u00f3 aparatos utilitarios a personas de la tercera edad, con el fin de mejorarles su calidad de vida.<\/p>\n","protected":false},"author":3,"featured_media":437380,"comment_status":"open","ping_status":"open","sticky":false,"template":"","format":"standard","meta":{"_monsterinsights_skip_tracking":false,"_monsterinsights_sitenote_active":false,"_monsterinsights_sitenote_note":"","_monsterinsights_sitenote_category":0,"footnotes":""},"categories":[5],"tags":[22805,19954],"class_list":["post-437306","post","type-post","status-publish","format-standard","has-post-thumbnail","hentry","category-estado-de-mexico","tag-adulto-mayor","tag-calidad"],"_links":{"self":[{"href":"https:\/\/www.diarioimagen.net\/index.php?rest_route=\/wp\/v2\/posts\/437306","targetHints":{"allow":["GET"]}}],"collection":[{"href":"https:\/\/www.diarioimagen.net\/index.php?rest_route=\/wp\/v2\/posts"}],"about":[{"href":"https:\/\/www.diarioimagen.net\/index.php?rest_route=\/wp\/v2\/types\/post"}],"author":[{"embeddable":true,"href":"https:\/\/www.diarioimagen.net\/index.php?rest_route=\/wp\/v2\/users\/3"}],"replies":[{"embeddable":true,"href":"https:\/\/www.diarioimagen.net\/index.php?rest_route=%2Fwp%2Fv2%2Fcomments&post=437306"}],"version-history":[{"count":0,"href":"https:\/\/www.diarioimagen.net\/index.php?rest_route=\/wp\/v2\/posts\/437306\/revisions"}],"wp:featuredmedia":[{"embeddable":true,"href":"https:\/\/www.diarioimagen.net\/index.php?rest_route=\/wp\/v2\/media\/437380"}],"wp:attachment":[{"href":"https:\/\/www.diarioimagen.net\/index.php?rest_route=%2Fwp%2Fv2%2Fmedia&parent=437306"}],"wp:term":[{"taxonomy":"category","embeddable":true,"href":"https:\/\/www.diarioimagen.net\/index.php?rest_route=%2Fwp%2Fv2%2Fcategories&post=437306"},{"taxonomy":"post_tag","embeddable":true,"href":"https:\/\/www.diarioimagen.net\/index.php?rest_route=%2Fwp%2Fv2%2Ftags&post=437306"}],"curies":[{"name":"wp","href":"https:\/\/api.w.org\/{rel}","templated":true}]}}