{"id":437308,"date":"2019-08-01T00:06:44","date_gmt":"2019-08-01T05:06:44","guid":{"rendered":"https:\/\/www.diarioimagen.net\/?p=437308"},"modified":"2019-08-01T04:21:14","modified_gmt":"2019-08-01T09:21:14","slug":"inicia-rescate-de-sitios-historicos-de-cuautitlan","status":"publish","type":"post","link":"https:\/\/www.diarioimagen.net\/?p=437308","title":{"rendered":"Inicia rescate de sitios hist\u00f3ricos de Cuautitl\u00e1n"},"content":{"rendered":"<p><a href=\"https:\/\/www.diarioimagen.net\/?attachment_id=437382\" rel=\"attachment wp-att-437382\"><img loading=\"lazy\" decoding=\"async\" class=\"aligncenter size-large wp-image-437382\" src=\"https:\/\/www.diarioimagen.net\/wp-content\/uploads\/2019\/08\/CUAUTITLAN-1-460x259.jpg\" alt=\"\" width=\"460\" height=\"259\" srcset=\"https:\/\/www.diarioimagen.net\/wp-content\/uploads\/2019\/08\/CUAUTITLAN-1-460x259.jpg 460w, https:\/\/www.diarioimagen.net\/wp-content\/uploads\/2019\/08\/CUAUTITLAN-1-240x135.jpg 240w, https:\/\/www.diarioimagen.net\/wp-content\/uploads\/2019\/08\/CUAUTITLAN-1-235x132.jpg 235w, https:\/\/www.diarioimagen.net\/wp-content\/uploads\/2019\/08\/CUAUTITLAN-1-202x114.jpg 202w, https:\/\/www.diarioimagen.net\/wp-content\/uploads\/2019\/08\/CUAUTITLAN-1-350x196.jpg 350w, https:\/\/www.diarioimagen.net\/wp-content\/uploads\/2019\/08\/CUAUTITLAN-1-220x123.jpg 220w, https:\/\/www.diarioimagen.net\/wp-content\/uploads\/2019\/08\/CUAUTITLAN-1-237x132.jpg 237w, https:\/\/www.diarioimagen.net\/wp-content\/uploads\/2019\/08\/CUAUTITLAN-1.jpg 480w\" sizes=\"auto, (max-width: 460px) 100vw, 460px\" \/><\/a><\/p>\n<p>&nbsp;<\/p>\n<p><strong>Cuautitl\u00e1n, Estado de M\u00e9xico.- <\/strong>Reconocernos como los poseedores de la historia de esta ciudad, nos da la capacidad de transformar nuestro municipio, mejorar nuestro entorno social y recuperar espacios de valor hist\u00f3rico, reconoci\u00f3 el presidente municipal Ariel Ju\u00e1rez Rodr\u00edguez, durante un recorrido con personal del Instituto Nacional de Antropolog\u00eda e Historia, INAH.<\/p>\n<p>La visita de Antonio Huitr\u00f3n, delegado de INAH en la entidad, responde a los trabajos de recuperaci\u00f3n de lugares y edificios que emprendi\u00f3 el Instituto Municipal de Cultura y Vestigios Arqueol\u00f3gicos, con lo que se proyecta la firma de un convenio de colaboraci\u00f3n para iniciar el rescate y conservaci\u00f3n de inmuebles, destac\u00f3 Ju\u00e1rez Rodr\u00edguez.<\/p>\n<p>Desde los primeros asentamientos teotihuacanos y toltecas, que hoy se ubican en el \u201cTorremote\u201d, en las inmediaciones del fraccionamiento Joyas de Cuautitl\u00e1n, se tiene contemplada la recuperaci\u00f3n de una base piramidal y otras construcciones para su conservaci\u00f3n y la creaci\u00f3n de un proyecto de parque urbano arqueol\u00f3gico, con rutas de recorrido y foros abiertos para actividades culturales.<\/p>\n<p>Personal de Cultura municipal, destac\u00f3 que se elaborar\u00e1 de forma conjunta el proyecto para recuperar: la Cruz Atrial, la Capilla de la Inmaculada Concepci\u00f3n, la Casa de la Cultura, estaciones de trenes, as\u00ed como la Capilla y Cruz Atrial de San Jos\u00e9 Milla, la Hacienda de San Mateo (lugar de nacimiento del pintor Luis Nishizawa), la fachada de la hacienda Las Cazuelas y la capilla de Santa Ana y San Joaqu\u00edn\u00a0 en Tlaltepan, entre otras.<\/p>\n<p>En el caso de las (dos) estaciones de trenes se buscar\u00e1 informaci\u00f3n con Patrimonio Ferrocarrilero, con el fin de conocer su catalogaci\u00f3n y status de estos inmuebles que iniciaron sus actividades con la inauguraci\u00f3n del servicio entre M\u00e9xico y Nuevo Laredo en 1888.<\/p>\n<p>El acercamiento con el INAH permitir\u00e1 obtener los permisos y gu\u00edas para realizar los trabajos bajo la supervisi\u00f3n de los especialistas y tener la posibilidad de presentarlos como estaban en su estado original.<\/p>\n","protected":false},"excerpt":{"rendered":"<p>Reconocernos como los poseedores de la historia de esta ciudad, nos da la capacidad de transformar nuestro municipio, mejorar nuestro entorno social y recuperar espacios de valor hist\u00f3rico, reconoci\u00f3 el presidente municipal Ariel Ju\u00e1rez Rodr\u00edguez, durante un recorrido con personal del Instituto Nacional de Antropolog\u00eda e Historia, INAH.<\/p>\n","protected":false},"author":3,"featured_media":437382,"comment_status":"open","ping_status":"open","sticky":false,"template":"","format":"standard","meta":{"_monsterinsights_skip_tracking":false,"_monsterinsights_sitenote_active":false,"_monsterinsights_sitenote_note":"","_monsterinsights_sitenote_category":0,"footnotes":""},"categories":[5],"tags":[681,43675,74991,728],"class_list":["post-437308","post","type-post","status-publish","format-standard","has-post-thumbnail","hentry","category-estado-de-mexico","tag-cuautitlan","tag-estado-de-mexico","tag-historico","tag-rescate"],"_links":{"self":[{"href":"https:\/\/www.diarioimagen.net\/index.php?rest_route=\/wp\/v2\/posts\/437308","targetHints":{"allow":["GET"]}}],"collection":[{"href":"https:\/\/www.diarioimagen.net\/index.php?rest_route=\/wp\/v2\/posts"}],"about":[{"href":"https:\/\/www.diarioimagen.net\/index.php?rest_route=\/wp\/v2\/types\/post"}],"author":[{"embeddable":true,"href":"https:\/\/www.diarioimagen.net\/index.php?rest_route=\/wp\/v2\/users\/3"}],"replies":[{"embeddable":true,"href":"https:\/\/www.diarioimagen.net\/index.php?rest_route=%2Fwp%2Fv2%2Fcomments&post=437308"}],"version-history":[{"count":0,"href":"https:\/\/www.diarioimagen.net\/index.php?rest_route=\/wp\/v2\/posts\/437308\/revisions"}],"wp:featuredmedia":[{"embeddable":true,"href":"https:\/\/www.diarioimagen.net\/index.php?rest_route=\/wp\/v2\/media\/437382"}],"wp:attachment":[{"href":"https:\/\/www.diarioimagen.net\/index.php?rest_route=%2Fwp%2Fv2%2Fmedia&parent=437308"}],"wp:term":[{"taxonomy":"category","embeddable":true,"href":"https:\/\/www.diarioimagen.net\/index.php?rest_route=%2Fwp%2Fv2%2Fcategories&post=437308"},{"taxonomy":"post_tag","embeddable":true,"href":"https:\/\/www.diarioimagen.net\/index.php?rest_route=%2Fwp%2Fv2%2Ftags&post=437308"}],"curies":[{"name":"wp","href":"https:\/\/api.w.org\/{rel}","templated":true}]}}