{"id":437326,"date":"2019-08-01T00:02:32","date_gmt":"2019-08-01T05:02:32","guid":{"rendered":"https:\/\/www.diarioimagen.net\/?p=437326"},"modified":"2019-08-01T02:19:56","modified_gmt":"2019-08-01T07:19:56","slug":"ley-garrote-hecha-a-modo-para-amlo","status":"publish","type":"post","link":"https:\/\/www.diarioimagen.net\/?p=437326","title":{"rendered":"\u201cLey garrote\u201d, hecha a modo para AMLO"},"content":{"rendered":"<h2>La Retaguardia<\/h2>\n<h5>Adriana Moreno Cordero<\/h5>\n<p><em>\u00a0<\/em><\/p>\n<ul>\n<li><strong><em>26 a\u00f1os de TV Azteca<\/em><\/strong><\/li>\n<li><strong><em>M\u00f3nica Fern\u00e1ndez suena para presidir Senado<\/em><\/strong><\/li>\n<\/ul>\n<p>&nbsp;<\/p>\n<p>La controvertida \u201cley garrote\u201d fue objeto de discusi\u00f3n en la sesi\u00f3n de la Comisi\u00f3n Permanente del Congreso de la Uni\u00f3n, misma que ha dividido hasta a los propios integrantes, especialmente de la \u00e9lite del partido del presidente <strong>Andr\u00e9s Manuel L\u00f3pez Obrador<\/strong>, as\u00ed que, \u00bfqu\u00e9 podr\u00eda esperar el gobernador de Tabasco, <strong>Ad\u00e1n Augusto L\u00f3pez<\/strong>, que hasta la oposici\u00f3n la apruebe sin mayor problema, s\u00f3lo porque dijo una y otra vez que no hab\u00eda dedicatoria para quienes se manifiesten en contra de la refiner\u00eda de Dos Bocas, que se supone hoy inicia sus trabajos de construcci\u00f3n?, por cierto, dicha ley ya fue publicada por el gobernador Ad\u00e1n Augusto L\u00f3pez en el <em>Peri\u00f3dico Oficial<\/em> del estado.<\/p>\n<p>Tanto el diputado <strong>Alfonso Ram\u00edrez Cu\u00e9llar,<\/strong> como el subsecretario de Segob, <strong>Alejandro Encinas<\/strong>, han coincidido en que la \u201cley garrote\u201d se debe de revisar porque intenta lesionar los derechos humanos y conculca los m\u00e1s elementales derechos ciudadanos, mientras por su parte, el Presidente prefiere, como siempre, lavarse las manos, total, ya tiene una ley configurada totalmente a modo para defender uno de sus proyectos m\u00e1s preciados, como es Dos Bocas.<\/p>\n<p>Desde la oposici\u00f3n, la opini\u00f3n de <strong>Diego Fern\u00e1ndez de Cevallos<\/strong> es contundente, al considerar que mientras que L\u00f3pez Obrador era luchador social, se le toleraron cualquier cantidad de fechor\u00edas que durante muchos a\u00f1os cometi\u00f3 y, a la vuelta de los a\u00f1os, ahora resulta que ser\u00e1n ser\u00e1n severamente castigados con hasta 20 a\u00f1os de c\u00e1rcel, quienes se atrevan a manifestarse en contra de la construcci\u00f3n de dicha refiner\u00eda y todav\u00eda falta lo que pase con el proyecto del Tren Maya.<\/p>\n<p>Sin duda y como el propio <em>Jefe<\/em> Diego lo subray\u00f3, en la \u201cley garrote\u201d prevalece una doble moral, pues por un lado, el Presidente hace alarde de honestidad, austeridad republicana y qui\u00e9n sabe cu\u00e1ntas cosas m\u00e1s, mientras que por el otro, s\u00f3lo sabe aferrarse al poder y mentir, exhibiendo su faceta m\u00e1s autoritaria, \u00bfo no?<\/p>\n<p>Un punto interesante, por otra parte, record\u00f3 la senadora panista <strong>Kenia L\u00f3pez Rabad\u00e1n<\/strong>, al se\u00f1alar que \u201ces sistem\u00e1tica la violaci\u00f3n a los derechos humanos por este gobierno: No van a confundir a la ciudadan\u00eda, es claro que hoy M\u00e9xico sufre un detrimento de sus derechos; suena incre\u00edble pensar que discutamos sobre la libre manifestaci\u00f3n. AMLO tom\u00f3 cuatro veces los pozos petroleros, hubiera estado m\u00e1s de 50 a\u00f1os en c\u00e1rcel\u201d. Efectivamente, muchos son los que ya han hecho n\u00fameros para ver cu\u00e1ntos a\u00f1os de prisi\u00f3n deber\u00eda cumplir el Ejecutivo. \u00a1Qu\u00e9 tal!<\/p>\n<p style=\"text-align: center;\"><strong>MUNICIONES<\/strong><\/p>\n<p>*** Ma\u00f1ana,\u00a0<strong>Tv Azteca<\/strong>\u00a0cumplir\u00e1 26 a\u00f1os de haberse perfilado como una opci\u00f3n en la televisi\u00f3n mexicana, imponiendo desde el primer d\u00eda de transmisiones su sello de innovar para transformar a la televisi\u00f3n mexicana, bajo el liderazgo de\u00a0<strong>Ricardo Salinas Pliego<\/strong>\u00a0y que hoy lidera con esa misma visi\u00f3n y filosof\u00eda su hijo,\u00a0Benjam\u00edn Salinas, quien festej\u00f3 y convivi\u00f3 con camar\u00f3grafos, editores, guionistas, productores, conductores, maquillistas, directiv<strong>g<\/strong>o\u00a0y que hoy lidera con esa misma visi\u00f3n y filosof\u00eda su hijo,\u00a0<strong>Benjam\u00edn Salinas<\/strong>, quien festej\u00f3 y convivi\u00f3 con camar\u00f3grafos, editores, guionistas, productores, conductores, maquillistas, directivos, que se dieron cita en los foros de la televisora para escuchar en voz de su director, datos y cifras que se traducen en un futuro promisorio y de \u00e9xito para la televisora del Ajusco. Salinas Sada se\u00f1al\u00f3 que hoy los mexicanos dedican diariamente 1 hora con 39 minutos de su tiempo para ver Tv Azteca, donde las transmisiones especiales han registrado audiencias hist\u00f3ricas frente a su competencia. Tan s\u00f3lo en lo que va de este 2019, durante la entrega del Oscar registr\u00f3 3.1 millones de tele-espectadores; se llev\u00f3 la Copa Am\u00e9rica con 88% m\u00e1s de audiencia que Televisa; se alz\u00f3 con la Copa de Oro con m\u00e1s de 20 puntos de rating frente a su competencia y qu\u00e9 decir en el \u00faltimo combate del \u201cCanelo\u201d \u00c1lvarez donde gan\u00f3 con 21.3 de rating, frente a los 13.9 de Televisa. Benjam\u00edn Salinas\u00a0 agradeci\u00f3, \u201ca toda la gente que trabaja en Tv Azteca, por su dedicaci\u00f3n para hacer de Tv Azteca la mejor televisi\u00f3n de M\u00e9xico. Ante las incertidumbres aqu\u00ed estamos. Vamos en muy buena direcci\u00f3n, muy cerca de la meta\u201d.<\/p>\n<p>*** El legislador <strong>Armando Guadiana<\/strong> subi\u00f3 a un chat de senadores de Morena que <strong>M\u00f3nica Fern\u00e1ndez<\/strong> ser\u00e1 la candidata a presidir la Mesa Directiva del Senado de la Rep\u00fablica, cuesti\u00f3n que tuvo una excelente aceptaci\u00f3n en la mayor\u00eda de los integrantes de dicho chat, al tiempo que origin\u00f3 los malos comentarios respecto al comportamiento poco ortodoxo con el que se maneja la dirigente de Morena, <strong>Yeidckol Polevnsky<\/strong>, pues muchos confirmaron recibir llamadas en las que la tambi\u00e9n empresaria, les ofrece puestos dentro de las comisiones estatales para su gente de confianza a cambio de favorecer con su voto ni m\u00e1s ni menos que a <strong>Mart\u00ed Batres<\/strong> para repetir en la presidencia de la C\u00e1mara alta y de esta manera permanecer en el poder, al\u00a0 que por cierto el senador se aferra \u201ccon u\u00f1as y dientes\u201d.<\/p>\n<p>*** El ex presdente de la ANIERM, <strong>Arturo P\u00e9rez Behr<\/strong>, hizo hincapi\u00e9 al se\u00f1alar que si bien en Tijuana existen m\u00e1s de 80 mil Unidades de Negocios, de los cuales, el 90 por ciento corresponde al segmento de MiPymes, donde est\u00e1 el mayor nicho de oportunidad para articular la oferta potencial local hacia nuevos mercados. Desafortunadamente, tambi\u00e9n se da un desconocimiento sobre apoyos e informaci\u00f3n clave para la asistencia t\u00e9cnica que fortalezca la oferta exportable bajacaliforniana\u00a0 de manera particular por cupuesto, de Tijuana.<\/p>\n<p>*** Y \u00a1vaya! que el ahora flamante secretario de Hacienda, <strong>Arturo Herrera<\/strong>, tiene la cara dura y ya est\u00e1 acostumbrado a \u201ctragar sapos\u201d sin hacer gestos. Resulta que de nueva cuenta, el presidente L\u00f3pez Obrador, le \u201cenmend\u00f3 la plana\u201d pues hace unos d\u00edas, el responsable de las finanzas p\u00fablicas se\u00f1al\u00f3 que hab\u00eda un subejercicio de algo as\u00ed como 175 mil millones de pesos y no pas\u00f3 mucho tiempo cuando en su gustada conferencia matutina, el tabasque\u00f1o declar\u00f3 que eso del subejercicio, \u201cse ha manejado sin sustento\u201d. \u00a1\u00a1Zaaas!!<\/p>\n<p>*** Tambi\u00e9n en la sesi\u00f3n de la Comisi\u00f3n Permanente, el coordinador de Morena en San L\u00e1zaro, <strong>Mario Mart\u00edn Delgado<\/strong>, inform\u00f3 que se acelerar\u00e1 la demanda en contra de <strong>Rosario Robles<\/strong> y record\u00f3 que hay una demanda de juicio pol\u00edtico en contra de Robles en la C\u00e1mara de Diputados, \u201cque vamos a acelerar. Vamos a ver en qu\u00e9 estado est\u00e1 esa demanda, este proceso porque creo que desviaciones tan claras, robos tan claros como el que vimos en la<em> estafa maestra<\/em> no pueden quedar impunes\u201d, por lo que demand\u00f3 que haya sanciones, hasta pol\u00edticas. La funcionaria de la administraci\u00f3n pasada podr\u00eda quedar inhabilitada de por vida. Delgado plante\u00f3 que se debe investigar a otros secretarios de Estado del presidente Enrique Pe\u00f1a Nieto. \u00bfNo te preocupes, Rosario?, no, pues ya no.<\/p>\n<p><a href=\"mailto:morcora@gmail.com\" target=\"_blank\" rel=\"noopener noreferrer\"><em>morcora@gmail.com<\/em><\/a><\/p>\n","protected":false},"excerpt":{"rendered":"<p><span style=\"color: #005497;\"><strong>Adriana Moreno Cordero<\/strong><\/span><\/p>\n","protected":false},"author":3,"featured_media":0,"comment_status":"open","ping_status":"open","sticky":false,"template":"","format":"standard","meta":{"_monsterinsights_skip_tracking":false,"_monsterinsights_sitenote_active":false,"_monsterinsights_sitenote_note":"","_monsterinsights_sitenote_category":0,"footnotes":""},"categories":[69370],"tags":[69369,69368,43674],"class_list":["post-437326","post","type-post","status-publish","format-standard","hentry","category-adriana-moreno-cordero","tag-adriana-moreno-cordero","tag-la-retaguardia","tag-opinion"],"_links":{"self":[{"href":"https:\/\/www.diarioimagen.net\/index.php?rest_route=\/wp\/v2\/posts\/437326","targetHints":{"allow":["GET"]}}],"collection":[{"href":"https:\/\/www.diarioimagen.net\/index.php?rest_route=\/wp\/v2\/posts"}],"about":[{"href":"https:\/\/www.diarioimagen.net\/index.php?rest_route=\/wp\/v2\/types\/post"}],"author":[{"embeddable":true,"href":"https:\/\/www.diarioimagen.net\/index.php?rest_route=\/wp\/v2\/users\/3"}],"replies":[{"embeddable":true,"href":"https:\/\/www.diarioimagen.net\/index.php?rest_route=%2Fwp%2Fv2%2Fcomments&post=437326"}],"version-history":[{"count":0,"href":"https:\/\/www.diarioimagen.net\/index.php?rest_route=\/wp\/v2\/posts\/437326\/revisions"}],"wp:attachment":[{"href":"https:\/\/www.diarioimagen.net\/index.php?rest_route=%2Fwp%2Fv2%2Fmedia&parent=437326"}],"wp:term":[{"taxonomy":"category","embeddable":true,"href":"https:\/\/www.diarioimagen.net\/index.php?rest_route=%2Fwp%2Fv2%2Fcategories&post=437326"},{"taxonomy":"post_tag","embeddable":true,"href":"https:\/\/www.diarioimagen.net\/index.php?rest_route=%2Fwp%2Fv2%2Ftags&post=437326"}],"curies":[{"name":"wp","href":"https:\/\/api.w.org\/{rel}","templated":true}]}}