{"id":437330,"date":"2019-08-01T00:03:34","date_gmt":"2019-08-01T05:03:34","guid":{"rendered":"https:\/\/www.diarioimagen.net\/?p=437330"},"modified":"2019-08-01T02:22:48","modified_gmt":"2019-08-01T07:22:48","slug":"juventud-acumulada-2","status":"publish","type":"post","link":"https:\/\/www.diarioimagen.net\/?p=437330","title":{"rendered":"Juventud acumulada"},"content":{"rendered":"<h2>Folclor urbano<\/h2>\n<h5>Salvador Estrada<\/h5>\n<p>&nbsp;<\/p>\n<p>La tercera edad es un tiempo que a todos nos alcanza y que debemos estar preparados, porque la soledad ser\u00e1 la compa\u00f1era de la etapa final.<\/p>\n<p>En el pa\u00eds existen cerca de 13 millones de ancianos,los cuales tienen vidas diferentes, pero con muchas coincidencias, que son los achaques de la edad y las enfermedades.<\/p>\n<p>Los hombres y mujeres que pasan de los 65 empiezan a conocer lo que es la llamada tercera edad o juventud acumulada y a\u00fan de pie, pese a que el reumatismo ya hizo acto de presencia en su vivir. todav\u00eda tienen ganas de trabajar de amar y ser amado.<\/p>\n<p>Un muestra se encuentra en los supermercados de la capital en donde \u201clos cerillos\u201d, los adolescentes que ayudaban a embolsar la mercanc\u00eda, fueron desplazados por sus abuelos, a fin de ganar un extra para su manutenci\u00f3n.<\/p>\n<p>A esa edad ya no les quieren emplear y aunque algunos est\u00e1n jubilados, no es mucho lo que reciben, busca estar activos y por esa raz\u00f3n est\u00e1n ah\u00ed \u201csirviendo y ganando\u201d.<\/p>\n<p>Adem\u00e1s de los males que padecen, la diabetes es com\u00fan en la mayor\u00eda \u00a0de ellos, sus ojos empiezan a da\u00f1arse, por la misma enfermedad no controlada, y hay cientos, miles de mujeres y \u00a0hombres de la tercera edad que tienen cataratas y glaucoma.<\/p>\n<p>Esos males visuales tienen que ser operados y en esta capital existen tres centros de m\u00e9dicos oftalm\u00f3logos, especializados en esas cirug\u00edas en cuyas cl\u00ednicas cobran 15 mil pesos por ojo operado.<\/p>\n<p>Esas clinicas-hospitales est\u00e1n saturadas de enfermos visuales, que de lunes a s\u00e1bado, est\u00e1n en espera de ser atendidos, luego de pagar su ficha, a fin de que despu\u00e9s de un examen minucioso les den fecha para su operaci\u00f3n.<\/p>\n<p>Lo m\u00e1s lamentable de llegar a vivir con la juventud acumulada es estar recluido en un asilo a donde los llevan los hijos que no los quieren en casa \u201cporque son una carga\u201d para la familia.<\/p>\n<p>En la Ciudad de M\u00e9xico existen 160 asilos en donde viven m\u00e1s de 4 mil ancianos, cuyos familiares pagan mensualmente al asilo para que se encarguen de atender al abuelo.<\/p>\n<p>No basta con que los viejos est\u00e9n atendidos en esos sitios porque se sienten solos. Todos quieren que sus hijos, hijas,nietos,cualesquiera integrante de la familia, acudan a verlo, a convivir con \u00e9l porque, como dijo el Papa Francisco, necesitan \u201ccari\u00f1o-terapia\u201d.<\/p>\n<p>Los ancianos necesitan tambi\u00e9n de los geriatras, que los atiendan, los examinen y \u201cles echen porras\u201d para que sigan adelante, aunque muchos est\u00e1n en silla de ruedas.<\/p>\n<p>La tercera edad es la edad m\u00e1s dif\u00edcil de vivir y a la que hay que enfrentarse para seguir adelante y a la que se debe cuidar con mucho amor, un amor que los alimente para llegar a cien.<\/p>\n<p><em><a href=\"mailto:chavasec@yahoo.com.mx\" target=\"_blank\" rel=\"noopener noreferrer\">chavasec@yahoo.com.mx<\/a><\/em><\/p>\n","protected":false},"excerpt":{"rendered":"<p><span style=\"color: #005497;\"><strong>Salvador Estrada<\/strong><\/span><\/p>\n","protected":false},"author":3,"featured_media":0,"comment_status":"open","ping_status":"open","sticky":false,"template":"","format":"standard","meta":{"_monsterinsights_skip_tracking":false,"_monsterinsights_sitenote_active":false,"_monsterinsights_sitenote_note":"","_monsterinsights_sitenote_category":0,"footnotes":""},"categories":[41601],"tags":[41599,43674,41600],"class_list":["post-437330","post","type-post","status-publish","format-standard","hentry","category-salvador-estrada-opinion","tag-folclor-urbano","tag-opinion","tag-salvador-estrada"],"_links":{"self":[{"href":"https:\/\/www.diarioimagen.net\/index.php?rest_route=\/wp\/v2\/posts\/437330","targetHints":{"allow":["GET"]}}],"collection":[{"href":"https:\/\/www.diarioimagen.net\/index.php?rest_route=\/wp\/v2\/posts"}],"about":[{"href":"https:\/\/www.diarioimagen.net\/index.php?rest_route=\/wp\/v2\/types\/post"}],"author":[{"embeddable":true,"href":"https:\/\/www.diarioimagen.net\/index.php?rest_route=\/wp\/v2\/users\/3"}],"replies":[{"embeddable":true,"href":"https:\/\/www.diarioimagen.net\/index.php?rest_route=%2Fwp%2Fv2%2Fcomments&post=437330"}],"version-history":[{"count":0,"href":"https:\/\/www.diarioimagen.net\/index.php?rest_route=\/wp\/v2\/posts\/437330\/revisions"}],"wp:attachment":[{"href":"https:\/\/www.diarioimagen.net\/index.php?rest_route=%2Fwp%2Fv2%2Fmedia&parent=437330"}],"wp:term":[{"taxonomy":"category","embeddable":true,"href":"https:\/\/www.diarioimagen.net\/index.php?rest_route=%2Fwp%2Fv2%2Fcategories&post=437330"},{"taxonomy":"post_tag","embeddable":true,"href":"https:\/\/www.diarioimagen.net\/index.php?rest_route=%2Fwp%2Fv2%2Ftags&post=437330"}],"curies":[{"name":"wp","href":"https:\/\/api.w.org\/{rel}","templated":true}]}}