{"id":437452,"date":"2019-08-02T00:09:25","date_gmt":"2019-08-02T05:09:25","guid":{"rendered":"https:\/\/www.diarioimagen.net\/?p=437452"},"modified":"2019-08-02T04:37:19","modified_gmt":"2019-08-02T09:37:19","slug":"el-gobierno-de-naucalpan-apuesta-por-rehabilitacion-de-espacios-publicos","status":"publish","type":"post","link":"https:\/\/www.diarioimagen.net\/?p=437452","title":{"rendered":"El gobierno de Naucalpan apuesta por rehabilitaci\u00f3n de espacios p\u00fablicos"},"content":{"rendered":"<ul>\n<li><strong><em>Jornadas de limpieza<\/em><\/strong><\/li>\n<\/ul>\n<p>&nbsp;<\/p>\n<div id=\"attachment_437519\" style=\"width: 470px\" class=\"wp-caption aligncenter\"><a href=\"https:\/\/www.diarioimagen.net\/?attachment_id=437519\" rel=\"attachment wp-att-437519\"><img loading=\"lazy\" decoding=\"async\" aria-describedby=\"caption-attachment-437519\" class=\"size-large wp-image-437519\" src=\"https:\/\/www.diarioimagen.net\/wp-content\/uploads\/2019\/08\/NAUCALPAN--460x259.jpg\" alt=\"\" width=\"460\" height=\"259\" srcset=\"https:\/\/www.diarioimagen.net\/wp-content\/uploads\/2019\/08\/NAUCALPAN--460x259.jpg 460w, https:\/\/www.diarioimagen.net\/wp-content\/uploads\/2019\/08\/NAUCALPAN--240x135.jpg 240w, https:\/\/www.diarioimagen.net\/wp-content\/uploads\/2019\/08\/NAUCALPAN--235x132.jpg 235w, https:\/\/www.diarioimagen.net\/wp-content\/uploads\/2019\/08\/NAUCALPAN--202x114.jpg 202w, https:\/\/www.diarioimagen.net\/wp-content\/uploads\/2019\/08\/NAUCALPAN--350x196.jpg 350w, https:\/\/www.diarioimagen.net\/wp-content\/uploads\/2019\/08\/NAUCALPAN--220x123.jpg 220w, https:\/\/www.diarioimagen.net\/wp-content\/uploads\/2019\/08\/NAUCALPAN--237x132.jpg 237w, https:\/\/www.diarioimagen.net\/wp-content\/uploads\/2019\/08\/NAUCALPAN-.jpg 480w\" sizes=\"auto, (max-width: 460px) 100vw, 460px\" \/><\/a><p id=\"caption-attachment-437519\" class=\"wp-caption-text\">Atendieron m\u00e1s de 4 kil\u00f3metros de v\u00edas, por m\u00e1s de 200 trabajadores, que realizaron poda, clareo, chaponeo y limpieza de banquetas.<\/p><\/div>\n<p>&nbsp;<\/p>\n<p><strong>Naucalpan, Estado de M\u00e9xico<\/strong>.- La Secretar\u00eda de Servicios P\u00fablicos llev\u00f3 a cabo dos jornadas de limpieza en Avenida de Los Arcos y Gasoducto, con lo que fueron atendidos m\u00e1s de 4 kil\u00f3metros de v\u00edas, que conectan a vecinos de San Juan Totoltepec, Loma Colorada y Las Huertas.<\/p>\n<p>En coordinaci\u00f3n con el SUTEyM Naucalpan, m\u00e1s de 200 trabajadores realizaron poda, clareo, chaponeo y limpieza de banquetas en ambas v\u00edas.<\/p>\n<p>Los trabajos de clareo consisten en el retiro de ramas que generan alg\u00fan peligro a transe\u00fantes y conductores, mientras que el chaponeo consiste en la poda de hierba en barrancas y banquetas, para reducir su crecimiento descontrolado.<\/p>\n<p>Asimismo, en la jornada fueron utilizados 12 camionetas y 12 compactadores de basura, que fueron distribuidos por delegaciones en ambas avenidas.<\/p>\n<p>En esta faena participaron trabajadores de las delegaciones del SUTEyM de San Agust\u00edn, Izcalli Chimalpa, Tecamachalco, Central, San Mateo, Sat\u00e9lite, Lomas Verdes y Echegaray.<\/p>\n<p>Previamente, Servicios P\u00fablicos ha realizado jornadas en zonas como: Lomas Verdes, Ciudad Brisa, San Lorenzo Totolinga y San Jos\u00e9 de los Leones.<\/p>\n<p>De acuerdo con el titular de la dependencia, Carlos Trujillo Anell, las jornadas de limpieza continuar\u00e1n los d\u00edas martes y jueves, en distintos puntos de la demarcaci\u00f3n, siguiendo la instrucci\u00f3n de la presidenta municipal, Patricia Dur\u00e1n Reveles, de mantener los espacios p\u00fablicos limpios.<\/p>\n<p>Al inicio de la jornada de limpieza en la Avenida Gasoducto, el secretario general del SUTEyM Naucalpan, Tom\u00e1s Palomares Parra, acudi\u00f3 para agradecer a los servidores por su compromiso con la dependencia y laborar en beneficio de los ciudadanos.<\/p>\n","protected":false},"excerpt":{"rendered":"<p>La Secretar\u00eda de Servicios P\u00fablicos llev\u00f3 a cabo dos jornadas de limpieza en Avenida de Los Arcos y Gasoducto, con lo que fueron atendidos m\u00e1s de 4 kil\u00f3metros de v\u00edas, que conectan a vecinos de San Juan Totoltepec, Loma Colorada y Las Huertas.<\/p>\n","protected":false},"author":3,"featured_media":437519,"comment_status":"open","ping_status":"open","sticky":false,"template":"","format":"standard","meta":{"_monsterinsights_skip_tracking":false,"_monsterinsights_sitenote_active":false,"_monsterinsights_sitenote_note":"","_monsterinsights_sitenote_category":0,"footnotes":""},"categories":[5],"tags":[43675,970,87073],"class_list":["post-437452","post","type-post","status-publish","format-standard","has-post-thumbnail","hentry","category-estado-de-mexico","tag-estado-de-mexico","tag-naucalpan","tag-secretaria-de-servicios-publicos"],"_links":{"self":[{"href":"https:\/\/www.diarioimagen.net\/index.php?rest_route=\/wp\/v2\/posts\/437452","targetHints":{"allow":["GET"]}}],"collection":[{"href":"https:\/\/www.diarioimagen.net\/index.php?rest_route=\/wp\/v2\/posts"}],"about":[{"href":"https:\/\/www.diarioimagen.net\/index.php?rest_route=\/wp\/v2\/types\/post"}],"author":[{"embeddable":true,"href":"https:\/\/www.diarioimagen.net\/index.php?rest_route=\/wp\/v2\/users\/3"}],"replies":[{"embeddable":true,"href":"https:\/\/www.diarioimagen.net\/index.php?rest_route=%2Fwp%2Fv2%2Fcomments&post=437452"}],"version-history":[{"count":0,"href":"https:\/\/www.diarioimagen.net\/index.php?rest_route=\/wp\/v2\/posts\/437452\/revisions"}],"wp:featuredmedia":[{"embeddable":true,"href":"https:\/\/www.diarioimagen.net\/index.php?rest_route=\/wp\/v2\/media\/437519"}],"wp:attachment":[{"href":"https:\/\/www.diarioimagen.net\/index.php?rest_route=%2Fwp%2Fv2%2Fmedia&parent=437452"}],"wp:term":[{"taxonomy":"category","embeddable":true,"href":"https:\/\/www.diarioimagen.net\/index.php?rest_route=%2Fwp%2Fv2%2Fcategories&post=437452"},{"taxonomy":"post_tag","embeddable":true,"href":"https:\/\/www.diarioimagen.net\/index.php?rest_route=%2Fwp%2Fv2%2Ftags&post=437452"}],"curies":[{"name":"wp","href":"https:\/\/api.w.org\/{rel}","templated":true}]}}