{"id":437458,"date":"2019-08-02T00:08:44","date_gmt":"2019-08-02T05:08:44","guid":{"rendered":"https:\/\/www.diarioimagen.net\/?p=437458"},"modified":"2019-08-02T04:38:24","modified_gmt":"2019-08-02T09:38:24","slug":"revoca-tlalnepantla-concesion-para-disposicion-final-de-residuos","status":"publish","type":"post","link":"https:\/\/www.diarioimagen.net\/?p=437458","title":{"rendered":"Revoca Tlalnepantla concesi\u00f3n para disposici\u00f3n final de residuos"},"content":{"rendered":"<ul>\n<li><strong><em>Por aprobaci\u00f3n del cuerpo edilicio<\/em><\/strong><\/li>\n<\/ul>\n<p>&nbsp;<\/p>\n<div id=\"attachment_437523\" style=\"width: 470px\" class=\"wp-caption aligncenter\"><a href=\"https:\/\/www.diarioimagen.net\/?attachment_id=437523\" rel=\"attachment wp-att-437523\"><img loading=\"lazy\" decoding=\"async\" aria-describedby=\"caption-attachment-437523\" class=\"size-large wp-image-437523\" src=\"https:\/\/www.diarioimagen.net\/wp-content\/uploads\/2019\/08\/TLANEPANTLA-2-460x259.jpg\" alt=\"\" width=\"460\" height=\"259\" srcset=\"https:\/\/www.diarioimagen.net\/wp-content\/uploads\/2019\/08\/TLANEPANTLA-2-460x259.jpg 460w, https:\/\/www.diarioimagen.net\/wp-content\/uploads\/2019\/08\/TLANEPANTLA-2-240x135.jpg 240w, https:\/\/www.diarioimagen.net\/wp-content\/uploads\/2019\/08\/TLANEPANTLA-2-235x132.jpg 235w, https:\/\/www.diarioimagen.net\/wp-content\/uploads\/2019\/08\/TLANEPANTLA-2-202x114.jpg 202w, https:\/\/www.diarioimagen.net\/wp-content\/uploads\/2019\/08\/TLANEPANTLA-2-350x196.jpg 350w, https:\/\/www.diarioimagen.net\/wp-content\/uploads\/2019\/08\/TLANEPANTLA-2-220x123.jpg 220w, https:\/\/www.diarioimagen.net\/wp-content\/uploads\/2019\/08\/TLANEPANTLA-2-237x132.jpg 237w, https:\/\/www.diarioimagen.net\/wp-content\/uploads\/2019\/08\/TLANEPANTLA-2.jpg 480w\" sizes=\"auto, (max-width: 460px) 100vw, 460px\" \/><\/a><p id=\"caption-attachment-437523\" class=\"wp-caption-text\">El edil, Raciel P\u00e9rez Cruz, indic\u00f3 que la concesionaria incumpli\u00f3 el objetivo de garantizar la sustentabilidad de nuestra ciudad y la calidad de vida de los vecinos.<\/p><\/div>\n<p>&nbsp;<\/p>\n<p><strong>Tlalnepantla, Estado de M\u00e9xico<\/strong>.- Por no cumplir las condiciones de operaci\u00f3n establecidas en el contrato y las normas ambientales, el cuerpo edilicio de Tlalnepantla aprob\u00f3 por mayor\u00eda la revocaci\u00f3n de la concesi\u00f3n para la prestaci\u00f3n del servicio de operaci\u00f3n y disposici\u00f3n final de residuos s\u00f3lidos, a la empresa Mexicana de Medio Ambiente S.A. de C.V.<\/p>\n<p>Durante la Vig\u00e9sima Segunda Sesi\u00f3n de Cabildo, la mayor\u00eda de los ediles votaron a favor de cancelar la concesi\u00f3n otorgada en 1997 a esta empresa, hoy denominada Proactiva Medio Ambiente MMA S.A de C.V. o Veolia Residuos Baj\u00edo S.A de C.V., luego de que en la Cuarta Sesi\u00f3n Extraordinaria del 21 de marzo de 2019, el ayuntamiento aprob\u00f3 iniciar el proceso administrativo para la revocaci\u00f3n.<\/p>\n<p>El presidente municipal, Raciel P\u00e9rez Cruz, indic\u00f3 que la concesionaria incumpli\u00f3 el objetivo principal y compromiso social de garantizar la sustentabilidad de nuestra ciudad y la calidad de vida de los vecinos de este municipio.<\/p>\n<p>Explic\u00f3 que la empresa no garantiz\u00f3 que los residuos s\u00f3lidos urbanos que se recolectan en el municipio, tuvieran el tratamiento adecuado para la protecci\u00f3n del medio ambiente; no observ\u00f3 la normatividad ambiental vigente, como contar con la manifestaci\u00f3n de impacto ambiental y el cumplimiento de la norma oficial mexicana \u201c083 Semarnat 2003\u201d.<\/p>\n<p>Se\u00f1al\u00f3 que el gobierno municipal tiene el compromiso de velar por el bien colectivo, la salud de los ciudadanos, la preservaci\u00f3n del medio ambiente de la ciudad y del pa\u00eds; de no actuar, ser\u00eda corresponsable con la empresa. Adem\u00e1s, afirm\u00f3 que la administraci\u00f3n continu\u00f3 otorgando el servicio con calidad y apego a los ordenamientos jur\u00eddicos.<\/p>\n","protected":false},"excerpt":{"rendered":"<p>Por no cumplir las condiciones de operaci\u00f3n establecidas en el contrato y las normas ambientales, el cuerpo edilicio de Tlalnepantla aprob\u00f3 por mayor\u00eda la revocaci\u00f3n de la concesi\u00f3n para la prestaci\u00f3n del servicio de operaci\u00f3n y disposici\u00f3n final de residuos s\u00f3lidos, a la empresa Mexicana de Medio Ambiente S.A. de C.V.<\/p>\n","protected":false},"author":3,"featured_media":437523,"comment_status":"open","ping_status":"open","sticky":false,"template":"","format":"standard","meta":{"_monsterinsights_skip_tracking":false,"_monsterinsights_sitenote_active":false,"_monsterinsights_sitenote_note":"","_monsterinsights_sitenote_category":0,"footnotes":""},"categories":[5],"tags":[73513,43675,87074,169],"class_list":["post-437458","post","type-post","status-publish","format-standard","has-post-thumbnail","hentry","category-estado-de-mexico","tag-concesion","tag-estado-de-mexico","tag-residuo","tag-tlalnepantla"],"_links":{"self":[{"href":"https:\/\/www.diarioimagen.net\/index.php?rest_route=\/wp\/v2\/posts\/437458","targetHints":{"allow":["GET"]}}],"collection":[{"href":"https:\/\/www.diarioimagen.net\/index.php?rest_route=\/wp\/v2\/posts"}],"about":[{"href":"https:\/\/www.diarioimagen.net\/index.php?rest_route=\/wp\/v2\/types\/post"}],"author":[{"embeddable":true,"href":"https:\/\/www.diarioimagen.net\/index.php?rest_route=\/wp\/v2\/users\/3"}],"replies":[{"embeddable":true,"href":"https:\/\/www.diarioimagen.net\/index.php?rest_route=%2Fwp%2Fv2%2Fcomments&post=437458"}],"version-history":[{"count":0,"href":"https:\/\/www.diarioimagen.net\/index.php?rest_route=\/wp\/v2\/posts\/437458\/revisions"}],"wp:featuredmedia":[{"embeddable":true,"href":"https:\/\/www.diarioimagen.net\/index.php?rest_route=\/wp\/v2\/media\/437523"}],"wp:attachment":[{"href":"https:\/\/www.diarioimagen.net\/index.php?rest_route=%2Fwp%2Fv2%2Fmedia&parent=437458"}],"wp:term":[{"taxonomy":"category","embeddable":true,"href":"https:\/\/www.diarioimagen.net\/index.php?rest_route=%2Fwp%2Fv2%2Fcategories&post=437458"},{"taxonomy":"post_tag","embeddable":true,"href":"https:\/\/www.diarioimagen.net\/index.php?rest_route=%2Fwp%2Fv2%2Ftags&post=437458"}],"curies":[{"name":"wp","href":"https:\/\/api.w.org\/{rel}","templated":true}]}}