{"id":437461,"date":"2019-08-02T00:07:53","date_gmt":"2019-08-02T05:07:53","guid":{"rendered":"https:\/\/www.diarioimagen.net\/?p=437461"},"modified":"2019-08-02T04:39:36","modified_gmt":"2019-08-02T09:39:36","slug":"alcaldesa-elena-garcia-inaugura-centro-integrador-de-bienestar-en-tultitlan","status":"publish","type":"post","link":"https:\/\/www.diarioimagen.net\/?p=437461","title":{"rendered":"Alcaldesa Elena Garc\u00eda inaugura Centro Integrador de Bienestar en Tultitl\u00e1n"},"content":{"rendered":"<p><a href=\"https:\/\/www.diarioimagen.net\/?attachment_id=437525\" rel=\"attachment wp-att-437525\"><img loading=\"lazy\" decoding=\"async\" class=\"aligncenter size-large wp-image-437525\" src=\"https:\/\/www.diarioimagen.net\/wp-content\/uploads\/2019\/08\/TULTITLAN-2-460x259.jpg\" alt=\"\" width=\"460\" height=\"259\" srcset=\"https:\/\/www.diarioimagen.net\/wp-content\/uploads\/2019\/08\/TULTITLAN-2-460x259.jpg 460w, https:\/\/www.diarioimagen.net\/wp-content\/uploads\/2019\/08\/TULTITLAN-2-240x135.jpg 240w, https:\/\/www.diarioimagen.net\/wp-content\/uploads\/2019\/08\/TULTITLAN-2-235x132.jpg 235w, https:\/\/www.diarioimagen.net\/wp-content\/uploads\/2019\/08\/TULTITLAN-2-202x114.jpg 202w, https:\/\/www.diarioimagen.net\/wp-content\/uploads\/2019\/08\/TULTITLAN-2-350x196.jpg 350w, https:\/\/www.diarioimagen.net\/wp-content\/uploads\/2019\/08\/TULTITLAN-2-220x123.jpg 220w, https:\/\/www.diarioimagen.net\/wp-content\/uploads\/2019\/08\/TULTITLAN-2-237x132.jpg 237w, https:\/\/www.diarioimagen.net\/wp-content\/uploads\/2019\/08\/TULTITLAN-2.jpg 480w\" sizes=\"auto, (max-width: 460px) 100vw, 460px\" \/><\/a><\/p>\n<p>&nbsp;<\/p>\n<p><strong>Tultitl\u00e1n, Estado de M\u00e9xico.- <\/strong>La alcaldesa Elena Garc\u00eda Mart\u00ednez atestigu\u00f3 la inauguraci\u00f3n del Centro Integrador de Bienestar, donde la ciudadan\u00eda podr\u00e1 acudir a las nuevas oficinas, para darse de alta en los diversos programas sociales, as\u00ed como resolver dudas o situaciones sobre la entrega de apoyos que el gobierno federal otorga como ayuda a las familias mexicanas.<\/p>\n","protected":false},"excerpt":{"rendered":"<p>La alcaldesa Elena Garc\u00eda Mart\u00ednez atestigu\u00f3 la inauguraci\u00f3n del Centro Integrador de Bienestar, donde la ciudadan\u00eda podr\u00e1 acudir a las nuevas oficinas, para darse de alta en los diversos programas sociales, as\u00ed como resolver dudas o situaciones sobre la entrega de apoyos que el gobierno federal otorga como ayuda a las familias mexicanas.<\/p>\n","protected":false},"author":3,"featured_media":437525,"comment_status":"open","ping_status":"open","sticky":false,"template":"","format":"standard","meta":{"_monsterinsights_skip_tracking":false,"_monsterinsights_sitenote_active":false,"_monsterinsights_sitenote_note":"","_monsterinsights_sitenote_category":0,"footnotes":""},"categories":[5],"tags":[81656,43675,578],"class_list":["post-437461","post","type-post","status-publish","format-standard","has-post-thumbnail","hentry","category-estado-de-mexico","tag-elena-garcia-martinez","tag-estado-de-mexico","tag-tultitlan"],"_links":{"self":[{"href":"https:\/\/www.diarioimagen.net\/index.php?rest_route=\/wp\/v2\/posts\/437461","targetHints":{"allow":["GET"]}}],"collection":[{"href":"https:\/\/www.diarioimagen.net\/index.php?rest_route=\/wp\/v2\/posts"}],"about":[{"href":"https:\/\/www.diarioimagen.net\/index.php?rest_route=\/wp\/v2\/types\/post"}],"author":[{"embeddable":true,"href":"https:\/\/www.diarioimagen.net\/index.php?rest_route=\/wp\/v2\/users\/3"}],"replies":[{"embeddable":true,"href":"https:\/\/www.diarioimagen.net\/index.php?rest_route=%2Fwp%2Fv2%2Fcomments&post=437461"}],"version-history":[{"count":0,"href":"https:\/\/www.diarioimagen.net\/index.php?rest_route=\/wp\/v2\/posts\/437461\/revisions"}],"wp:featuredmedia":[{"embeddable":true,"href":"https:\/\/www.diarioimagen.net\/index.php?rest_route=\/wp\/v2\/media\/437525"}],"wp:attachment":[{"href":"https:\/\/www.diarioimagen.net\/index.php?rest_route=%2Fwp%2Fv2%2Fmedia&parent=437461"}],"wp:term":[{"taxonomy":"category","embeddable":true,"href":"https:\/\/www.diarioimagen.net\/index.php?rest_route=%2Fwp%2Fv2%2Fcategories&post=437461"},{"taxonomy":"post_tag","embeddable":true,"href":"https:\/\/www.diarioimagen.net\/index.php?rest_route=%2Fwp%2Fv2%2Ftags&post=437461"}],"curies":[{"name":"wp","href":"https:\/\/api.w.org\/{rel}","templated":true}]}}