{"id":437462,"date":"2019-08-02T00:06:55","date_gmt":"2019-08-02T05:06:55","guid":{"rendered":"https:\/\/www.diarioimagen.net\/?p=437462"},"modified":"2019-08-02T04:40:38","modified_gmt":"2019-08-02T09:40:38","slug":"fortalece-uaem-oferta-educativa-en-la-modalidad-mixta-optimiza-infraestructura","status":"publish","type":"post","link":"https:\/\/www.diarioimagen.net\/?p=437462","title":{"rendered":"Fortalece UAEM oferta educativa en la modalidad mixta; optimiza infraestructura"},"content":{"rendered":"<ul>\n<li><strong><em>Reestructuraci\u00f3n de m\u00e1s de 40 programas de estudio<\/em><\/strong><\/li>\n<\/ul>\n<p>&nbsp;<\/p>\n<div id=\"attachment_437528\" style=\"width: 470px\" class=\"wp-caption aligncenter\"><a href=\"https:\/\/www.diarioimagen.net\/?attachment_id=437528\" rel=\"attachment wp-att-437528\"><img loading=\"lazy\" decoding=\"async\" aria-describedby=\"caption-attachment-437528\" class=\"size-large wp-image-437528\" src=\"https:\/\/www.diarioimagen.net\/wp-content\/uploads\/2019\/08\/UAEM2-460x259.jpg\" alt=\"\" width=\"460\" height=\"259\" srcset=\"https:\/\/www.diarioimagen.net\/wp-content\/uploads\/2019\/08\/UAEM2-460x259.jpg 460w, https:\/\/www.diarioimagen.net\/wp-content\/uploads\/2019\/08\/UAEM2-240x135.jpg 240w, https:\/\/www.diarioimagen.net\/wp-content\/uploads\/2019\/08\/UAEM2-235x132.jpg 235w, https:\/\/www.diarioimagen.net\/wp-content\/uploads\/2019\/08\/UAEM2-202x114.jpg 202w, https:\/\/www.diarioimagen.net\/wp-content\/uploads\/2019\/08\/UAEM2-350x196.jpg 350w, https:\/\/www.diarioimagen.net\/wp-content\/uploads\/2019\/08\/UAEM2-220x123.jpg 220w, https:\/\/www.diarioimagen.net\/wp-content\/uploads\/2019\/08\/UAEM2-237x132.jpg 237w, https:\/\/www.diarioimagen.net\/wp-content\/uploads\/2019\/08\/UAEM2.jpg 480w\" sizes=\"auto, (max-width: 460px) 100vw, 460px\" \/><\/a><p id=\"caption-attachment-437528\" class=\"wp-caption-text\">Ofrece la UAEM opciones en la modalidad mixta en alguno de los 180 programas educativos que ofrece en los niveles medio superior y superior.<\/p><\/div>\n<p>&nbsp;<\/p>\n<p><strong>Toluca, Estado de M\u00e9xico<\/strong>.-\u00a0 La Universidad Aut\u00f3noma del Estado de M\u00e9xico trabaja en la reestructuraci\u00f3n de m\u00e1s de 40 programas de estudio, con la finalidad de que ofrezcan opciones en la modalidad mixta y m\u00e1s j\u00f3venes se formen en alguno de los 180 programas educativos que ofrece en los niveles medio superior y superior, dijo el secretario de Docencia de esta casa de estudios, Marco Antonio Luna Pichardo.<\/p>\n<p>El universitario dijo que esta modalidad de estudio refiere a que algunas de las unidades de aprendizaje son impartidas de forma presencial y otras a trav\u00e9s de una plataforma a distancia, lo que permitir\u00e1 optimizar la infraestructura instalada de la instituci\u00f3n.<\/p>\n<p>Tambi\u00e9n buscamos que espacios acad\u00e9micos, como el plantel \u201cIsidro Fabela Alfaro\u201d, de la Escuela Preparatoria de la UAEM, ubicado en Atlacomulco, ofrezca turno vespertino, ya que este espacio del nivel medio superior reporta creciente demanda.<\/p>\n<p>Adem\u00e1s, expres\u00f3 que es necesario fortalecer la promoci\u00f3n de algunos planes de estudio que reportan menor demanda de estudiantes, como arqueolog\u00eda, ense\u00f1anza del ingl\u00e9s, geoinform\u00e1tica, geolog\u00eda ambiental y recursos h\u00eddricos, as\u00ed comojo, ciencias de la informaci\u00f3n documental, medios alternos de soluci\u00f3n de conflictos, planeaci\u00f3n territorial y t\u00e9cnico superior universitario en arboricultura.<\/p>\n<p>Por otro lado, Marco Antonio Luna Pichardo precis\u00f3 que la instituci\u00f3n ofrece nuevas opciones de profesionalizaci\u00f3n, a trav\u00e9s de las licenciaturas en Lengua y Literatura Hisp\u00e1nicas, Gesti\u00f3n de la Informaci\u00f3n en Redes Sociales, Danza, Estudios Cinematogr\u00e1ficos y M\u00fasica, las cuales son de reciente creaci\u00f3n.<\/p>\n","protected":false},"excerpt":{"rendered":"<p>La Universidad Aut\u00f3noma del Estado de M\u00e9xico trabaja en la reestructuraci\u00f3n de m\u00e1s de 40 programas de estudio, con la finalidad de que ofrezcan opciones en la modalidad mixta y m\u00e1s j\u00f3venes se formen en alguno de los 180 programas educativos que ofrece en los niveles medio superior y superior, dijo el secretario de Docencia de esta casa de estudios, Marco Antonio Luna Pichardo.<\/p>\n","protected":false},"author":3,"featured_media":437528,"comment_status":"open","ping_status":"open","sticky":false,"template":"","format":"standard","meta":{"_monsterinsights_skip_tracking":false,"_monsterinsights_sitenote_active":false,"_monsterinsights_sitenote_note":"","_monsterinsights_sitenote_category":0,"footnotes":""},"categories":[5],"tags":[43675,87075,87076,452],"class_list":["post-437462","post","type-post","status-publish","format-standard","has-post-thumbnail","hentry","category-estado-de-mexico","tag-estado-de-mexico","tag-modalidad","tag-optimiza","tag-toluca"],"_links":{"self":[{"href":"https:\/\/www.diarioimagen.net\/index.php?rest_route=\/wp\/v2\/posts\/437462","targetHints":{"allow":["GET"]}}],"collection":[{"href":"https:\/\/www.diarioimagen.net\/index.php?rest_route=\/wp\/v2\/posts"}],"about":[{"href":"https:\/\/www.diarioimagen.net\/index.php?rest_route=\/wp\/v2\/types\/post"}],"author":[{"embeddable":true,"href":"https:\/\/www.diarioimagen.net\/index.php?rest_route=\/wp\/v2\/users\/3"}],"replies":[{"embeddable":true,"href":"https:\/\/www.diarioimagen.net\/index.php?rest_route=%2Fwp%2Fv2%2Fcomments&post=437462"}],"version-history":[{"count":0,"href":"https:\/\/www.diarioimagen.net\/index.php?rest_route=\/wp\/v2\/posts\/437462\/revisions"}],"wp:featuredmedia":[{"embeddable":true,"href":"https:\/\/www.diarioimagen.net\/index.php?rest_route=\/wp\/v2\/media\/437528"}],"wp:attachment":[{"href":"https:\/\/www.diarioimagen.net\/index.php?rest_route=%2Fwp%2Fv2%2Fmedia&parent=437462"}],"wp:term":[{"taxonomy":"category","embeddable":true,"href":"https:\/\/www.diarioimagen.net\/index.php?rest_route=%2Fwp%2Fv2%2Fcategories&post=437462"},{"taxonomy":"post_tag","embeddable":true,"href":"https:\/\/www.diarioimagen.net\/index.php?rest_route=%2Fwp%2Fv2%2Ftags&post=437462"}],"curies":[{"name":"wp","href":"https:\/\/api.w.org\/{rel}","templated":true}]}}