{"id":437479,"date":"2019-08-02T00:01:04","date_gmt":"2019-08-02T05:01:04","guid":{"rendered":"https:\/\/www.diarioimagen.net\/?p=437479"},"modified":"2019-08-02T04:23:20","modified_gmt":"2019-08-02T09:23:20","slug":"amlo-contra-carstens-y-cultura","status":"publish","type":"post","link":"https:\/\/www.diarioimagen.net\/?p=437479","title":{"rendered":"AMLO contra Carstens y Cultura"},"content":{"rendered":"<h2>Espacio Electoral<\/h2>\n<h5>Eleazar Flores<\/h5>\n<p>&nbsp;<\/p>\n<p><strong>QUE COMPRUEBE<\/strong>.- Acostumbrado ya a involucrar a gente e instituciones sin mayores datos que el rumor, el presidente L\u00f3pez Obrador dijo respecto a su posible apoyo a Agust\u00edn Cartens, para encabezar el Fondo Monetario Internacional (FMI) aqu\u00ed \u201ccon Cartens empezaron los <em>moches<\/em>\u201d.<\/p>\n<p>Esto, debido a que como secretario de Hacienda, los diputados le aprobaban por unanimidad el presupuesto federal del a\u00f1o siguiente, \u00bf\u201cc\u00f3mo le hac\u00eda\u201d? pregunt\u00f3 el mandatario en su ma\u00f1anera del mi\u00e9rcoles, respondi\u00e9ndose \u00e9l mismo de inmediato, con <em>moches<\/em>, ah\u00ed empezaron para que todos los legisladores aprobaran el presupuesto.<\/p>\n<p>Una acusaci\u00f3n de esas dimensiones deber\u00eda ser algo delicado, si es que algunos legisladores de 2006 a la fecha\u00a0 -muchos de los cuales han repetido como diputados o senadores sean en el partido que militaban o en otro, que seguramente es Morena-, fueron \u201cbeneficiarios\u201d de esos <em>moches<\/em> de los que habla el presidente Andr\u00e9s Manuel L\u00f3pez Obrador.<\/p>\n<p>Incluso, varios de esos legisladores de hace dos sexenios y que hoy repiten con otro partido, forman parte del primer equipo de la cuarta transformaci\u00f3n. No es uno muy fijado ni amante de las estad\u00edsticas, pero basta ver las curr\u00edculas de Ricardo Monreal, Mart\u00ed Batres, Lolita Padierna, el panista Madero y muchos m\u00e1s, para confirmar que han sido legisladores constantes. Bueno, hasta Noro\u00f1a.<\/p>\n<p>Estos legisladores fueron indirectamente involucrados por Andr\u00e9s Manuel L\u00f3pez Obrador, pues sin querer queriendo los incluy\u00f3 en la lista de beneficiarios de <em>moches<\/em> dados por Carstens, para que le aprobaran sus presupuestos. Si ninguno habla, se confirmar\u00e1 que quien calla otorga.<\/p>\n<p><strong>CULTURA<\/strong>.- Por primera vez en los \u00faltimos a\u00f1os M\u00e9xico no acudir\u00e1 a la Feria Internacional del Libro de Francfort, Alemania, la m\u00e1s importante del mundo, siguiendo en importancia la de Guadalajara.<\/p>\n<p>La decisi\u00f3n la tom\u00f3 el titular del Fondo de Cultura Econ\u00f3mica (FCE) Paco Ignacio Taibo II, argumentando ni siquiera austeridad, sino \u201cporque tenemos poco qu\u00e9 ofrecer\u201d. Ignorancia supina de \u201cJaibol II\u201d, pues en caso de que el FCE no tuviera cosas interesantes qu\u00e9 ofrecer, lo que se ve dif\u00edcil, hay decenas de editoriales privadas a las que les sobran productos, textos concretamente. Atentado vil contra la cultura.<\/p>\n<p>EDOMEX.- Ante la ausencia de control pol\u00edtico tricolor en suelo mexiquense, el panorama podr\u00eda empeorar si los afectados por la escasez de recursos para cobrar pronto las pensiones de quienes llevan meses esperando, rebasan a sus dirigentes en magisterio y burocracia. El control pol\u00edtico es en el gobierno, pues el partido espera sucesos nacionales para actuar.<\/p>\n<p>Ejemplo acabado del descontrol se refleja en medios, pues mientras algunos columnistas elogian al secretario general de Gobierno, Alejandro Ozuna, esos mismos periodistas atacan al gobernador Alfredo del Mazo, algo nunca antes visto.<\/p>\n<p><a href=\"mailto:elefa44@gmail.com\" target=\"_blank\" rel=\"noopener noreferrer\"><em>elefa44@gmail.com<\/em><\/a><\/p>\n","protected":false},"excerpt":{"rendered":"<p><span style=\"color: #005497;\"><strong>Eleazar Flores<\/strong><\/span><\/p>\n","protected":false},"author":3,"featured_media":0,"comment_status":"open","ping_status":"open","sticky":false,"template":"","format":"standard","meta":{"_monsterinsights_skip_tracking":false,"_monsterinsights_sitenote_active":false,"_monsterinsights_sitenote_note":"","_monsterinsights_sitenote_category":0,"footnotes":""},"categories":[81743],"tags":[81744,81776,43674],"class_list":["post-437479","post","type-post","status-publish","format-standard","hentry","category-eleazar-flores","tag-eleazar-flores","tag-espacio-electoral","tag-opinion"],"_links":{"self":[{"href":"https:\/\/www.diarioimagen.net\/index.php?rest_route=\/wp\/v2\/posts\/437479","targetHints":{"allow":["GET"]}}],"collection":[{"href":"https:\/\/www.diarioimagen.net\/index.php?rest_route=\/wp\/v2\/posts"}],"about":[{"href":"https:\/\/www.diarioimagen.net\/index.php?rest_route=\/wp\/v2\/types\/post"}],"author":[{"embeddable":true,"href":"https:\/\/www.diarioimagen.net\/index.php?rest_route=\/wp\/v2\/users\/3"}],"replies":[{"embeddable":true,"href":"https:\/\/www.diarioimagen.net\/index.php?rest_route=%2Fwp%2Fv2%2Fcomments&post=437479"}],"version-history":[{"count":0,"href":"https:\/\/www.diarioimagen.net\/index.php?rest_route=\/wp\/v2\/posts\/437479\/revisions"}],"wp:attachment":[{"href":"https:\/\/www.diarioimagen.net\/index.php?rest_route=%2Fwp%2Fv2%2Fmedia&parent=437479"}],"wp:term":[{"taxonomy":"category","embeddable":true,"href":"https:\/\/www.diarioimagen.net\/index.php?rest_route=%2Fwp%2Fv2%2Fcategories&post=437479"},{"taxonomy":"post_tag","embeddable":true,"href":"https:\/\/www.diarioimagen.net\/index.php?rest_route=%2Fwp%2Fv2%2Ftags&post=437479"}],"curies":[{"name":"wp","href":"https:\/\/api.w.org\/{rel}","templated":true}]}}