{"id":437586,"date":"2019-08-05T00:09:54","date_gmt":"2019-08-05T05:09:54","guid":{"rendered":"https:\/\/www.diarioimagen.net\/?p=437586"},"modified":"2019-08-05T05:08:35","modified_gmt":"2019-08-05T10:08:35","slug":"impulsan-capacidad-empresarial-de-mujeres","status":"publish","type":"post","link":"https:\/\/www.diarioimagen.net\/?p=437586","title":{"rendered":"Impulsan capacidad empresarial de mujeres"},"content":{"rendered":"<ul>\n<li><strong><em>41 organizaciones participaron en Tultepec<\/em><\/strong><\/li>\n<\/ul>\n<p>&nbsp;<\/p>\n<div id=\"attachment_437650\" style=\"width: 470px\" class=\"wp-caption aligncenter\"><a href=\"https:\/\/www.diarioimagen.net\/?attachment_id=437650\" rel=\"attachment wp-att-437650\"><img loading=\"lazy\" decoding=\"async\" aria-describedby=\"caption-attachment-437650\" class=\"size-large wp-image-437650\" src=\"https:\/\/www.diarioimagen.net\/wp-content\/uploads\/2019\/08\/TULTEPEC-5-460x259.jpg\" alt=\"\" width=\"460\" height=\"259\" srcset=\"https:\/\/www.diarioimagen.net\/wp-content\/uploads\/2019\/08\/TULTEPEC-5-460x259.jpg 460w, https:\/\/www.diarioimagen.net\/wp-content\/uploads\/2019\/08\/TULTEPEC-5-240x135.jpg 240w, https:\/\/www.diarioimagen.net\/wp-content\/uploads\/2019\/08\/TULTEPEC-5-235x132.jpg 235w, https:\/\/www.diarioimagen.net\/wp-content\/uploads\/2019\/08\/TULTEPEC-5-202x114.jpg 202w, https:\/\/www.diarioimagen.net\/wp-content\/uploads\/2019\/08\/TULTEPEC-5-350x196.jpg 350w, https:\/\/www.diarioimagen.net\/wp-content\/uploads\/2019\/08\/TULTEPEC-5-220x123.jpg 220w, https:\/\/www.diarioimagen.net\/wp-content\/uploads\/2019\/08\/TULTEPEC-5-237x132.jpg 237w, https:\/\/www.diarioimagen.net\/wp-content\/uploads\/2019\/08\/TULTEPEC-5.jpg 480w\" sizes=\"auto, (max-width: 460px) 100vw, 460px\" \/><\/a><p id=\"caption-attachment-437650\" class=\"wp-caption-text\">Portuguez Fuentes, edil de Tultepec, inaugur\u00f3 la iniciativa que impulsara el desarrollo econ\u00f3mico del municipio.<\/p><\/div>\n<p>&nbsp;<\/p>\n<p><strong>Tultepec, Estado de M\u00e9xico<\/strong>.- Para potenciar y dar a conocer la capacidad creativa y empresarial de las mujeres de Tultepec, el H. Ayuntamiento llev\u00f3 a cabo la primera edici\u00f3n de Pabell\u00f3n Creadoras, donde participaron 41 organizaciones de f\u00e9minas locales, artesanas, emprendedoras y empresarias, para exhibir sus creaciones y productos, algunos de ellos de compromiso social.<\/p>\n<p>Al inaugurar el foro, el alcalde Armando Portuguez Fuentes, asegur\u00f3 que \u201ces un esfuerzo m\u00e1s de este gobierno de impulsar el desarrollo econ\u00f3mico en el municipio, pero sobre todo de promover el talento y creatividad de las mujeres tultepequenses, no s\u00f3lo en Tultepec sino en la regi\u00f3n, en el estado y en el interior del pa\u00eds, con el fin de mejorar sus ingresos econ\u00f3micos, porque la calidad de sus productos lo valen\u201d.<\/p>\n<p>Agradeci\u00f3 la confianza y participaci\u00f3n de las expositoras, quienes respondieron a la convocatoria hecha el pasado mes de junio, a quienes felicit\u00f3 por su capacidad creativa, por creer en ellas mismas y por demostrar que aprovechando su talento, vitalidad, capacidad y compromiso; pueden formar parte del sector productivo en la zona, adem\u00e1s de que participar\u00e1n en la\u00a0Feria de Productoras Regionales Mexiquenses\u00a0a celebrarse el 23 de agosto en el Parque Naucalli, en Naucalpan.<\/p>\n<p>\u201cLo \u00fanico que necesitan para que se conozca la calidad de sus productos, es un empujoncito, por eso quiero decirles que no est\u00e1n solas, que este gobierno est\u00e1 con ustedes y para impulsarlas creamos un cat\u00e1logo de sus productos, con sus datos de contacto, para que la gente los conozca y pueda adquirirlos, cat\u00e1logo que pueden obtener en la Oficina de Promoci\u00f3n Tur\u00edstica\u201d.<\/p>\n<p>Asegur\u00f3 que se continuar\u00e1 trabajando para mejorar las condiciones de conectividad, movilidad y seguridad en todo el territorio municipal, a fin de hacer m\u00e1s atractiva la inversi\u00f3n productiva en Tultepec y con ello incentivar la generaci\u00f3n de m\u00e1s empleos para la poblaci\u00f3n.<\/p>\n<p>Acompa\u00f1ado por integrantes del cabildo, el edil realiz\u00f3 un recorrido por cada uno de los 41 stands, donde escuch\u00f3 una breve explicaci\u00f3n de los productos y servicios de sus creadoras, probando inclusive algunos para constatar su calidad.<\/p>\n<p>El evento se llev\u00f3 a cabo en la\u00a0Cocha Ac\u00fastica del Centro\u00a0los d\u00edas\u00a02 y 3 de agosto, con la participaci\u00f3n de\u00a041 expositoras locales, quienes presentaron artesan\u00edas,\u00a0trajes regionales, joyer\u00eda y accesorios, globos de cantoya, papel picado,\u00a0pirotecnia, alimentos, cartoner\u00eda, pi\u00f1atas, velas, shampoo y jabones org\u00e1nicos, cosm\u00e9ticos,\u00a0pan artesanal, bolsas ecol\u00f3gicas, caf\u00e9, tortillas de frijol y calentadores solares, entre otros.<\/p>\n<p>La convocatoria contin\u00faa abierta a todas las mujeres del municipio mayores de 18 a\u00f1os, si son productoras, emprendedoras, empresarias, cuya labor sea iniciativa para la creaci\u00f3n de un negocio en expansi\u00f3n a partir de la identificaci\u00f3n de una oportunidad; donde se destaque la innovaci\u00f3n y creatividad, en colaboraci\u00f3n con m\u00e1s personas que sean beneficiarias.<\/p>\n<p>Las interesadas pueden registrarse en la oficina de Promoci\u00f3n Tur\u00edstica, ubicada en calle Vicente Guerrero, Esquina 16 de Septiembre, Barrio San Mart\u00edn, planta alta, de 9;00 a 18:00 horas de lunes a viernes y s\u00e1bados de 9 a 13:00 horas, presentando copia de su INE, raz\u00f3n social (en caso de empresarias), formato de registro lleno, disponible en dicha dependencia y de tres a cinco fotograf\u00edas donde se describa lo mejor posible el trabajo que realizan.<\/p>\n","protected":false},"excerpt":{"rendered":"<p>Para potenciar y dar a conocer la capacidad creativa y empresarial de las mujeres de Tultepec, el H. Ayuntamiento llev\u00f3 a cabo la primera edici\u00f3n de Pabell\u00f3n Creadoras, donde participaron 41 organizaciones de f\u00e9minas locales, artesanas, emprendedoras y empresarias, para exhibir sus creaciones y productos, algunos de ellos de compromiso social.<\/p>\n","protected":false},"author":3,"featured_media":437650,"comment_status":"open","ping_status":"open","sticky":false,"template":"","format":"standard","meta":{"_monsterinsights_skip_tracking":false,"_monsterinsights_sitenote_active":false,"_monsterinsights_sitenote_note":"","_monsterinsights_sitenote_category":0,"footnotes":""},"categories":[5],"tags":[24428,43675,1921,3802],"class_list":["post-437586","post","type-post","status-publish","format-standard","has-post-thumbnail","hentry","category-estado-de-mexico","tag-capacidad","tag-estado-de-mexico","tag-mujeres","tag-tultepec"],"_links":{"self":[{"href":"https:\/\/www.diarioimagen.net\/index.php?rest_route=\/wp\/v2\/posts\/437586","targetHints":{"allow":["GET"]}}],"collection":[{"href":"https:\/\/www.diarioimagen.net\/index.php?rest_route=\/wp\/v2\/posts"}],"about":[{"href":"https:\/\/www.diarioimagen.net\/index.php?rest_route=\/wp\/v2\/types\/post"}],"author":[{"embeddable":true,"href":"https:\/\/www.diarioimagen.net\/index.php?rest_route=\/wp\/v2\/users\/3"}],"replies":[{"embeddable":true,"href":"https:\/\/www.diarioimagen.net\/index.php?rest_route=%2Fwp%2Fv2%2Fcomments&post=437586"}],"version-history":[{"count":0,"href":"https:\/\/www.diarioimagen.net\/index.php?rest_route=\/wp\/v2\/posts\/437586\/revisions"}],"wp:featuredmedia":[{"embeddable":true,"href":"https:\/\/www.diarioimagen.net\/index.php?rest_route=\/wp\/v2\/media\/437650"}],"wp:attachment":[{"href":"https:\/\/www.diarioimagen.net\/index.php?rest_route=%2Fwp%2Fv2%2Fmedia&parent=437586"}],"wp:term":[{"taxonomy":"category","embeddable":true,"href":"https:\/\/www.diarioimagen.net\/index.php?rest_route=%2Fwp%2Fv2%2Fcategories&post=437586"},{"taxonomy":"post_tag","embeddable":true,"href":"https:\/\/www.diarioimagen.net\/index.php?rest_route=%2Fwp%2Fv2%2Ftags&post=437586"}],"curies":[{"name":"wp","href":"https:\/\/api.w.org\/{rel}","templated":true}]}}