{"id":437588,"date":"2019-08-05T00:08:10","date_gmt":"2019-08-05T05:08:10","guid":{"rendered":"https:\/\/www.diarioimagen.net\/?p=437588"},"modified":"2019-08-05T05:06:05","modified_gmt":"2019-08-05T10:06:05","slug":"exitosa-1a-exhibicion-de-box-en-cuautitlan-fomentan-ganas-de-triunfo-en-los-pequenos","status":"publish","type":"post","link":"https:\/\/www.diarioimagen.net\/?p=437588","title":{"rendered":"Exitosa 1\u00aa Exhibici\u00f3n de Box en Cuautitl\u00e1n; fomentan ganas de triunfo en los peque\u00f1os"},"content":{"rendered":"<ul>\n<li><strong><em>En el Gimnasio Benito Ju\u00e1rez<\/em><\/strong><\/li>\n<\/ul>\n<p>&nbsp;<\/p>\n<div id=\"attachment_437647\" style=\"width: 470px\" class=\"wp-caption aligncenter\"><a href=\"https:\/\/www.diarioimagen.net\/?attachment_id=437647\" rel=\"attachment wp-att-437647\"><img loading=\"lazy\" decoding=\"async\" aria-describedby=\"caption-attachment-437647\" class=\"size-large wp-image-437647\" src=\"https:\/\/www.diarioimagen.net\/wp-content\/uploads\/2019\/08\/cuautitlan-460x259.jpg\" alt=\"\" width=\"460\" height=\"259\" srcset=\"https:\/\/www.diarioimagen.net\/wp-content\/uploads\/2019\/08\/cuautitlan-460x259.jpg 460w, https:\/\/www.diarioimagen.net\/wp-content\/uploads\/2019\/08\/cuautitlan-240x135.jpg 240w, https:\/\/www.diarioimagen.net\/wp-content\/uploads\/2019\/08\/cuautitlan-235x132.jpg 235w, https:\/\/www.diarioimagen.net\/wp-content\/uploads\/2019\/08\/cuautitlan-202x114.jpg 202w, https:\/\/www.diarioimagen.net\/wp-content\/uploads\/2019\/08\/cuautitlan-350x196.jpg 350w, https:\/\/www.diarioimagen.net\/wp-content\/uploads\/2019\/08\/cuautitlan-220x123.jpg 220w, https:\/\/www.diarioimagen.net\/wp-content\/uploads\/2019\/08\/cuautitlan-237x132.jpg 237w, https:\/\/www.diarioimagen.net\/wp-content\/uploads\/2019\/08\/cuautitlan.jpg 480w\" sizes=\"auto, (max-width: 460px) 100vw, 460px\" \/><\/a><p id=\"caption-attachment-437647\" class=\"wp-caption-text\">En este marco deportivo se hizo entrega de un reconocimiento especial a la boxeadora campeona mundial de la WBC, Irma \u201dTorbellino\u201d Garc\u00eda.<\/p><\/div>\n<p>&nbsp;<\/p>\n<p><strong>Cuautitl\u00e1n, Estado de M\u00e9xico<\/strong>.- La promoci\u00f3n deportiva forma parte del fortalecimiento de la sociedad, por lo que el gobierno municipal trabaja en la dotaci\u00f3n de espacios, la formaci\u00f3n f\u00edsica de los j\u00f3venes y la realizaci\u00f3n de eventos, como la 1\u00aa Exhibici\u00f3n de Box Cuautitl\u00e1n 2019, en el Gimnasio Benito Ju\u00e1rez.<\/p>\n<p>En este marco deportivo se hizo entrega de un reconocimiento especial a la boxeadora campeona mundial de la WBC Irma \u201dTorbellino\u201d Garc\u00eda, quien al mostrar al p\u00fablico sus cinturones obtenidos en su carrera, invit\u00f3 a los padres de los futuros boxeadores a apoyarlos en todo momento.<\/p>\n<p>De igual forma, se le reconoci\u00f3 a la taekwondo\u00edn Allyson G. Lugo Romero, tercer lugar por equipos en la Olimpiada Nacional Juvenil, quien adem\u00e1s de ser vecina del conjunto urbano Joyas de Cuautitl\u00e1n, es un ejemplo de dedicaci\u00f3n, ya que desde temprana edad inici\u00f3 en el deporte y hoy, ya cuenta con 30 medallas en diversas competencias nacionales.<\/p>\n<p>Con la presentaci\u00f3n de 18 peleas de box, en las que decenas de j\u00f3venes del municipio tuvieron la oportunidad de enfrentarse, se marca el inicio una serie de eventos que el Instituto Municipal de Cultura F\u00edsica y Deporte tiene programadas este a\u00f1o, para fomentar la pr\u00e1ctica del pugilismo.<\/p>\n<p>La experiencia en estas peleas permite fomentar en los m\u00e1s peque\u00f1os ganas de triunfo y \u00e9xito, reforzando los valores de la familia, el respeto y la sana competencia, refrend\u00f3 el titular del deporte municipal, al presentar los primeros ni\u00f1os combatientes de la exhibici\u00f3n.<\/p>\n","protected":false},"excerpt":{"rendered":"<p>La promoci\u00f3n deportiva forma parte del fortalecimiento de la sociedad, por lo que el gobierno municipal trabaja en la dotaci\u00f3n de espacios, la formaci\u00f3n f\u00edsica de los j\u00f3venes y la realizaci\u00f3n de eventos, como la 1\u00aa Exhibici\u00f3n de Box Cuautitl\u00e1n 2019, en el Gimnasio Benito Ju\u00e1rez.<\/p>\n","protected":false},"author":3,"featured_media":437647,"comment_status":"open","ping_status":"open","sticky":false,"template":"","format":"standard","meta":{"_monsterinsights_skip_tracking":false,"_monsterinsights_sitenote_active":false,"_monsterinsights_sitenote_note":"","_monsterinsights_sitenote_category":0,"footnotes":""},"categories":[5],"tags":[681,43675,87086,87087],"class_list":["post-437588","post","type-post","status-publish","format-standard","has-post-thumbnail","hentry","category-estado-de-mexico","tag-cuautitlan","tag-estado-de-mexico","tag-fomentan-ganas","tag-pequenos"],"_links":{"self":[{"href":"https:\/\/www.diarioimagen.net\/index.php?rest_route=\/wp\/v2\/posts\/437588","targetHints":{"allow":["GET"]}}],"collection":[{"href":"https:\/\/www.diarioimagen.net\/index.php?rest_route=\/wp\/v2\/posts"}],"about":[{"href":"https:\/\/www.diarioimagen.net\/index.php?rest_route=\/wp\/v2\/types\/post"}],"author":[{"embeddable":true,"href":"https:\/\/www.diarioimagen.net\/index.php?rest_route=\/wp\/v2\/users\/3"}],"replies":[{"embeddable":true,"href":"https:\/\/www.diarioimagen.net\/index.php?rest_route=%2Fwp%2Fv2%2Fcomments&post=437588"}],"version-history":[{"count":0,"href":"https:\/\/www.diarioimagen.net\/index.php?rest_route=\/wp\/v2\/posts\/437588\/revisions"}],"wp:featuredmedia":[{"embeddable":true,"href":"https:\/\/www.diarioimagen.net\/index.php?rest_route=\/wp\/v2\/media\/437647"}],"wp:attachment":[{"href":"https:\/\/www.diarioimagen.net\/index.php?rest_route=%2Fwp%2Fv2%2Fmedia&parent=437588"}],"wp:term":[{"taxonomy":"category","embeddable":true,"href":"https:\/\/www.diarioimagen.net\/index.php?rest_route=%2Fwp%2Fv2%2Fcategories&post=437588"},{"taxonomy":"post_tag","embeddable":true,"href":"https:\/\/www.diarioimagen.net\/index.php?rest_route=%2Fwp%2Fv2%2Ftags&post=437588"}],"curies":[{"name":"wp","href":"https:\/\/api.w.org\/{rel}","templated":true}]}}