{"id":437590,"date":"2019-08-05T00:07:29","date_gmt":"2019-08-05T05:07:29","guid":{"rendered":"https:\/\/www.diarioimagen.net\/?p=437590"},"modified":"2019-08-05T05:02:47","modified_gmt":"2019-08-05T10:02:47","slug":"inauguraran-este-lunes-ciclo-escolar-2019-2020-de-la-uaem","status":"publish","type":"post","link":"https:\/\/www.diarioimagen.net\/?p=437590","title":{"rendered":"Inaugurar\u00e1n este lunes ciclo escolar 2019-2020 de la UAEM"},"content":{"rendered":"<ul>\n<li><strong><em>En la Unidad Acad\u00e9mica Profesional en Acolman<\/em><\/strong><\/li>\n<\/ul>\n<p>&nbsp;<\/p>\n<div id=\"attachment_437643\" style=\"width: 470px\" class=\"wp-caption aligncenter\"><a href=\"https:\/\/www.diarioimagen.net\/?attachment_id=437643\" rel=\"attachment wp-att-437643\"><img loading=\"lazy\" decoding=\"async\" aria-describedby=\"caption-attachment-437643\" class=\"size-large wp-image-437643\" src=\"https:\/\/www.diarioimagen.net\/wp-content\/uploads\/2019\/08\/UAEM-5-460x259.jpg\" alt=\"\" width=\"460\" height=\"259\" srcset=\"https:\/\/www.diarioimagen.net\/wp-content\/uploads\/2019\/08\/UAEM-5-460x259.jpg 460w, https:\/\/www.diarioimagen.net\/wp-content\/uploads\/2019\/08\/UAEM-5-240x135.jpg 240w, https:\/\/www.diarioimagen.net\/wp-content\/uploads\/2019\/08\/UAEM-5-235x132.jpg 235w, https:\/\/www.diarioimagen.net\/wp-content\/uploads\/2019\/08\/UAEM-5-202x114.jpg 202w, https:\/\/www.diarioimagen.net\/wp-content\/uploads\/2019\/08\/UAEM-5-350x196.jpg 350w, https:\/\/www.diarioimagen.net\/wp-content\/uploads\/2019\/08\/UAEM-5-220x123.jpg 220w, https:\/\/www.diarioimagen.net\/wp-content\/uploads\/2019\/08\/UAEM-5-237x132.jpg 237w, https:\/\/www.diarioimagen.net\/wp-content\/uploads\/2019\/08\/UAEM-5.jpg 480w\" sizes=\"auto, (max-width: 460px) 100vw, 460px\" \/><\/a><p id=\"caption-attachment-437643\" class=\"wp-caption-text\">Alfredo Barrera Baca, rector de UAEM, recibir\u00e1 al gobernador del Estado de M\u00e9xico, para la entrega de infraestructura, equipo cient\u00edfico y mobiliario, en beneficio de la comunidad de esta casa de estudios.<\/p><\/div>\n<p>&nbsp;<\/p>\n<p><strong>Toluca, Estado de M\u00e9xico<\/strong>.- Este lunes 5 de agosto, el gobernador del Estado de M\u00e9xico, Alfredo Del Mazo Maza, y el rector de la Universidad Aut\u00f3noma del Estado de M\u00e9xico, Alfredo Barrera Baca, inaugurar\u00e1n el Ciclo Escolar 2019-2020 en la Unidad Acad\u00e9mica Profesional Acolman, donde se realizar\u00e1 la entrega de infraestructura, equipo cient\u00edfico y mobiliario, en beneficio de la comunidad de esta casa de estudios.<\/p>\n<p>En este marco entregar\u00e1n la versi\u00f3n 2019 de la Presea \u201cIgnacio Ram\u00edrez Calzada\u201d al docente del Plantel \u201cNezahualc\u00f3yotl\u201d de la Escuela Preparatoria de la UAEM, Isaac Valdesp\u00edn L\u00f3pez, y a la profesora de la Facultad de Medicina Veterinaria y Zootecnia, Adriana del Carmen Guti\u00e9rrez Castillo.<\/p>\n<p>Asimismo, otorgar\u00e1n la versi\u00f3n 2019 de la Presea \u201cIgnacio Manuel Altamirano\u201d a 102 estudiantes que obtuvieron el m\u00e1s alto promedio general en primera oportunidad al t\u00e9rmino de sus estudios de educaci\u00f3n media superior, t\u00e9cnico superior, superior y estudios avanzados de la Aut\u00f3noma mexiquense. Cabe destacar que por primera ocasi\u00f3n se entregar\u00e1 esta distinci\u00f3n a un egresado del Bachillerato Universitario a Distancia.<\/p>\n","protected":false},"excerpt":{"rendered":"<p>Este lunes 5 de agosto, el gobernador del Estado de M\u00e9xico, Alfredo Del Mazo Maza, y el rector de la Universidad Aut\u00f3noma del Estado de M\u00e9xico, Alfredo Barrera Baca, inaugurar\u00e1n el Ciclo Escolar 2019-2020 en la Unidad Acad\u00e9mica Profesional Acolman, donde se realizar\u00e1 la entrega de infraestructura, equipo cient\u00edfico y mobiliario, en beneficio de la comunidad de esta casa de estudios.<\/p>\n","protected":false},"author":3,"featured_media":437643,"comment_status":"open","ping_status":"open","sticky":false,"template":"","format":"standard","meta":{"_monsterinsights_skip_tracking":false,"_monsterinsights_sitenote_active":false,"_monsterinsights_sitenote_note":"","_monsterinsights_sitenote_category":0,"footnotes":""},"categories":[5],"tags":[58572,87088,43675,452,1491],"class_list":["post-437590","post","type-post","status-publish","format-standard","has-post-thumbnail","hentry","category-estado-de-mexico","tag-alfredo-barrera-baca","tag-ciclo","tag-estado-de-mexico","tag-toluca","tag-uaem"],"_links":{"self":[{"href":"https:\/\/www.diarioimagen.net\/index.php?rest_route=\/wp\/v2\/posts\/437590","targetHints":{"allow":["GET"]}}],"collection":[{"href":"https:\/\/www.diarioimagen.net\/index.php?rest_route=\/wp\/v2\/posts"}],"about":[{"href":"https:\/\/www.diarioimagen.net\/index.php?rest_route=\/wp\/v2\/types\/post"}],"author":[{"embeddable":true,"href":"https:\/\/www.diarioimagen.net\/index.php?rest_route=\/wp\/v2\/users\/3"}],"replies":[{"embeddable":true,"href":"https:\/\/www.diarioimagen.net\/index.php?rest_route=%2Fwp%2Fv2%2Fcomments&post=437590"}],"version-history":[{"count":0,"href":"https:\/\/www.diarioimagen.net\/index.php?rest_route=\/wp\/v2\/posts\/437590\/revisions"}],"wp:featuredmedia":[{"embeddable":true,"href":"https:\/\/www.diarioimagen.net\/index.php?rest_route=\/wp\/v2\/media\/437643"}],"wp:attachment":[{"href":"https:\/\/www.diarioimagen.net\/index.php?rest_route=%2Fwp%2Fv2%2Fmedia&parent=437590"}],"wp:term":[{"taxonomy":"category","embeddable":true,"href":"https:\/\/www.diarioimagen.net\/index.php?rest_route=%2Fwp%2Fv2%2Fcategories&post=437590"},{"taxonomy":"post_tag","embeddable":true,"href":"https:\/\/www.diarioimagen.net\/index.php?rest_route=%2Fwp%2Fv2%2Ftags&post=437590"}],"curies":[{"name":"wp","href":"https:\/\/api.w.org\/{rel}","templated":true}]}}