{"id":437616,"date":"2019-08-05T00:01:40","date_gmt":"2019-08-05T05:01:40","guid":{"rendered":"https:\/\/www.diarioimagen.net\/?p=437616"},"modified":"2019-08-05T04:12:29","modified_gmt":"2019-08-05T09:12:29","slug":"amlo-del-mazo-hierve-edomex","status":"publish","type":"post","link":"https:\/\/www.diarioimagen.net\/?p=437616","title":{"rendered":"AMLO-Del Mazo; hierve Edomex"},"content":{"rendered":"<h2>Espacio Electoral<\/h2>\n<h5>Eleazar Flores<\/h5>\n<p>&nbsp;<\/p>\n<p><strong>ENCONTRONAZO<\/strong>.- Mientras Ivonne Ortega denuncia en su natal Yucat\u00e1n que \u201ctodo est\u00e1 arreglado para dejar el PRI en manos de Andr\u00e9s Manuel L\u00f3pez Obrador\u201d, el otro aspirante, Alejandro Moreno, adelant\u00f3 en Toluca \u201cganaremos ampliamente\u201d y el Presidente camina risue\u00f1o con Del Mazo en San Jos\u00e9 del Rinc\u00f3n.<\/p>\n<p>El objeto del deseo, la presidencia nacional del PRI, no es cosa menor no obstante su fuerte debilidad por culpa de la 4T, y a seis d\u00edas de la elecci\u00f3n todo se vale, hasta las adhesiones, como la de Ulises Ruiz, en favor de Ivonne Ortega y\u2026 Lorena Pi\u00f1\u00f3n a\u00fan deshoja la margarita, lo que de hacerlo tendr\u00e1 que ser en las pr\u00f3ximas 48 horas o de plano seguir el proceso los tres aspirantes.<\/p>\n<p>Otro objeto del deseo de car\u00e1cter local son los 920 mil ciudadanos registrados en el padr\u00f3n tricolor, lo que deduce que el candidato que gane el Estado de M\u00e9xico tendr\u00e1 casi asegurado el triunfo, pues hay diez entidades que con muchos trabajos suman el n\u00famero de empadronados, como el mexiquense, siendo Nayarit, Colima, Hidalgo, Tlaxcala, Morelos, Zacatecas, etc.<\/p>\n<p><strong>L\u00d3PEZ OBRADOR EN EDOMEX<\/strong>.- Para quienes conocen de pol\u00edtica como usted, saben que la d\u00e9cima visita del padre de la cuarta transformaci\u00f3n al Estado de M\u00e9xico, no es casual, pues en pol\u00edtica no hay casualidades, sino planeaci\u00f3n, por lo que la gira sabatina a San Jos\u00e9 del Rinc\u00f3n y Amanalco de Becerra estuvo bien calculada, pues se trata de los municipios de mayor rezago.<\/p>\n<p>Incluso, la invitaci\u00f3n que el mandatario hizo a los m\u00e9dicos jubilados a incorporarse al trabajo nuevamente, para echar a andar los 1,221 Centros de Salud existentes en la entidad. Y tambi\u00e9n las \u201cflores\u201d que L\u00f3pez Obrador ech\u00f3 al gobernador Alfredo del Mazo, al se\u00f1alar que \u201c\u00e9l viene apoyando las acciones de la cuarta transformaci\u00f3n\u201d. \u00bfLlegar\u00eda a o\u00eddos de Ivonne Ortega?<\/p>\n<p>CAMPA\u00d1AS.- Al t\u00edpico estilo tricolor mexiquense, Alejandro Moreno C\u00e1rdenas estuvo el s\u00e1bado pasado en Toluca para proseguir su campa\u00f1a, arropado por dirigentes actuales, estatales y nacionales del PRI. Habr\u00e1 que reconocerle no haber hablado mal de sus rivales de campa\u00f1a Ivonne Ortega y Lorena Pi\u00f1\u00f3n, limit\u00e1ndose a decir \u201cquien ataca sin proponer no quiere al PRI\u201d.<\/p>\n<p>La concentraci\u00f3n en el edificio del PRI \u201cno tuvo acarreados\u201d, aclar\u00f3 a la prensa el campechano, provocando la sonrisa de los reporteros.<\/p>\n<p>Por su parte, Ivonne Ortega estuvo el mismo s\u00e1bado en su natal Yucat\u00e1n, lugar visitado por \u201cAlito\u201d cinco d\u00edas antes.<\/p>\n<p>Fue en su tierra, donde Ortega Pacheco dijo que desgraciadamente parece estar todo arreglado para dejar al PRI en manos del presidente Andr\u00e9s Manuel L\u00f3pez Obrador, seguramente por colgarle al ex gobernador campechano una cercan\u00eda con el tabasque\u00f1o.<\/p>\n<p><a href=\"mailto:elefa44@gmail.com\" target=\"_blank\" rel=\"noopener noreferrer\"><em>elefa44@gmail.com<\/em><\/a><\/p>\n","protected":false},"excerpt":{"rendered":"<p><span style=\"color: #005497;\"><strong>Eleazar Flores<\/strong><\/span><\/p>\n","protected":false},"author":3,"featured_media":0,"comment_status":"open","ping_status":"open","sticky":false,"template":"","format":"standard","meta":{"_monsterinsights_skip_tracking":false,"_monsterinsights_sitenote_active":false,"_monsterinsights_sitenote_note":"","_monsterinsights_sitenote_category":0,"footnotes":""},"categories":[81743],"tags":[81744,81776,43674],"class_list":["post-437616","post","type-post","status-publish","format-standard","hentry","category-eleazar-flores","tag-eleazar-flores","tag-espacio-electoral","tag-opinion"],"_links":{"self":[{"href":"https:\/\/www.diarioimagen.net\/index.php?rest_route=\/wp\/v2\/posts\/437616","targetHints":{"allow":["GET"]}}],"collection":[{"href":"https:\/\/www.diarioimagen.net\/index.php?rest_route=\/wp\/v2\/posts"}],"about":[{"href":"https:\/\/www.diarioimagen.net\/index.php?rest_route=\/wp\/v2\/types\/post"}],"author":[{"embeddable":true,"href":"https:\/\/www.diarioimagen.net\/index.php?rest_route=\/wp\/v2\/users\/3"}],"replies":[{"embeddable":true,"href":"https:\/\/www.diarioimagen.net\/index.php?rest_route=%2Fwp%2Fv2%2Fcomments&post=437616"}],"version-history":[{"count":0,"href":"https:\/\/www.diarioimagen.net\/index.php?rest_route=\/wp\/v2\/posts\/437616\/revisions"}],"wp:attachment":[{"href":"https:\/\/www.diarioimagen.net\/index.php?rest_route=%2Fwp%2Fv2%2Fmedia&parent=437616"}],"wp:term":[{"taxonomy":"category","embeddable":true,"href":"https:\/\/www.diarioimagen.net\/index.php?rest_route=%2Fwp%2Fv2%2Fcategories&post=437616"},{"taxonomy":"post_tag","embeddable":true,"href":"https:\/\/www.diarioimagen.net\/index.php?rest_route=%2Fwp%2Fv2%2Ftags&post=437616"}],"curies":[{"name":"wp","href":"https:\/\/api.w.org\/{rel}","templated":true}]}}