{"id":437672,"date":"2019-08-05T00:09:18","date_gmt":"2019-08-05T05:09:18","guid":{"rendered":"https:\/\/www.diarioimagen.net\/?p=437672"},"modified":"2019-08-05T05:25:41","modified_gmt":"2019-08-05T10:25:41","slug":"el-racismo-criminal-de-trump","status":"publish","type":"post","link":"https:\/\/www.diarioimagen.net\/?p=437672","title":{"rendered":"El racismo criminal de Trump"},"content":{"rendered":"<h2>Poder y dinero<\/h2>\n<h5>V\u00edctor S\u00e1nchez Ba\u00f1os<\/h5>\n<p>&nbsp;<\/p>\n<ul>\n<li><strong><em>Los riesgos de dividir una naci\u00f3n<\/em><\/strong><\/li>\n<li><strong><em>Matanza de El Paso, hiri\u00f3 a M\u00e9xico<\/em><\/strong><\/li>\n<li><strong><em>Armas de EU, siembran la muerte<\/em><\/strong><\/li>\n<\/ul>\n<p>&nbsp;<\/p>\n<p style=\"text-align: right;\"><em><strong>Muchas veces lo que se calla hace m\u00e1s impresi\u00f3n que lo que se dice<\/strong><br \/>\n<\/em><em>P\u00edndaro, 518-438 a. C.; poeta griego<\/em><\/p>\n<p>&nbsp;<\/p>\n<p>#MasacreElPaso #HeridaAlCoraz\u00f3n #6MexicanosMuertos #RacismoGubernamental #DiscursoDelOdio #DonaldTrump #PopulismoYMuerte #ArmasEnEUyM\u00e9xico #AltoALaMasacre # BetoO\u00b4Rourke #JoeBiden #KamalaHarris #GINgroup #TheFoodWorld<\/p>\n<p>&nbsp;<\/p>\n<p>La matanza que realiz\u00f3 un imb\u00e9cil (no es insulto ni calificativo, sino una descripci\u00f3n) en el interior de un Walmart, en El Paso Texas, donde murieron seis mexicanos y nueve m\u00e1s heridos, fue un ataque directo a M\u00e9xico y a los mexicanos que viven arriba del r\u00edo Bravo.<\/p>\n<p>Fue un asesinato al azar, pero motivado por la actitud supremacista de Patrick Crusius, de 21 a\u00f1os de edad. Hay cerebros que son f\u00e1ciles de lavar y crear ideas que los lleva al extremo.<\/p>\n<p>De los 20 muertos y 26 heridos, los mexicanos fueron los que estaban en esa tienda y estuvieron en la mira de la AK47 (el Avtomat Kalashnikova, modelo 1947, a\u00f1o en que fue creado; conocido como <em>cuerno de chivo<\/em>, inventada por el de fabricaci\u00f3n rusa) de Crusius, estaban en paz; no le hicieron da\u00f1o a los que creen en la supremac\u00eda de la raza blanca.<\/p>\n<p>El ataque es contra M\u00e9xico debido fundamentalmente:<\/p>\n<p>1.- Al discurso de Donald Trump, que enaltece la supremac\u00eda blanca; ataca a mexicanos o aquellos que la pigmentaci\u00f3n de su piel no es puramente blanca. La demagogia para obtener el poder, es inmoral e inhumana. Los pol\u00edticos populistas de derecha o izquierda, que basan su permanencia en el gobierno, gracias a crear enemigos sociales, simplemente son deleznables. M\u00e9xico no es el enemigo del pueblo de Estados Unidos. La mayor\u00eda de los mexicanos que viven all\u00e1, son gente de trabajo y de bien. Han contribuido a construir un pa\u00eds tan grande como lo es ahora.<\/p>\n<p>2.- La arenga al odio entre hermanos, ha llevado en la administraci\u00f3n de Trump, a decenas de tiroteos y asesinatos. No s\u00f3lo contra mexicanos. Sin embargo, hasta ancianas agreden a personas (incluso a turistas) por el simple hecho de hablar espa\u00f1ol.<\/p>\n<p>3.- Los estadounidenses venden armas a criminales mexicanos que entran a nuestro territorio gracias a la corrupci\u00f3n (anterior y actual) de nuestros guarda-fronteras, polic\u00edas y aduaneros. En M\u00e9xico, quienes vigilan lo que entra al pa\u00eds son las mafias organizadas que tienen mayor capacidad de organizaci\u00f3n que nuestras polic\u00edas. Existen en el pa\u00eds m\u00e1s de 30 millones de armas, de las cuales 5 millones, son los llamados \u201ccuernos de chivo\u201d, mismos que se pueden adquirir, nuevos, en las zonas sin ley, hasta en 6 mil pesos.<\/p>\n<p>4.- Su pol\u00edtica para proteger la fabricaci\u00f3n de armas, deja en estado de indefensi\u00f3n a los pacifistas; aquellos que no quieren matar, sino convivir en paz.<\/p>\n<p>5.- Las armas en ambos lados de la frontera, matan miles, decenas de miles de mexicanos. A lo largo de la historia, como dir\u00eda Yuri Orlov (Nicolas Cage en la pel\u00edcula \u201cEl Se\u00f1or de la Guerra\u201d), \u201cel Kalashnikov, es el arma de mayor exportaci\u00f3n rusa, por delante del vodka, el caviar y los novelistas suicidas. Lo cierto es que nadie hac\u00eda cola para comprar sus coches\u201d. Esos \u201ccuernos de chivo\u201d se distribuyen a M\u00e9xico a trav\u00e9s de EU. Muchas veces a cambio de droga.<\/p>\n<p>La matanza de El Paso, es motivo de reflexi\u00f3n sobe las relaciones de Estados Unidos con M\u00e9xico, pero sobre todo de los discursos que dividen a los pueblos y a los hermanos. Los pol\u00edticos ganan con su palabrer\u00eda e, incluso, con sus palabras de odio. Lo vimos en Estados Unidos, con Trump, y lo vemos en M\u00e9xico con los <em>chairos<\/em>.<\/p>\n<p><strong>PODEROSOS CABALLEROS<\/strong>: Pero tambi\u00e9n hay mucha pol\u00edtica en el ataque al Walmart de El Paso. Uno de los aspirantes a la candidatura dem\u00f3crata a la presidencia de EU, para enfrentarse al republicano Donald Trump, es Beto O\u00b4Rourke; con pocas posibilidades, pero usa la tragedia como arma pol\u00edtica. En las encuestas, por cierto, van delante de \u00e9l est\u00e1 el exvicepresidente con Barak Obama, Joe Biden, as\u00ed como la senadora afroamericana por California Kamala Harris, casada con un blanco.<\/p>\n<p><strong>RESPONSABILIDAD SOCIAL CORPORATIVA<\/strong>: GIN Group, presidida por Ra\u00fal Beyruti S\u00e1nchez lanz\u00f3 The Food World, el Mundo de la Comida, plataforma que busca convertirse en referente de la gastronom\u00eda mediante el anuncio de eventos, entrevistas con chefs y tips. As\u00ed el consumidor lograr\u00e1 una mejor experiencia en los restaurantes. La noche del jueves se premi\u00f3 por primea vez a 10 chefs, y 9 l\u00edderes por sus aportes culinarios al pa\u00eds. Ada Sticker, directora comercial en Casa Origo del Valle de Guadalupe y galardonada, explic\u00f3 que esta iniciativa permite crear una comunidad nacional e internacional de especialistas en gastronom\u00eda y vinos. Esc\u00fachame en MVS Radio (102.5 FM) de 21 a 22 horas, de lunes a viernes en Poder y Dinero. MVSnoticias.com<\/p>\n<p><a href=\"http:\/\/poderydinero.mx\" target=\"_blank\" rel=\"noopener noreferrer\"><em>poderydinero.mx<\/em><\/a><em><b><br \/>\n<\/b><a href=\"mailto:vsanchezb@gmail.com\" target=\"_blank\" rel=\"noopener noreferrer\">vsanchezb@gmail.com<br \/>\n<\/a><strong>Twitter:<\/strong><a href=\"https:\/\/twitter.com\/vsanchezbanos\" target=\"_blank\" rel=\"noopener noreferrer\">@vsanchezbano<br \/>\n<\/a><strong>Facebook:\u00a0<\/strong><a href=\"https:\/\/www.facebook.com\/vsanchezbanos?fref=ts\" target=\"_blank\" rel=\"noopener noreferrer\">vsanchezbano<\/a><\/em><\/p>\n","protected":false},"excerpt":{"rendered":"<p><span style=\"color: #005497;\"><strong>V\u00edctor S\u00e1nchez Ba\u00f1os<\/strong><\/span><\/p>\n","protected":false},"author":3,"featured_media":0,"comment_status":"open","ping_status":"open","sticky":false,"template":"","format":"standard","meta":{"_monsterinsights_skip_tracking":false,"_monsterinsights_sitenote_active":false,"_monsterinsights_sitenote_note":"","_monsterinsights_sitenote_category":0,"footnotes":""},"categories":[38844],"tags":[43674,38847,38848],"class_list":["post-437672","post","type-post","status-publish","format-standard","hentry","category-victor-sanchez-banos","tag-opinion","tag-poder-y-dinero","tag-victor-sanchez-banos"],"_links":{"self":[{"href":"https:\/\/www.diarioimagen.net\/index.php?rest_route=\/wp\/v2\/posts\/437672","targetHints":{"allow":["GET"]}}],"collection":[{"href":"https:\/\/www.diarioimagen.net\/index.php?rest_route=\/wp\/v2\/posts"}],"about":[{"href":"https:\/\/www.diarioimagen.net\/index.php?rest_route=\/wp\/v2\/types\/post"}],"author":[{"embeddable":true,"href":"https:\/\/www.diarioimagen.net\/index.php?rest_route=\/wp\/v2\/users\/3"}],"replies":[{"embeddable":true,"href":"https:\/\/www.diarioimagen.net\/index.php?rest_route=%2Fwp%2Fv2%2Fcomments&post=437672"}],"version-history":[{"count":0,"href":"https:\/\/www.diarioimagen.net\/index.php?rest_route=\/wp\/v2\/posts\/437672\/revisions"}],"wp:attachment":[{"href":"https:\/\/www.diarioimagen.net\/index.php?rest_route=%2Fwp%2Fv2%2Fmedia&parent=437672"}],"wp:term":[{"taxonomy":"category","embeddable":true,"href":"https:\/\/www.diarioimagen.net\/index.php?rest_route=%2Fwp%2Fv2%2Fcategories&post=437672"},{"taxonomy":"post_tag","embeddable":true,"href":"https:\/\/www.diarioimagen.net\/index.php?rest_route=%2Fwp%2Fv2%2Ftags&post=437672"}],"curies":[{"name":"wp","href":"https:\/\/api.w.org\/{rel}","templated":true}]}}