{"id":437686,"date":"2019-08-06T00:05:20","date_gmt":"2019-08-06T05:05:20","guid":{"rendered":"https:\/\/www.diarioimagen.net\/?p=437686"},"modified":"2019-08-06T03:17:05","modified_gmt":"2019-08-06T08:17:05","slug":"turismo-religioso-de-la-luz-del-mundo-dejara-derrama-superior-a-300-mdd","status":"publish","type":"post","link":"https:\/\/www.diarioimagen.net\/?p=437686","title":{"rendered":"Turismo religioso de La Luz del Mundo dejar\u00e1 derrama superior a 300 mdd"},"content":{"rendered":"<ul>\n<li><strong><em>Se congregan en Guadalajara m\u00e1s de 600 mil fieles de 58 pa\u00edses<\/em><\/strong><\/li>\n<\/ul>\n<p>&nbsp;<\/p>\n<div id=\"attachment_437687\" style=\"width: 470px\" class=\"wp-caption aligncenter\"><img loading=\"lazy\" decoding=\"async\" aria-describedby=\"caption-attachment-437687\" class=\"wp-image-437687 size-large\" src=\"https:\/\/www.diarioimagen.net\/wp-content\/uploads\/2019\/08\/LUZ-6PORTAL-460x268.jpg\" alt=\"\" width=\"460\" height=\"268\" srcset=\"https:\/\/www.diarioimagen.net\/wp-content\/uploads\/2019\/08\/LUZ-6PORTAL-460x268.jpg 460w, https:\/\/www.diarioimagen.net\/wp-content\/uploads\/2019\/08\/LUZ-6PORTAL-240x140.jpg 240w, https:\/\/www.diarioimagen.net\/wp-content\/uploads\/2019\/08\/LUZ-6PORTAL.jpg 480w\" sizes=\"auto, (max-width: 460px) 100vw, 460px\" \/><p id=\"caption-attachment-437687\" class=\"wp-caption-text\">M\u00e1s de 600 mil fieles provenientes de m\u00e1s de 58 pa\u00edses se congregar\u00e1n en Guadalajara para la Santa Cena, que organiza la iglesia La Luz del Mundo.<\/p><\/div>\n<p>&nbsp;<\/p>\n<p>La iglesia La Luz del Mundo se alista para recibir del 6 al 15 de agosto en Guadalajara, Jalisco, a m\u00e1s de 600 mil fieles provenientes de m\u00e1s de 58 pa\u00edses, para celebrar la Santa Cena, con lo que se prev\u00e9 una derrama econ\u00f3mica de 300 millones de d\u00f3lares, producto del \u201cturismo religioso\u201d.<\/p>\n<p>Silem Garc\u00eda, vocero de la comunidad, detall\u00f3 que para hospedar a los asistentes se pidi\u00f3 permiso en 63 escuelas p\u00fablicas, que se adecuar\u00e1n y entregar\u00e1n en mejores condiciones, y no se afectar\u00e1 a los ni\u00f1os, pues est\u00e1n de vacaciones.<\/p>\n<p>En conferencia de prensa, subray\u00f3 que las escuelas siempre se han prestado a la congregaci\u00f3n con la finalidad de que se ocupen como albergues y no implica un gasto para el gobierno federal o estatal y, por el contrario, se entregan en mejores condiciones como agradecimiento por el apoyo.<\/p>\n<p>Sostuvo que para albergar a los fieles tambi\u00e9n se cuenta con 14 edificios propios, 14 mil 450 casas de fieles de la zona metropolitana, tres escuelas propias, 14 edificios albergues, 40 salones de renta, casas de renta y diversos hoteles.<\/p>\n<p>Garc\u00eda explic\u00f3 que se trata de la festividad m\u00e1s solemne de la Luz del Mundo y esperan que la asistencia sea mayor que en a\u00f1os pasados, pues los feligreses creen en la inocencia de su l\u00edder religioso.<\/p>\n<p>En ese sentido, reiter\u00f3 que Naas\u00f3n Joaqu\u00edn Garc\u00eda, preso en una c\u00e1rcel de California, est\u00e1 en proceso de apelaci\u00f3n y confi\u00f3 en que pueda ser liberado.<\/p>\n<p>De acuerdo con el portavoz, no se giraron invitaciones a pol\u00edticos para ese acto y se cuenta con el respaldo de las autoridades estatales y municipales, quienes les brindar\u00e1n apoyo a trav\u00e9s de los cuerpos policiacos, bomberos, as\u00ed como personal de protecci\u00f3n civil y de servicios generales.<\/p>\n<p>Entre las actividades de esos nueve d\u00edas se contempla una caminata juvenil en la que participar\u00e1n mas de 120 mil j\u00f3venes y un encuentro de delegados de diversos pa\u00edses con autoridades municipales.<\/p>\n<p>El evento se transmitir\u00e1 por internet para llegar a 5 millones de personas que creen en la inocencia de su l\u00edder religioso, acusado de delitos relacionados con abuso sexual de menores y pornograf\u00eda infantil.<\/p>\n","protected":false},"excerpt":{"rendered":"<p>La iglesia La Luz del Mundo se alista para recibir del 6 al 15 de agosto en Guadalajara, Jalisco, a m\u00e1s de 600 mil fieles provenientes de m\u00e1s de 58 pa\u00edses, para celebrar la Santa Cena, con lo que se prev\u00e9 una derrama econ\u00f3mica de 300 millones de d\u00f3lares, producto del \u201cturismo religioso\u201d.<\/p>\n","protected":false},"author":5,"featured_media":437687,"comment_status":"open","ping_status":"open","sticky":false,"template":"","format":"standard","meta":{"_monsterinsights_skip_tracking":false,"_monsterinsights_sitenote_active":false,"_monsterinsights_sitenote_note":"","_monsterinsights_sitenote_category":0,"footnotes":""},"categories":[11],"tags":[46048,2821,43,85913,87096,85878,83329,43681,87097],"class_list":["post-437686","post","type-post","status-publish","format-standard","has-post-thumbnail","hentry","category-turismo","tag-derrama","tag-guadalajara","tag-jalisco","tag-la-luz-del-mundo","tag-luz-del-mundo","tag-naason-joaquin-garcia","tag-religion","tag-turismo","tag-turismo-religioso"],"_links":{"self":[{"href":"https:\/\/www.diarioimagen.net\/index.php?rest_route=\/wp\/v2\/posts\/437686","targetHints":{"allow":["GET"]}}],"collection":[{"href":"https:\/\/www.diarioimagen.net\/index.php?rest_route=\/wp\/v2\/posts"}],"about":[{"href":"https:\/\/www.diarioimagen.net\/index.php?rest_route=\/wp\/v2\/types\/post"}],"author":[{"embeddable":true,"href":"https:\/\/www.diarioimagen.net\/index.php?rest_route=\/wp\/v2\/users\/5"}],"replies":[{"embeddable":true,"href":"https:\/\/www.diarioimagen.net\/index.php?rest_route=%2Fwp%2Fv2%2Fcomments&post=437686"}],"version-history":[{"count":0,"href":"https:\/\/www.diarioimagen.net\/index.php?rest_route=\/wp\/v2\/posts\/437686\/revisions"}],"wp:featuredmedia":[{"embeddable":true,"href":"https:\/\/www.diarioimagen.net\/index.php?rest_route=\/wp\/v2\/media\/437687"}],"wp:attachment":[{"href":"https:\/\/www.diarioimagen.net\/index.php?rest_route=%2Fwp%2Fv2%2Fmedia&parent=437686"}],"wp:term":[{"taxonomy":"category","embeddable":true,"href":"https:\/\/www.diarioimagen.net\/index.php?rest_route=%2Fwp%2Fv2%2Fcategories&post=437686"},{"taxonomy":"post_tag","embeddable":true,"href":"https:\/\/www.diarioimagen.net\/index.php?rest_route=%2Fwp%2Fv2%2Ftags&post=437686"}],"curies":[{"name":"wp","href":"https:\/\/api.w.org\/{rel}","templated":true}]}}