{"id":437737,"date":"2019-08-06T00:09:06","date_gmt":"2019-08-06T05:09:06","guid":{"rendered":"https:\/\/www.diarioimagen.net\/?p=437737"},"modified":"2019-08-06T05:18:29","modified_gmt":"2019-08-06T10:18:29","slug":"anuncian-dos-nuevas-carceles-en-el-edomex","status":"publish","type":"post","link":"https:\/\/www.diarioimagen.net\/?p=437737","title":{"rendered":"Anuncian dos nuevas c\u00e1rceles en el Edomex"},"content":{"rendered":"<p><a href=\"https:\/\/www.diarioimagen.net\/?attachment_id=437811\" rel=\"attachment wp-att-437811\"><img loading=\"lazy\" decoding=\"async\" class=\"aligncenter size-large wp-image-437811\" src=\"https:\/\/www.diarioimagen.net\/wp-content\/uploads\/2019\/08\/anuncio-460x259.jpg\" alt=\"\" width=\"460\" height=\"259\" srcset=\"https:\/\/www.diarioimagen.net\/wp-content\/uploads\/2019\/08\/anuncio-460x259.jpg 460w, https:\/\/www.diarioimagen.net\/wp-content\/uploads\/2019\/08\/anuncio-240x135.jpg 240w, https:\/\/www.diarioimagen.net\/wp-content\/uploads\/2019\/08\/anuncio-235x132.jpg 235w, https:\/\/www.diarioimagen.net\/wp-content\/uploads\/2019\/08\/anuncio-202x114.jpg 202w, https:\/\/www.diarioimagen.net\/wp-content\/uploads\/2019\/08\/anuncio-350x196.jpg 350w, https:\/\/www.diarioimagen.net\/wp-content\/uploads\/2019\/08\/anuncio-220x123.jpg 220w, https:\/\/www.diarioimagen.net\/wp-content\/uploads\/2019\/08\/anuncio-237x132.jpg 237w, https:\/\/www.diarioimagen.net\/wp-content\/uploads\/2019\/08\/anuncio.jpg 480w\" sizes=\"auto, (max-width: 460px) 100vw, 460px\" \/><\/a><\/p>\n<p>&nbsp;<\/p>\n<p>El mandatario Andr\u00e9s Manuel L\u00f3pez Obrador y el gobernador del Estado de M\u00e9xico, Alfredo del Mazo, anunciaron ayer lunes la construcci\u00f3n de dos c\u00e1rceles m\u00e1s en territorio mexiquense para desahogar la sobrepoblaci\u00f3n existente.<\/p>\n<p>En la conferencia de prensa matutina, dijeron que los 22 penales con los que cuenta el Estado de M\u00e9xico tienen capacidad para 13 mil personas, pero albergan a casi 28 mil.<\/p>\n<p>Los dos reclusorios nuevos estar\u00edan ubicados en Ixtlahuaca y Otumba, explic\u00f3 Del Mazo, al agradecer al secretario federal de Seguridad y Protecci\u00f3n Ciudadana, Alfonso Durazo, por apoyar con el traslado de algunos internos a penales de alta seguridad.<\/p>\n<p>\u201cEs un problema que ya se est\u00e1 atendiendo, el gobierno del Estado de M\u00e9xico est\u00e1 trabajando en coordinaci\u00f3n con el gobierno federal para el traslado a penales federales de internos en c\u00e1rceles y reclusorios\u201d mexiquenses, se\u00f1al\u00f3 el mandatario.<\/p>\n<p>L\u00f3pez Obrador manifest\u00f3 que \u201cexiste muy buena coordinaci\u00f3n con el gobernador del Estado de M\u00e9xico y he constatado que est\u00e1 pendiente, al tanto de lo que sucede en este tema que tanto le importa a los ciudadanos, los problemas de inseguridad y violencia\u201d.<\/p>\n<p style=\"text-align: center;\"><strong>Avances en seguridad en el Estado de M\u00e9xico<\/strong><\/p>\n<p>El gobernador Alfredo del Mazo Maza present\u00f3 ayer detalles de la estrategia de seguridad que aplica su gobierno y asegur\u00f3 que el \u00edndice delictivo registra bajas en diferentes rubros.<\/p>\n<p>Durante la conferencia de prensa matutina de L\u00f3pez Obrador, el gobernador inform\u00f3 que se registr\u00f3 una disminuci\u00f3n en la proporci\u00f3n de los delitos de alto impacto, al pasar de 36 por ciento a 31 por ciento del total de actos il\u00edcitos que se cometen en la entidad.<\/p>\n<p>En el tema del robo en el transporte p\u00fablico, \u201cuno de los delitos que m\u00e1s se cometen en volumen y de los que m\u00e1s se queja la ciudadan\u00eda, hemos podido ver que hay ya una tendencia hacia disminuir el crecimiento que tiene el robo de veh\u00edculo\u201d.<\/p>\n<p>En las instalaciones del Centro Regional de Cultura de Valle de Bravo, Del Mazo Maza se\u00f1al\u00f3 que el delito hab\u00eda ido creciendo, pero que \u201cde junio a la fecha, empezamos a ver una disminuci\u00f3n de la tendencia del robo al transporte p\u00fablico\u201d, as\u00ed como en el robo de veh\u00edculo.<\/p>\n<p>\u201cEs decir, que de enero a julio de 2018 contra enero a julio de 2019 vemos una disminuci\u00f3n de 11 por ciento en el robo de veh\u00edculo, el robo de veh\u00edculo con violencia y robo de veh\u00edculo sin violencia. En los tres tenemos una disminuci\u00f3n de aproximadamente de 11 por ciento\u201d.<\/p>\n<p>En este sentido, indic\u00f3 que 17 municipios de la entidad concentran 89 por ciento del robo en el transporte p\u00fablico, y que en este tema se ha hecho un esfuerzo para contrarrestar el delito mediante el uso de la tecnolog\u00eda, como la instalaci\u00f3n de c\u00e1maras de vigilancia, botones de p\u00e1nico y de sistemas de GPS.<\/p>\n","protected":false},"excerpt":{"rendered":"<p>El mandatario Andr\u00e9s Manuel L\u00f3pez Obrador y el gobernador del Estado de M\u00e9xico, Alfredo del Mazo, anunciaron ayer lunes la construcci\u00f3n de dos c\u00e1rceles m\u00e1s en territorio mexiquense para desahogar la sobrepoblaci\u00f3n existente.<\/p>\n","protected":false},"author":3,"featured_media":437811,"comment_status":"open","ping_status":"open","sticky":false,"template":"","format":"standard","meta":{"_monsterinsights_skip_tracking":false,"_monsterinsights_sitenote_active":false,"_monsterinsights_sitenote_note":"","_monsterinsights_sitenote_category":0,"footnotes":""},"categories":[5],"tags":[2505,1352,84185,17625,43675],"class_list":["post-437737","post","type-post","status-publish","format-standard","has-post-thumbnail","hentry","category-estado-de-mexico","tag-alfredo-del-mazo-maza","tag-andres-manuel-lopez-obrador","tag-carceles","tag-construccion","tag-estado-de-mexico"],"_links":{"self":[{"href":"https:\/\/www.diarioimagen.net\/index.php?rest_route=\/wp\/v2\/posts\/437737","targetHints":{"allow":["GET"]}}],"collection":[{"href":"https:\/\/www.diarioimagen.net\/index.php?rest_route=\/wp\/v2\/posts"}],"about":[{"href":"https:\/\/www.diarioimagen.net\/index.php?rest_route=\/wp\/v2\/types\/post"}],"author":[{"embeddable":true,"href":"https:\/\/www.diarioimagen.net\/index.php?rest_route=\/wp\/v2\/users\/3"}],"replies":[{"embeddable":true,"href":"https:\/\/www.diarioimagen.net\/index.php?rest_route=%2Fwp%2Fv2%2Fcomments&post=437737"}],"version-history":[{"count":0,"href":"https:\/\/www.diarioimagen.net\/index.php?rest_route=\/wp\/v2\/posts\/437737\/revisions"}],"wp:featuredmedia":[{"embeddable":true,"href":"https:\/\/www.diarioimagen.net\/index.php?rest_route=\/wp\/v2\/media\/437811"}],"wp:attachment":[{"href":"https:\/\/www.diarioimagen.net\/index.php?rest_route=%2Fwp%2Fv2%2Fmedia&parent=437737"}],"wp:term":[{"taxonomy":"category","embeddable":true,"href":"https:\/\/www.diarioimagen.net\/index.php?rest_route=%2Fwp%2Fv2%2Fcategories&post=437737"},{"taxonomy":"post_tag","embeddable":true,"href":"https:\/\/www.diarioimagen.net\/index.php?rest_route=%2Fwp%2Fv2%2Ftags&post=437737"}],"curies":[{"name":"wp","href":"https:\/\/api.w.org\/{rel}","templated":true}]}}