{"id":437751,"date":"2019-08-06T00:08:02","date_gmt":"2019-08-06T05:08:02","guid":{"rendered":"https:\/\/www.diarioimagen.net\/?p=437751"},"modified":"2019-08-06T05:19:20","modified_gmt":"2019-08-06T10:19:20","slug":"estudiaran-en-uaem-117-alumnos-extranjeros-en-segundo-semestre","status":"publish","type":"post","link":"https:\/\/www.diarioimagen.net\/?p=437751","title":{"rendered":"Estudiar\u00e1n en UAEM 117 alumnos extranjeros en segundo semestre"},"content":{"rendered":"<ul>\n<li><strong><em>Cursaron un taller para adaptaci\u00f3n intercultural<\/em><\/strong><\/li>\n<\/ul>\n<p>&nbsp;<\/p>\n<div id=\"attachment_437814\" style=\"width: 470px\" class=\"wp-caption aligncenter\"><a href=\"https:\/\/www.diarioimagen.net\/?attachment_id=437814\" rel=\"attachment wp-att-437814\"><img loading=\"lazy\" decoding=\"async\" aria-describedby=\"caption-attachment-437814\" class=\"size-large wp-image-437814\" src=\"https:\/\/www.diarioimagen.net\/wp-content\/uploads\/2019\/08\/UAEM6-460x259.jpg\" alt=\"\" width=\"460\" height=\"259\" srcset=\"https:\/\/www.diarioimagen.net\/wp-content\/uploads\/2019\/08\/UAEM6-460x259.jpg 460w, https:\/\/www.diarioimagen.net\/wp-content\/uploads\/2019\/08\/UAEM6-240x135.jpg 240w, https:\/\/www.diarioimagen.net\/wp-content\/uploads\/2019\/08\/UAEM6-235x132.jpg 235w, https:\/\/www.diarioimagen.net\/wp-content\/uploads\/2019\/08\/UAEM6-202x114.jpg 202w, https:\/\/www.diarioimagen.net\/wp-content\/uploads\/2019\/08\/UAEM6-350x196.jpg 350w, https:\/\/www.diarioimagen.net\/wp-content\/uploads\/2019\/08\/UAEM6-220x123.jpg 220w, https:\/\/www.diarioimagen.net\/wp-content\/uploads\/2019\/08\/UAEM6-237x132.jpg 237w, https:\/\/www.diarioimagen.net\/wp-content\/uploads\/2019\/08\/UAEM6.jpg 480w\" sizes=\"auto, (max-width: 460px) 100vw, 460px\" \/><\/a><p id=\"caption-attachment-437814\" class=\"wp-caption-text\">El secretario de docencia, Marco Antonio Luna Pichardo, indic\u00f3 que los extranjeros realizan estudios en instituciones de Argentina, Per\u00fa, Brasil, Chile, Ecuador, Colombia, Espa\u00f1a, Jap\u00f3n, Finlandia, Italia y Alemania.<\/p><\/div>\n<p>&nbsp;<\/p>\n<p><strong>Toluca, Estado de M\u00e9xico<\/strong>.\u2013 Durante el segundo semestre de este a\u00f1o, 117 estudiantes extranjeros y siete mexicanos realizar\u00e1n una estancia acad\u00e9mica en la Universidad Aut\u00f3noma del Estado de M\u00e9xico.<\/p>\n<p>Al dar la bienvenida a los estudiantes de movilidad internacional y nacional, el secretario de docencia, Marco Antonio Luna Pichardo, indic\u00f3 que los extranjeros realizan estudios en instituciones de Argentina, Per\u00fa, Brasil, Chile, Ecuador, Colombia, Espa\u00f1a, Jap\u00f3n, Finlandia, Italia y Alemania.<\/p>\n<p>\u201cSon alumnos de las universidades: Nacional de la Pampa, C\u00e9sar Vallejo, Federal del Mato Grosso, Granada, Saitama y Verona, entre otras. En tanto, los mexicanos estudian en las aut\u00f3nomas de Ciudad Ju\u00e1rez, Sinaloa, Tabasco y Benito Ju\u00e1rez de Oaxaca, as\u00ed como la Escuela Normal Superior Federal de Aguascalientes \u201cProfesor Jos\u00e9 Santos Vald\u00e9s\u201d.<\/p>\n<p>En el Centro de Investigaci\u00f3n en Ciencias Sociales y Humanidades, Luna Pichardo subray\u00f3 que la Aut\u00f3noma mexiquense es la decimoprimera instituci\u00f3n de educaci\u00f3n superior, entre p\u00fablicas y privadas, y la tercera entre las universidades p\u00fablicas estatales de mayor calidad a nivel nacional.<\/p>\n<p>Del mismo modo, destac\u00f3 que los m\u00e1s de 500 miembros del Sistema Nacional de Investigadores (SNI) con que cuenta la UAEM generan investigaci\u00f3n de vanguardia y proyectos de alcance internacional.<\/p>\n<p>Por su parte, la secretaria de Cooperaci\u00f3n Internacional, Pilar Ampudia Garc\u00eda, explic\u00f3 que los alumnos que realizar\u00e1n estudios en la UAEM, durante un semestre cursaron un taller para adaptaci\u00f3n intercultural y conocieron los beneficios a los que pueden acceder al formar parte de la comunidad verde y oro.<\/p>\n<p>Acompa\u00f1ada del director de Movilidad Internacional, Eduardo de la Rosa Mart\u00ednez, y la directora de Apoyo Acad\u00e9mico a Estudiantes y Egresados, Claudia Adriana Rodr\u00edguez Guadarrama, la universitaria se\u00f1al\u00f3 que los j\u00f3venes asistieron a una pl\u00e1tica sobre cultura de la legalidad y procedimiento de responsabilidad universitaria.<\/p>\n","protected":false},"excerpt":{"rendered":"<p>Durante el segundo semestre de este a\u00f1o, 117 estudiantes extranjeros y siete mexicanos realizar\u00e1n una estancia acad\u00e9mica en la Universidad Aut\u00f3noma del Estado de M\u00e9xico.<\/p>\n","protected":false},"author":3,"featured_media":437814,"comment_status":"open","ping_status":"open","sticky":false,"template":"","format":"standard","meta":{"_monsterinsights_skip_tracking":false,"_monsterinsights_sitenote_active":false,"_monsterinsights_sitenote_note":"","_monsterinsights_sitenote_category":0,"footnotes":""},"categories":[5],"tags":[43675,2014,22113,452,1491],"class_list":["post-437751","post","type-post","status-publish","format-standard","has-post-thumbnail","hentry","category-estado-de-mexico","tag-estado-de-mexico","tag-estudiantes","tag-extranjeros","tag-toluca","tag-uaem"],"_links":{"self":[{"href":"https:\/\/www.diarioimagen.net\/index.php?rest_route=\/wp\/v2\/posts\/437751","targetHints":{"allow":["GET"]}}],"collection":[{"href":"https:\/\/www.diarioimagen.net\/index.php?rest_route=\/wp\/v2\/posts"}],"about":[{"href":"https:\/\/www.diarioimagen.net\/index.php?rest_route=\/wp\/v2\/types\/post"}],"author":[{"embeddable":true,"href":"https:\/\/www.diarioimagen.net\/index.php?rest_route=\/wp\/v2\/users\/3"}],"replies":[{"embeddable":true,"href":"https:\/\/www.diarioimagen.net\/index.php?rest_route=%2Fwp%2Fv2%2Fcomments&post=437751"}],"version-history":[{"count":0,"href":"https:\/\/www.diarioimagen.net\/index.php?rest_route=\/wp\/v2\/posts\/437751\/revisions"}],"wp:featuredmedia":[{"embeddable":true,"href":"https:\/\/www.diarioimagen.net\/index.php?rest_route=\/wp\/v2\/media\/437814"}],"wp:attachment":[{"href":"https:\/\/www.diarioimagen.net\/index.php?rest_route=%2Fwp%2Fv2%2Fmedia&parent=437751"}],"wp:term":[{"taxonomy":"category","embeddable":true,"href":"https:\/\/www.diarioimagen.net\/index.php?rest_route=%2Fwp%2Fv2%2Fcategories&post=437751"},{"taxonomy":"post_tag","embeddable":true,"href":"https:\/\/www.diarioimagen.net\/index.php?rest_route=%2Fwp%2Fv2%2Ftags&post=437751"}],"curies":[{"name":"wp","href":"https:\/\/api.w.org\/{rel}","templated":true}]}}