{"id":437753,"date":"2019-08-06T00:07:16","date_gmt":"2019-08-06T05:07:16","guid":{"rendered":"https:\/\/www.diarioimagen.net\/?p=437753"},"modified":"2019-08-06T05:20:28","modified_gmt":"2019-08-06T10:20:28","slug":"alcalde-juan-rodolfo-fortalece-la-actividad-industrial-en-toluca","status":"publish","type":"post","link":"https:\/\/www.diarioimagen.net\/?p=437753","title":{"rendered":"Alcalde Juan Rodolfo fortalece la actividad industrial en Toluca"},"content":{"rendered":"<ul>\n<li><strong><em>Luego de 10 a\u00f1os de abandono<\/em><\/strong><\/li>\n<\/ul>\n<p>&nbsp;<\/p>\n<div id=\"attachment_437817\" style=\"width: 470px\" class=\"wp-caption aligncenter\"><a href=\"https:\/\/www.diarioimagen.net\/?attachment_id=437817\" rel=\"attachment wp-att-437817\"><img loading=\"lazy\" decoding=\"async\" aria-describedby=\"caption-attachment-437817\" class=\"size-large wp-image-437817\" src=\"https:\/\/www.diarioimagen.net\/wp-content\/uploads\/2019\/08\/toluca-460x259.jpg\" alt=\"\" width=\"460\" height=\"259\" srcset=\"https:\/\/www.diarioimagen.net\/wp-content\/uploads\/2019\/08\/toluca-460x259.jpg 460w, https:\/\/www.diarioimagen.net\/wp-content\/uploads\/2019\/08\/toluca-240x135.jpg 240w, https:\/\/www.diarioimagen.net\/wp-content\/uploads\/2019\/08\/toluca-235x132.jpg 235w, https:\/\/www.diarioimagen.net\/wp-content\/uploads\/2019\/08\/toluca-202x114.jpg 202w, https:\/\/www.diarioimagen.net\/wp-content\/uploads\/2019\/08\/toluca-350x196.jpg 350w, https:\/\/www.diarioimagen.net\/wp-content\/uploads\/2019\/08\/toluca-220x123.jpg 220w, https:\/\/www.diarioimagen.net\/wp-content\/uploads\/2019\/08\/toluca-237x132.jpg 237w, https:\/\/www.diarioimagen.net\/wp-content\/uploads\/2019\/08\/toluca.jpg 480w\" sizes=\"auto, (max-width: 460px) 100vw, 460px\" \/><\/a><p id=\"caption-attachment-437817\" class=\"wp-caption-text\">El presidente municipal de Toluca, Juan Rodolfo S\u00e1nchez,\u00a0 impulsa el fortalecimiento de la actividad industrial en la capital.<\/p><\/div>\n<p>&nbsp;<\/p>\n<p><strong>Toluca, Estado de M\u00e9xico<\/strong>.- Despu\u00e9s de 10 a\u00f1os de abandono, el alcalde de Toluca, Juan Rodolfo S\u00e1nchez G\u00f3mez, impulsa el fortalecimiento de la actividad industrial en la capital, por lo que realiz\u00f3 un recorrido por el Parque Industrial El Cerrillo, dialog\u00f3 con l\u00edderes empresariales y dio a conocer obras y proyectos para reactivar la zona.<\/p>\n<p>\u201cNos interesa fortalecer la actividad industrial de Toluca, queremos que sea una ciudad m\u00e1s pr\u00f3spera de lo que ya es, por lo que despu\u00e9s de una d\u00e9cada estamos trayendo nuevamente inversi\u00f3n e infraestructura a esta zona, para respaldar la acci\u00f3n de empresas y trabajadores\u201d, dijo S\u00e1nchez G\u00f3mez.<\/p>\n<p>Durante el recorrido, constat\u00f3 las necesidades de la zona como la rehabilitaci\u00f3n de calles, guarniciones y banquetas, marco en que explic\u00f3 que se restablecer\u00e1 la infraestructura, como en la principal vialidad del Parque Industrial El Cerrillo, que se transformar\u00e1 con concreto hidr\u00e1ulico, para una mayor durabilidad, desde Paseo Tollocan hasta Industria Automotriz.<\/p>\n<p>La inversi\u00f3n inicial ser\u00e1 municipal y el resultado final ser\u00e1 una obra compartida con los empresarios y el gobierno estatal, mediante la Secretar\u00eda de Comunicaciones. Asimismo, se mejorar\u00e1 el alumbrado en la zona, se realizar\u00e1 el se\u00f1alamiento horizontal y otras medidas para seguridad de cientos de empresas y miles de trabajadores, como evitar que los tr\u00e1ileres se estacionen en las calles y pongan en riesgo a la poblaci\u00f3n.<\/p>\n<p>El presidente municipal hizo un llamado para que los toluque\u00f1os no vuelvan a permitir que un gobierno en Toluca deje de invertir en la zona industrial.<\/p>\n<p>Por su parte, la presidenta del Consejo Coordinador Empresarial Estado de M\u00e9xico, Laura Gonz\u00e1lez Hern\u00e1ndez, reconoci\u00f3 este paso que dio el alcalde, ya que \u201csiempre ha estado muy atento a los temas empresariales y de infraestructura; qu\u00e9 bueno que sea el primero, la capital siempre da muy buenas noticias y pasos adelante, que sea esto lo que detone que otros municipios le pongan la misma importancia al tema, porque se trata de empleos\u201d.<\/p>\n<p>Por otro lado, reconoci\u00f3 que existe una voluntad clara de combatir la corrupci\u00f3n, porque \u201cha afectado el avance empresarial y el hecho de que un alcalde tome la decisi\u00f3n de instrumentar acciones contundentes, es plausible\u201d.<\/p>\n","protected":false},"excerpt":{"rendered":"<p>Despu\u00e9s de 10 a\u00f1os de abandono, el alcalde de Toluca, Juan Rodolfo S\u00e1nchez G\u00f3mez, impulsa el fortalecimiento de la actividad industrial en la capital, por lo que realiz\u00f3 un recorrido por el Parque Industrial El Cerrillo, dialog\u00f3 con l\u00edderes empresariales y dio a conocer obras y proyectos para reactivar la zona.<\/p>\n","protected":false},"author":3,"featured_media":437817,"comment_status":"open","ping_status":"open","sticky":false,"template":"","format":"standard","meta":{"_monsterinsights_skip_tracking":false,"_monsterinsights_sitenote_active":false,"_monsterinsights_sitenote_note":"","_monsterinsights_sitenote_category":0,"footnotes":""},"categories":[5],"tags":[69406,43675,87118,452],"class_list":["post-437753","post","type-post","status-publish","format-standard","has-post-thumbnail","hentry","category-estado-de-mexico","tag-actividad","tag-estado-de-mexico","tag-industrial","tag-toluca"],"_links":{"self":[{"href":"https:\/\/www.diarioimagen.net\/index.php?rest_route=\/wp\/v2\/posts\/437753","targetHints":{"allow":["GET"]}}],"collection":[{"href":"https:\/\/www.diarioimagen.net\/index.php?rest_route=\/wp\/v2\/posts"}],"about":[{"href":"https:\/\/www.diarioimagen.net\/index.php?rest_route=\/wp\/v2\/types\/post"}],"author":[{"embeddable":true,"href":"https:\/\/www.diarioimagen.net\/index.php?rest_route=\/wp\/v2\/users\/3"}],"replies":[{"embeddable":true,"href":"https:\/\/www.diarioimagen.net\/index.php?rest_route=%2Fwp%2Fv2%2Fcomments&post=437753"}],"version-history":[{"count":0,"href":"https:\/\/www.diarioimagen.net\/index.php?rest_route=\/wp\/v2\/posts\/437753\/revisions"}],"wp:featuredmedia":[{"embeddable":true,"href":"https:\/\/www.diarioimagen.net\/index.php?rest_route=\/wp\/v2\/media\/437817"}],"wp:attachment":[{"href":"https:\/\/www.diarioimagen.net\/index.php?rest_route=%2Fwp%2Fv2%2Fmedia&parent=437753"}],"wp:term":[{"taxonomy":"category","embeddable":true,"href":"https:\/\/www.diarioimagen.net\/index.php?rest_route=%2Fwp%2Fv2%2Fcategories&post=437753"},{"taxonomy":"post_tag","embeddable":true,"href":"https:\/\/www.diarioimagen.net\/index.php?rest_route=%2Fwp%2Fv2%2Ftags&post=437753"}],"curies":[{"name":"wp","href":"https:\/\/api.w.org\/{rel}","templated":true}]}}