{"id":437755,"date":"2019-08-06T00:06:29","date_gmt":"2019-08-06T05:06:29","guid":{"rendered":"https:\/\/www.diarioimagen.net\/?p=437755"},"modified":"2019-08-06T05:21:29","modified_gmt":"2019-08-06T10:21:29","slug":"gobierno-de-huixquilucan-realiza-campana-de-salud-visual","status":"publish","type":"post","link":"https:\/\/www.diarioimagen.net\/?p=437755","title":{"rendered":"Gobierno de Huixquilucan realiza campa\u00f1a de salud visual"},"content":{"rendered":"<ul>\n<li><strong><em>Para este regreso a clases<\/em><\/strong><\/li>\n<\/ul>\n<p>&nbsp;<\/p>\n<div id=\"attachment_437820\" style=\"width: 470px\" class=\"wp-caption aligncenter\"><a href=\"https:\/\/www.diarioimagen.net\/?attachment_id=437820\" rel=\"attachment wp-att-437820\"><img loading=\"lazy\" decoding=\"async\" aria-describedby=\"caption-attachment-437820\" class=\"size-large wp-image-437820\" src=\"https:\/\/www.diarioimagen.net\/wp-content\/uploads\/2019\/08\/HUIXQUILUCAN-6-460x259.jpg\" alt=\"\" width=\"460\" height=\"259\" srcset=\"https:\/\/www.diarioimagen.net\/wp-content\/uploads\/2019\/08\/HUIXQUILUCAN-6-460x259.jpg 460w, https:\/\/www.diarioimagen.net\/wp-content\/uploads\/2019\/08\/HUIXQUILUCAN-6-240x135.jpg 240w, https:\/\/www.diarioimagen.net\/wp-content\/uploads\/2019\/08\/HUIXQUILUCAN-6-235x132.jpg 235w, https:\/\/www.diarioimagen.net\/wp-content\/uploads\/2019\/08\/HUIXQUILUCAN-6-202x114.jpg 202w, https:\/\/www.diarioimagen.net\/wp-content\/uploads\/2019\/08\/HUIXQUILUCAN-6-350x196.jpg 350w, https:\/\/www.diarioimagen.net\/wp-content\/uploads\/2019\/08\/HUIXQUILUCAN-6-220x123.jpg 220w, https:\/\/www.diarioimagen.net\/wp-content\/uploads\/2019\/08\/HUIXQUILUCAN-6-237x132.jpg 237w, https:\/\/www.diarioimagen.net\/wp-content\/uploads\/2019\/08\/HUIXQUILUCAN-6.jpg 480w\" sizes=\"auto, (max-width: 460px) 100vw, 460px\" \/><\/a><p id=\"caption-attachment-437820\" class=\"wp-caption-text\">Los ex\u00e1menes, adem\u00e1s sirven para detectar casos de cataratas, glaucoma, estrabismo, conjuntivitis, alteraciones en retina y musculatura extr\u00ednseca del ojo.<\/p><\/div>\n<p>&nbsp;<\/p>\n<p><strong>Huixquilucan, Estado de M\u00e9xico<\/strong>.- Previo al regreso a clases, el gobierno de Huixquilucan que encabeza, Enrique Vargas del Villar, a trav\u00e9s de la sexta regidur\u00eda, lleva a cabo la campa\u00f1a de salud visual para el a\u00f1o 2019, en la explanada municipal, en donde se ofrecen ex\u00e1menes de la vista, que puedan detectar algunos otros padecimientos.<\/p>\n<p>Mar\u00eda Eugenia Torres P\u00e9rez Tejada, sexta regidora y presidenta de la Comisi\u00f3n Edilicia de Salud P\u00fablica, precis\u00f3 que el personal m\u00e9dico podr\u00e1 detectar casos de cataratas, glaucoma, estrabismo, conjuntivitis, alteraciones en retina y musculatura extr\u00ednseca del ojo. Agreg\u00f3, que los ex\u00e1menes de la vista son gratuitos y en caso de requerir lentes, podr\u00e1n adquirirlos a precios accesibles, que van desde los 250 pesos, mismos que cuentan con garant\u00eda de calidad.<\/p>\n<p>La presidenta de la Comisi\u00f3n Edilicia de Salud P\u00fablica, record\u00f3 a la poblaci\u00f3n que las consultas m\u00e9dicas con los especialistas son gratuitas, sin embargo, los estudios, medicamentos o lentes que se prescriban, correr\u00e1n a cargo del paciente.<\/p>\n<p>En el marco del regreso a clases, P\u00e9rez Tejada, exhort\u00f3 los padres de familia a que lleven a sus hijos a esta jornada, ya que una salud visual adecuada, especialmente en los ni\u00f1os, mejora su rendimiento escolar.<\/p>\n","protected":false},"excerpt":{"rendered":"<p>Previo al regreso a clases, el gobierno de Huixquilucan que encabeza, Enrique Vargas del Villar, a trav\u00e9s de la sexta regidur\u00eda, lleva a cabo la campa\u00f1a de salud visual para el a\u00f1o 2019, en la explanada municipal, en donde se ofrecen ex\u00e1menes de la vista, que puedan detectar algunos otros padecimientos.<\/p>\n","protected":false},"author":3,"featured_media":437820,"comment_status":"open","ping_status":"open","sticky":false,"template":"","format":"standard","meta":{"_monsterinsights_skip_tracking":false,"_monsterinsights_sitenote_active":false,"_monsterinsights_sitenote_note":"","_monsterinsights_sitenote_category":0,"footnotes":""},"categories":[5],"tags":[43675,1097],"class_list":["post-437755","post","type-post","status-publish","format-standard","has-post-thumbnail","hentry","category-estado-de-mexico","tag-estado-de-mexico","tag-huixquilucan"],"_links":{"self":[{"href":"https:\/\/www.diarioimagen.net\/index.php?rest_route=\/wp\/v2\/posts\/437755","targetHints":{"allow":["GET"]}}],"collection":[{"href":"https:\/\/www.diarioimagen.net\/index.php?rest_route=\/wp\/v2\/posts"}],"about":[{"href":"https:\/\/www.diarioimagen.net\/index.php?rest_route=\/wp\/v2\/types\/post"}],"author":[{"embeddable":true,"href":"https:\/\/www.diarioimagen.net\/index.php?rest_route=\/wp\/v2\/users\/3"}],"replies":[{"embeddable":true,"href":"https:\/\/www.diarioimagen.net\/index.php?rest_route=%2Fwp%2Fv2%2Fcomments&post=437755"}],"version-history":[{"count":0,"href":"https:\/\/www.diarioimagen.net\/index.php?rest_route=\/wp\/v2\/posts\/437755\/revisions"}],"wp:featuredmedia":[{"embeddable":true,"href":"https:\/\/www.diarioimagen.net\/index.php?rest_route=\/wp\/v2\/media\/437820"}],"wp:attachment":[{"href":"https:\/\/www.diarioimagen.net\/index.php?rest_route=%2Fwp%2Fv2%2Fmedia&parent=437755"}],"wp:term":[{"taxonomy":"category","embeddable":true,"href":"https:\/\/www.diarioimagen.net\/index.php?rest_route=%2Fwp%2Fv2%2Fcategories&post=437755"},{"taxonomy":"post_tag","embeddable":true,"href":"https:\/\/www.diarioimagen.net\/index.php?rest_route=%2Fwp%2Fv2%2Ftags&post=437755"}],"curies":[{"name":"wp","href":"https:\/\/api.w.org\/{rel}","templated":true}]}}