{"id":437757,"date":"2019-08-06T00:05:31","date_gmt":"2019-08-06T05:05:31","guid":{"rendered":"https:\/\/www.diarioimagen.net\/?p=437757"},"modified":"2019-08-06T05:22:17","modified_gmt":"2019-08-06T10:22:17","slug":"celebra-orquesta-sinfonica-infantil-su-tercer-aniversario","status":"publish","type":"post","link":"https:\/\/www.diarioimagen.net\/?p=437757","title":{"rendered":"Celebra Orquesta Sinf\u00f3nica Infantil su tercer aniversario"},"content":{"rendered":"<p><a href=\"https:\/\/www.diarioimagen.net\/?attachment_id=437823\" rel=\"attachment wp-att-437823\"><img loading=\"lazy\" decoding=\"async\" class=\"aligncenter size-large wp-image-437823\" src=\"https:\/\/www.diarioimagen.net\/wp-content\/uploads\/2019\/08\/TLALNEPANTLA-6-460x187.jpg\" alt=\"\" width=\"460\" height=\"187\" srcset=\"https:\/\/www.diarioimagen.net\/wp-content\/uploads\/2019\/08\/TLALNEPANTLA-6-460x187.jpg 460w, https:\/\/www.diarioimagen.net\/wp-content\/uploads\/2019\/08\/TLALNEPANTLA-6-240x98.jpg 240w, https:\/\/www.diarioimagen.net\/wp-content\/uploads\/2019\/08\/TLALNEPANTLA-6-768x313.jpg 768w, https:\/\/www.diarioimagen.net\/wp-content\/uploads\/2019\/08\/TLALNEPANTLA-6.jpg 1200w\" sizes=\"auto, (max-width: 460px) 100vw, 460px\" \/><\/a><\/p>\n<p>&nbsp;<\/p>\n<p><strong>Tlalnepantla, Estado de M\u00e9xico.-<\/strong> Con un magno concierto, la Orquesta Sinf\u00f3nica Infantil Municipal de Tlalnepantla (OSIMTLA), celebr\u00f3 su tercer aniversario ante cientos de personas que se dieron cita en el Teatro Algarab\u00eda, para deleitarse con interpretaciones de piezas como <em>Piratas del Caribe, Jesusita en Chihuahua, La Bamba, Oye como va, Batman<\/em> y \u00e9xitos de <em>Cri-Cri<\/em>, que provocaron ovaciones de pie.<\/p>\n<p>El presidente municipal, Raciel P\u00e9rez Cruz, felicit\u00f3 a los ni\u00f1os y ni\u00f1as de la orquesta por este tercer aniversario; reconoci\u00f3 la labor realizada por su director Patricio M\u00e9ndez Garrido y su grupo de maestros, as\u00ed como el respaldo de madres y padres de familia que apoyan incondicionalmente a la agrupaci\u00f3n musical.<\/p>\n<p>Se\u00f1al\u00f3 que seguir\u00e1 impulsando estas actividades para que el arte pueda verse en la calle, en las comunidades y espacios abiertos, \u201ces un esquema de cultura itinerante que nunca se hab\u00eda hecho\u201d, que aleja a nuestra ni\u00f1ez y juventud de conductas antisociales.<\/p>\n","protected":false},"excerpt":{"rendered":"<p>Con un magno concierto, la Orquesta Sinf\u00f3nica Infantil Municipal de Tlalnepantla (OSIMTLA), celebr\u00f3 su tercer aniversario ante cientos de personas que se dieron cita en el Teatro Algarab\u00eda, para deleitarse con interpretaciones de piezas como <em>Piratas del Caribe, Jesusita en Chihuahua, La Bamba, Oye como va, Batman<\/em> y \u00e9xitos de <em>Cri-Cri<\/em>, que provocaron ovaciones de pie.<\/p>\n","protected":false},"author":3,"featured_media":437823,"comment_status":"open","ping_status":"open","sticky":false,"template":"","format":"standard","meta":{"_monsterinsights_skip_tracking":false,"_monsterinsights_sitenote_active":false,"_monsterinsights_sitenote_note":"","_monsterinsights_sitenote_category":0,"footnotes":""},"categories":[5],"tags":[43675,87120,87119,169],"class_list":["post-437757","post","type-post","status-publish","format-standard","has-post-thumbnail","hentry","category-estado-de-mexico","tag-estado-de-mexico","tag-orquesta-sinfonica-infantil","tag-tercer-aniversario","tag-tlalnepantla"],"_links":{"self":[{"href":"https:\/\/www.diarioimagen.net\/index.php?rest_route=\/wp\/v2\/posts\/437757","targetHints":{"allow":["GET"]}}],"collection":[{"href":"https:\/\/www.diarioimagen.net\/index.php?rest_route=\/wp\/v2\/posts"}],"about":[{"href":"https:\/\/www.diarioimagen.net\/index.php?rest_route=\/wp\/v2\/types\/post"}],"author":[{"embeddable":true,"href":"https:\/\/www.diarioimagen.net\/index.php?rest_route=\/wp\/v2\/users\/3"}],"replies":[{"embeddable":true,"href":"https:\/\/www.diarioimagen.net\/index.php?rest_route=%2Fwp%2Fv2%2Fcomments&post=437757"}],"version-history":[{"count":0,"href":"https:\/\/www.diarioimagen.net\/index.php?rest_route=\/wp\/v2\/posts\/437757\/revisions"}],"wp:featuredmedia":[{"embeddable":true,"href":"https:\/\/www.diarioimagen.net\/index.php?rest_route=\/wp\/v2\/media\/437823"}],"wp:attachment":[{"href":"https:\/\/www.diarioimagen.net\/index.php?rest_route=%2Fwp%2Fv2%2Fmedia&parent=437757"}],"wp:term":[{"taxonomy":"category","embeddable":true,"href":"https:\/\/www.diarioimagen.net\/index.php?rest_route=%2Fwp%2Fv2%2Fcategories&post=437757"},{"taxonomy":"post_tag","embeddable":true,"href":"https:\/\/www.diarioimagen.net\/index.php?rest_route=%2Fwp%2Fv2%2Ftags&post=437757"}],"curies":[{"name":"wp","href":"https:\/\/api.w.org\/{rel}","templated":true}]}}