{"id":437850,"date":"2019-08-07T00:09:00","date_gmt":"2019-08-07T05:09:00","guid":{"rendered":"https:\/\/www.diarioimagen.net\/?p=437850"},"modified":"2019-08-07T00:16:17","modified_gmt":"2019-08-07T05:16:17","slug":"atienden-inundaciones-en-atizapan-y-cuautitlan-izcalli","status":"publish","type":"post","link":"https:\/\/www.diarioimagen.net\/?p=437850","title":{"rendered":"Aplican DN-III-E por desbordamiento de presa en C. Izcalli"},"content":{"rendered":"<ul>\n<li><em><strong>Por la lluvia y granizada de la noche del\u00a0lunes<\/strong><\/em><\/li>\n<\/ul>\n<p>&nbsp;<\/p>\n<p>&nbsp;<\/p>\n<div id=\"attachment_437851\" style=\"width: 470px\" class=\"wp-caption aligncenter\"><a href=\"https:\/\/www.diarioimagen.net\/?attachment_id=437851\" rel=\"attachment wp-att-437851\"><img loading=\"lazy\" decoding=\"async\" aria-describedby=\"caption-attachment-437851\" class=\"size-large wp-image-437851\" src=\"https:\/\/www.diarioimagen.net\/wp-content\/uploads\/2019\/08\/INUNDACIONES7-portal-460x268.jpg\" alt=\"\" width=\"460\" height=\"268\" srcset=\"https:\/\/www.diarioimagen.net\/wp-content\/uploads\/2019\/08\/INUNDACIONES7-portal-460x268.jpg 460w, https:\/\/www.diarioimagen.net\/wp-content\/uploads\/2019\/08\/INUNDACIONES7-portal-240x140.jpg 240w, https:\/\/www.diarioimagen.net\/wp-content\/uploads\/2019\/08\/INUNDACIONES7-portal.jpg 480w\" sizes=\"auto, (max-width: 460px) 100vw, 460px\" \/><\/a><p id=\"caption-attachment-437851\" class=\"wp-caption-text\">Elementos del Grupo Tl\u00e1loc se encuentran en la presa El \u00c1ngulo, donde atienden un escurrimiento en la colonia Plan de Guadalupe 2, de Cuautitl\u00e1n Izcalli.<\/p><\/div>\n<p>&nbsp;<\/p>\n<p>&nbsp;<\/p>\n<p>La lluvia con granizo del lunes provoc\u00f3 inundaciones en viviendas y veh\u00edculos atrapados en vialidades de Atizap\u00e1n de Zaragoza y Cuautitl\u00e1n Izcalli, adem\u00e1s de escurrimientos en la presa \u00c9l \u00c1ngulo.<\/p>\n<p>Ayer, la Comisi\u00f3n del Agua del Estado de M\u00e9xico (CAEM) inform\u00f3 que personal del Grupo Tl\u00e1loc se encuentra en la presa, donde atiende el escurrimiento que se registra por el lado de la calle Quetzal, en la colonia Plan de Guadalupe 2, de Cuautitl\u00e1n Izcalli.<\/p>\n<p>Se\u00f1al\u00f3 que se tienen detectadas 45 viviendas con afectaciones. En tanto, grupos de trabajadores de Protecci\u00f3n Civil y Bomberos, auxiliados con maquinaria pesada, laboran en distintos puntos del municipio para atender los estragos dejados por el agua y el lodo en diversas colonias y vialidades.<\/p>\n<p>La Secretar\u00eda de la Defensa Nacional (Sedena) aplica la Fase de Auxilio del PLAN-DN-III-E en Cuautitl\u00e1n Izcalli, donde sus elementos llevan a cabo labores de atenci\u00f3n a los afectados por las lluvias registradas en los \u00faltimos d\u00edas.<\/p>\n<p>Las tropas del 59 Batall\u00f3n de Infanter\u00eda se trasladaron a esa localidad mexiquense para apoyar a la poblaci\u00f3n afectada por el desbordamiento de la mencionada presa como parte de la Fase de Auxilio del PLAN-DN-III-E.<\/p>\n","protected":false},"excerpt":{"rendered":"<p>La lluvia con granizo del lunes provoc\u00f3 inundaciones en viviendas y veh\u00edculos atrapados en vialidades de Atizap\u00e1n de Zaragoza y Cuautitl\u00e1n Izcalli, adem\u00e1s de escurrimientos en la presa \u00c9l \u00c1ngulo.<\/p>\n","protected":false},"author":1,"featured_media":437851,"comment_status":"open","ping_status":"open","sticky":false,"template":"","format":"standard","meta":{"_monsterinsights_skip_tracking":false,"_monsterinsights_sitenote_active":false,"_monsterinsights_sitenote_note":"","_monsterinsights_sitenote_category":0,"footnotes":""},"categories":[5],"tags":[969,8283,971,43675],"class_list":["post-437850","post","type-post","status-publish","format-standard","has-post-thumbnail","hentry","category-estado-de-mexico","tag-atizapan","tag-comision-del-agua-del-estado-de-mexico","tag-cuautitlan-izcalli","tag-estado-de-mexico"],"_links":{"self":[{"href":"https:\/\/www.diarioimagen.net\/index.php?rest_route=\/wp\/v2\/posts\/437850","targetHints":{"allow":["GET"]}}],"collection":[{"href":"https:\/\/www.diarioimagen.net\/index.php?rest_route=\/wp\/v2\/posts"}],"about":[{"href":"https:\/\/www.diarioimagen.net\/index.php?rest_route=\/wp\/v2\/types\/post"}],"author":[{"embeddable":true,"href":"https:\/\/www.diarioimagen.net\/index.php?rest_route=\/wp\/v2\/users\/1"}],"replies":[{"embeddable":true,"href":"https:\/\/www.diarioimagen.net\/index.php?rest_route=%2Fwp%2Fv2%2Fcomments&post=437850"}],"version-history":[{"count":0,"href":"https:\/\/www.diarioimagen.net\/index.php?rest_route=\/wp\/v2\/posts\/437850\/revisions"}],"wp:featuredmedia":[{"embeddable":true,"href":"https:\/\/www.diarioimagen.net\/index.php?rest_route=\/wp\/v2\/media\/437851"}],"wp:attachment":[{"href":"https:\/\/www.diarioimagen.net\/index.php?rest_route=%2Fwp%2Fv2%2Fmedia&parent=437850"}],"wp:term":[{"taxonomy":"category","embeddable":true,"href":"https:\/\/www.diarioimagen.net\/index.php?rest_route=%2Fwp%2Fv2%2Fcategories&post=437850"},{"taxonomy":"post_tag","embeddable":true,"href":"https:\/\/www.diarioimagen.net\/index.php?rest_route=%2Fwp%2Fv2%2Ftags&post=437850"}],"curies":[{"name":"wp","href":"https:\/\/api.w.org\/{rel}","templated":true}]}}