{"id":437923,"date":"2019-08-07T00:08:35","date_gmt":"2019-08-07T05:08:35","guid":{"rendered":"https:\/\/www.diarioimagen.net\/?p=437923"},"modified":"2019-08-07T06:01:42","modified_gmt":"2019-08-07T11:01:42","slug":"inauguran-cursos-del-ciclo-escolar-2019-2020-de-uaem","status":"publish","type":"post","link":"https:\/\/www.diarioimagen.net\/?p=437923","title":{"rendered":"Inauguran cursos del ciclo escolar 2019-2020 de UAEM"},"content":{"rendered":"<ul>\n<li><em><strong>Se ampl\u00eda la matr\u00edcula de maestros: Alfredo Barrera<\/strong><\/em><\/li>\n<li><em><strong>Entregan edificios a la Unidad Acad\u00e9mica Profesional de Acolman<\/strong><\/em><\/li>\n<\/ul>\n<p>&nbsp;<\/p>\n<div id=\"attachment_438007\" style=\"width: 470px\" class=\"wp-caption aligncenter\"><a href=\"https:\/\/www.diarioimagen.net\/?attachment_id=438007\" rel=\"attachment wp-att-438007\"><img loading=\"lazy\" decoding=\"async\" aria-describedby=\"caption-attachment-438007\" class=\"size-large wp-image-438007\" src=\"https:\/\/www.diarioimagen.net\/wp-content\/uploads\/2019\/08\/UAEM7-460x259.jpg\" alt=\"\" width=\"460\" height=\"259\" srcset=\"https:\/\/www.diarioimagen.net\/wp-content\/uploads\/2019\/08\/UAEM7-460x259.jpg 460w, https:\/\/www.diarioimagen.net\/wp-content\/uploads\/2019\/08\/UAEM7-240x135.jpg 240w, https:\/\/www.diarioimagen.net\/wp-content\/uploads\/2019\/08\/UAEM7-235x132.jpg 235w, https:\/\/www.diarioimagen.net\/wp-content\/uploads\/2019\/08\/UAEM7-202x114.jpg 202w, https:\/\/www.diarioimagen.net\/wp-content\/uploads\/2019\/08\/UAEM7-350x196.jpg 350w, https:\/\/www.diarioimagen.net\/wp-content\/uploads\/2019\/08\/UAEM7-220x123.jpg 220w, https:\/\/www.diarioimagen.net\/wp-content\/uploads\/2019\/08\/UAEM7-237x132.jpg 237w, https:\/\/www.diarioimagen.net\/wp-content\/uploads\/2019\/08\/UAEM7.jpg 480w\" sizes=\"auto, (max-width: 460px) 100vw, 460px\" \/><\/a><p id=\"caption-attachment-438007\" class=\"wp-caption-text\">El gobernador Alfredo Del Mazo dio la bienvenida a los m\u00e1s de 87 mil j\u00f3venes que se integran a los programas de la UAEM. Estuvo acompa\u00f1ado por el rector Alfredo Barrera.<\/p><\/div>\n<p>&nbsp;<\/p>\n<p><strong>Acolman, Estado de M\u00e9xico<\/strong>.- Al inaugurar el ciclo escolar 2019-2020 de la Universidad Aut\u00f3noma del Estado de M\u00e9xico (UAEM), el gobernador Alfredo Del Mazo Maza dio la bienvenida a los m\u00e1s de 87 mil j\u00f3venes que se integran a los programas de esta casa de estudios, y destac\u00f3 que del total de alumnos un 57 por ciento son mujeres, por lo que reconoci\u00f3 el compromiso que tienen las estudiantes con su formaci\u00f3n profesional.<\/p>\n<p>\u201cTenemos la oportunidad de darle la bienvenida a todos los estudiantes que inician, ya sea incorpor\u00e1ndose por primera vez a la universidad, que inician en las preparatorias de la universidad o que regresan a continuar un ciclo escolar adicional, y desearles mucho \u00e9xito.<\/p>\n<p>\u201cSon 87 mil 417 j\u00f3venes, de los cuales, me da much\u00edsimo gusto decir que la mayor\u00eda son mujeres; el 57 por ciento son mujeres y esto habla de ese gran compromiso que las mujeres tienen y demuestran todos los d\u00edas y que hoy son mayor\u00eda en esta m\u00e1xima casa de estudios\u201d.<\/p>\n<p>El gobernador tambi\u00e9n felicit\u00f3 a los casi 21 mil estudiantes que cursan estudios de preparatoria en escuelas de la UAEM, de los cuales, 12 mil 800\u00a0 regresan a continuar con sus estudios, y m\u00e1s de 8 mil inician esta etapa.<\/p>\n<p>De igual forma, a los m\u00e1s de 63 mil j\u00f3venes universitarios, entre ellos, 17 mil 500 que comienzan sus estudios superiores, e indic\u00f3 que con esta cifra el Edomex se ubica como la entidad del pa\u00eds con la matr\u00edcula m\u00e1s numerosa de estudiantes inscritos en universidad.<\/p>\n<p>En la Unidad Acad\u00e9mica de Acolman, donde se reunieron integrantes del Consejo de la UAEM, directores, alumnos, profesores y funcionarios estatales y municipales, el gobernador mexiquense tambi\u00e9n entreg\u00f3 los edificios C, D y E de este plantel, que requirieron una inversi\u00f3n compartida de 72 millones de pesos, y albergan laboratorios de manufactura, microbiolog\u00eda, termodin\u00e1mica, antropometr\u00eda, bromatolog\u00eda, metrolog\u00eda, as\u00ed como un laboratorio de reactores, adem\u00e1s de aulas, oficinas administrativas y un auditorio.<\/p>\n<p style=\"text-align: center;\"><strong>Se ampl\u00eda matr\u00edcula de maestros: Barrera<\/strong><\/p>\n<p>Por su parte, el rector Alfredo Barrera, se\u00f1al\u00f3 que este a\u00f1o se ampl\u00eda la matr\u00edcula de maestros con 2 mil 781 plazas, y dijo que con este incremento se confirma el compromiso con la eficiencia acad\u00e9mica y la inclusi\u00f3n social.<\/p>\n<p>Precis\u00f3 que los nuevos edificios que formar\u00e1n parte de este campus abarcan una superficie de 4 mil 46 metros cuadrados y mil 238 metros cuadrados de obra exterior, con una inversi\u00f3n del gobierno del estado, la federaci\u00f3n y de la UAEM.<\/p>\n<p>Tambi\u00e9n dijo que se escogieron las carreras en este plantel en atenci\u00f3n a la demanda de profesionales que se percibe en el mercado laboral de la regi\u00f3n, con lo que se avanza a una mayor eficiencia acad\u00e9mica y administrativa.<\/p>\n<p>Previamente, Del Mazo Maza, acompa\u00f1ado por autoridades universitarias, recorri\u00f3 los nuevos edificios de este campus, los cuales fueron construidos y equipados para mejorar la formaci\u00f3n de los alumnos de las ingenier\u00edas en Producci\u00f3n Industrial, en Qu\u00edmica y de las licenciaturas en Mercadotecnia y en Nutrici\u00f3n.<\/p>\n","protected":false},"excerpt":{"rendered":"<p>Al inaugurar el ciclo escolar 2019-2020 de la Universidad Aut\u00f3noma del Estado de M\u00e9xico (UAEM), el gobernador Alfredo Del Mazo Maza dio la bienvenida a los m\u00e1s de 87 mil j\u00f3venes que se integran a los programas de esta casa de estudios, y destac\u00f3 que del total de alumnos un 57 por ciento son mujeres, por lo que reconoci\u00f3 el compromiso que tienen las estudiantes con su formaci\u00f3n profesional.<\/p>\n","protected":false},"author":3,"featured_media":438007,"comment_status":"open","ping_status":"open","sticky":false,"template":"","format":"standard","meta":{"_monsterinsights_skip_tracking":false,"_monsterinsights_sitenote_active":false,"_monsterinsights_sitenote_note":"","_monsterinsights_sitenote_category":0,"footnotes":""},"categories":[5],"tags":[47277,18068,43675,1491],"class_list":["post-437923","post","type-post","status-publish","format-standard","has-post-thumbnail","hentry","category-estado-de-mexico","tag-acolman","tag-ciclo-escolar","tag-estado-de-mexico","tag-uaem"],"_links":{"self":[{"href":"https:\/\/www.diarioimagen.net\/index.php?rest_route=\/wp\/v2\/posts\/437923","targetHints":{"allow":["GET"]}}],"collection":[{"href":"https:\/\/www.diarioimagen.net\/index.php?rest_route=\/wp\/v2\/posts"}],"about":[{"href":"https:\/\/www.diarioimagen.net\/index.php?rest_route=\/wp\/v2\/types\/post"}],"author":[{"embeddable":true,"href":"https:\/\/www.diarioimagen.net\/index.php?rest_route=\/wp\/v2\/users\/3"}],"replies":[{"embeddable":true,"href":"https:\/\/www.diarioimagen.net\/index.php?rest_route=%2Fwp%2Fv2%2Fcomments&post=437923"}],"version-history":[{"count":0,"href":"https:\/\/www.diarioimagen.net\/index.php?rest_route=\/wp\/v2\/posts\/437923\/revisions"}],"wp:featuredmedia":[{"embeddable":true,"href":"https:\/\/www.diarioimagen.net\/index.php?rest_route=\/wp\/v2\/media\/438007"}],"wp:attachment":[{"href":"https:\/\/www.diarioimagen.net\/index.php?rest_route=%2Fwp%2Fv2%2Fmedia&parent=437923"}],"wp:term":[{"taxonomy":"category","embeddable":true,"href":"https:\/\/www.diarioimagen.net\/index.php?rest_route=%2Fwp%2Fv2%2Fcategories&post=437923"},{"taxonomy":"post_tag","embeddable":true,"href":"https:\/\/www.diarioimagen.net\/index.php?rest_route=%2Fwp%2Fv2%2Ftags&post=437923"}],"curies":[{"name":"wp","href":"https:\/\/api.w.org\/{rel}","templated":true}]}}