{"id":437925,"date":"2019-08-07T00:07:10","date_gmt":"2019-08-07T05:07:10","guid":{"rendered":"https:\/\/www.diarioimagen.net\/?p=437925"},"modified":"2019-08-07T06:03:08","modified_gmt":"2019-08-07T11:03:08","slug":"imparten-en-tultitlan-conferencia-sobre-el-delito-de-trata-de-personas","status":"publish","type":"post","link":"https:\/\/www.diarioimagen.net\/?p=437925","title":{"rendered":"Imparten en Tultitl\u00e1n conferencia sobre el delito de trata de personas"},"content":{"rendered":"<ul>\n<li><strong><em>Para prevenirla y combatirla<\/em><\/strong><\/li>\n<\/ul>\n<p>&nbsp;<\/p>\n<div id=\"attachment_438009\" style=\"width: 470px\" class=\"wp-caption aligncenter\"><a href=\"https:\/\/www.diarioimagen.net\/?attachment_id=438009\" rel=\"attachment wp-att-438009\"><img loading=\"lazy\" decoding=\"async\" aria-describedby=\"caption-attachment-438009\" class=\"size-large wp-image-438009\" src=\"https:\/\/www.diarioimagen.net\/wp-content\/uploads\/2019\/08\/TULTITLAN-7-460x259.jpg\" alt=\"\" width=\"460\" height=\"259\" srcset=\"https:\/\/www.diarioimagen.net\/wp-content\/uploads\/2019\/08\/TULTITLAN-7-460x259.jpg 460w, https:\/\/www.diarioimagen.net\/wp-content\/uploads\/2019\/08\/TULTITLAN-7-240x135.jpg 240w, https:\/\/www.diarioimagen.net\/wp-content\/uploads\/2019\/08\/TULTITLAN-7-235x132.jpg 235w, https:\/\/www.diarioimagen.net\/wp-content\/uploads\/2019\/08\/TULTITLAN-7-202x114.jpg 202w, https:\/\/www.diarioimagen.net\/wp-content\/uploads\/2019\/08\/TULTITLAN-7-350x196.jpg 350w, https:\/\/www.diarioimagen.net\/wp-content\/uploads\/2019\/08\/TULTITLAN-7-220x123.jpg 220w, https:\/\/www.diarioimagen.net\/wp-content\/uploads\/2019\/08\/TULTITLAN-7-237x132.jpg 237w, https:\/\/www.diarioimagen.net\/wp-content\/uploads\/2019\/08\/TULTITLAN-7.jpg 480w\" sizes=\"auto, (max-width: 460px) 100vw, 460px\" \/><\/a><p id=\"caption-attachment-438009\" class=\"wp-caption-text\">Personal adscrito a la \u00a0administraci\u00f3n, elementos policiacos y ciudadan\u00eda en general, fueron part\u00edcipes del encuentro.<\/p><\/div>\n<p>&nbsp;<\/p>\n<p><strong>Tultitl\u00e1n, Estado de M\u00e9xico<\/strong>.- Con la finalidad de conocer qu\u00e9 es la trata de personas, cu\u00e1les son las modalidades en que la mayor\u00eda de j\u00f3venes son \u201cenganchados\u201d para ser v\u00edctimas de este grave delito, el gobierno, encabezado por la licenciada Elena Garc\u00eda Mart\u00ednez, en amplia colaboraci\u00f3n con la Coordinaci\u00f3n General de Formaci\u00f3n y Pol\u00edticas P\u00fablicas de la Fiscal\u00eda Especial para los Delitos de Violencia contra la Mujer y Trata de Personas (FEVIMTRA), llevaron a cabo la conferencia Trata de personas a personal adscrito a la actual administraci\u00f3n, elementos policiacos y ciudadan\u00eda en general.<\/p>\n<p>Dicha conferencia se realiz\u00f3 en el auditorio del DIF Municipal donde aproximadamente un centenar de personas escucharon y analizaron diversos temas en materia de \u201ctrata de personas\u201d, as\u00ed como las diferentes modalidades en las que se puede clasificar ante la ley por medio de las denuncias, haciendo menci\u00f3n del tema en su regulaci\u00f3n comprendido en la legislaci\u00f3n estatal y federal, el Protocolo de Palermo y el C\u00f3digo Penal Federal que sancionan a este delito grave, que atenta contra la libertad, integridad e inclusive salud mental y f\u00edsica de las v\u00edctimas.<\/p>\n<p>El subdirector de la Coordinaci\u00f3n General de Formaci\u00f3n y Pol\u00edticas P\u00fablicas de la Fiscal\u00eda Especial para los Delitos de Violencia contra la Mujer y Trata de Personas, Jos\u00e9 Corona, explic\u00f3 las formas en las que los victimarios pueden enga\u00f1ar a sus v\u00edctimas para ser tratadas y en consecuencia ser forzadas a realizar acciones u otros delitos con fines de explotaci\u00f3n, as\u00ed como las condiciones en las que se puede encontrar la v\u00edctima del delito, durante y despu\u00e9s de ser involucradas.<\/p>\n<p>De igual manera se\u00f1al\u00f3 que la mayor\u00eda de las v\u00edctimas tambi\u00e9n han sufrido de explotaci\u00f3n, violencia de g\u00e9nero y genocidio, dando tambi\u00e9n a conocer las situaciones de vulnerabilidad de las que se pueden aprovechar los tratantes sobre la poblaci\u00f3n.<\/p>\n<p>Para una mejor comprensi\u00f3n por parte del auditorio, el conferencista extern\u00f3 algunos de los casos reales a los que se ha enfrentado y presentando un cortometraje llamado \u201cEsclava\u201d, para de esta forma tratar de sensibilizar a los servidores p\u00fablicos acerca de este delito grave y para el cual deben tener una capacitaci\u00f3n en perspectiva de g\u00e9nero, desarrollar la paciencia para enfrentar los efectos negativos que puede padecer una v\u00edctima en estos casos y saber c\u00f3mo darles la atenci\u00f3n adecuada sin prejuicios, con respeto y comprensi\u00f3n m\u00e1xima.<\/p>\n<p>Finalmente, los asistentes participaron en la breve actividad de retroalimentaci\u00f3n, as\u00ed como recomendaci\u00f3n a los adultos a tener mejor comunicaci\u00f3n con los menores de edad para evitar que caigan v\u00edctimas de trata y explotaci\u00f3n.<\/p>\n","protected":false},"excerpt":{"rendered":"<p>Con la finalidad de conocer qu\u00e9 es la trata de personas, cu\u00e1les son las modalidades en que la mayor\u00eda de j\u00f3venes son \u201cenganchados\u201d para ser v\u00edctimas de este grave delito, el gobierno, encabezado por la licenciada Elena Garc\u00eda Mart\u00ednez, en amplia colaboraci\u00f3n con la Coordinaci\u00f3n General de Formaci\u00f3n y Pol\u00edticas P\u00fablicas de la Fiscal\u00eda Especial para los Delitos de Violencia contra la Mujer y Trata de Personas (FEVIMTRA), llevaron a cabo la conferencia Trata de personas a personal adscrito a la actual administraci\u00f3n, elementos policiacos y ciudadan\u00eda en general.<\/p>\n","protected":false},"author":3,"featured_media":438009,"comment_status":"open","ping_status":"open","sticky":false,"template":"","format":"standard","meta":{"_monsterinsights_skip_tracking":false,"_monsterinsights_sitenote_active":false,"_monsterinsights_sitenote_note":"","_monsterinsights_sitenote_category":0,"footnotes":""},"categories":[5],"tags":[24241,43675,5316,578],"class_list":["post-437925","post","type-post","status-publish","format-standard","has-post-thumbnail","hentry","category-estado-de-mexico","tag-delito","tag-estado-de-mexico","tag-trata-de-personas","tag-tultitlan"],"_links":{"self":[{"href":"https:\/\/www.diarioimagen.net\/index.php?rest_route=\/wp\/v2\/posts\/437925","targetHints":{"allow":["GET"]}}],"collection":[{"href":"https:\/\/www.diarioimagen.net\/index.php?rest_route=\/wp\/v2\/posts"}],"about":[{"href":"https:\/\/www.diarioimagen.net\/index.php?rest_route=\/wp\/v2\/types\/post"}],"author":[{"embeddable":true,"href":"https:\/\/www.diarioimagen.net\/index.php?rest_route=\/wp\/v2\/users\/3"}],"replies":[{"embeddable":true,"href":"https:\/\/www.diarioimagen.net\/index.php?rest_route=%2Fwp%2Fv2%2Fcomments&post=437925"}],"version-history":[{"count":0,"href":"https:\/\/www.diarioimagen.net\/index.php?rest_route=\/wp\/v2\/posts\/437925\/revisions"}],"wp:featuredmedia":[{"embeddable":true,"href":"https:\/\/www.diarioimagen.net\/index.php?rest_route=\/wp\/v2\/media\/438009"}],"wp:attachment":[{"href":"https:\/\/www.diarioimagen.net\/index.php?rest_route=%2Fwp%2Fv2%2Fmedia&parent=437925"}],"wp:term":[{"taxonomy":"category","embeddable":true,"href":"https:\/\/www.diarioimagen.net\/index.php?rest_route=%2Fwp%2Fv2%2Fcategories&post=437925"},{"taxonomy":"post_tag","embeddable":true,"href":"https:\/\/www.diarioimagen.net\/index.php?rest_route=%2Fwp%2Fv2%2Ftags&post=437925"}],"curies":[{"name":"wp","href":"https:\/\/api.w.org\/{rel}","templated":true}]}}