{"id":437927,"date":"2019-08-07T00:06:24","date_gmt":"2019-08-07T05:06:24","guid":{"rendered":"https:\/\/www.diarioimagen.net\/?p=437927"},"modified":"2019-08-07T06:04:13","modified_gmt":"2019-08-07T11:04:13","slug":"celebran-cabildo-abierto-en-huixquilucan","status":"publish","type":"post","link":"https:\/\/www.diarioimagen.net\/?p=437927","title":{"rendered":"Celebran cabildo abierto en Huixquilucan"},"content":{"rendered":"<ul>\n<li><strong><em>Para escuchar todas las voces<\/em><\/strong><\/li>\n<\/ul>\n<p>&nbsp;<\/p>\n<div id=\"attachment_438012\" style=\"width: 470px\" class=\"wp-caption aligncenter\"><a href=\"https:\/\/www.diarioimagen.net\/?attachment_id=438012\" rel=\"attachment wp-att-438012\"><img loading=\"lazy\" decoding=\"async\" aria-describedby=\"caption-attachment-438012\" class=\"size-large wp-image-438012\" src=\"https:\/\/www.diarioimagen.net\/wp-content\/uploads\/2019\/08\/HUIXQUILUCAN-7-460x259.jpg\" alt=\"\" width=\"460\" height=\"259\" srcset=\"https:\/\/www.diarioimagen.net\/wp-content\/uploads\/2019\/08\/HUIXQUILUCAN-7-460x259.jpg 460w, https:\/\/www.diarioimagen.net\/wp-content\/uploads\/2019\/08\/HUIXQUILUCAN-7-240x135.jpg 240w, https:\/\/www.diarioimagen.net\/wp-content\/uploads\/2019\/08\/HUIXQUILUCAN-7-235x132.jpg 235w, https:\/\/www.diarioimagen.net\/wp-content\/uploads\/2019\/08\/HUIXQUILUCAN-7-202x114.jpg 202w, https:\/\/www.diarioimagen.net\/wp-content\/uploads\/2019\/08\/HUIXQUILUCAN-7-350x196.jpg 350w, https:\/\/www.diarioimagen.net\/wp-content\/uploads\/2019\/08\/HUIXQUILUCAN-7-220x123.jpg 220w, https:\/\/www.diarioimagen.net\/wp-content\/uploads\/2019\/08\/HUIXQUILUCAN-7-237x132.jpg 237w, https:\/\/www.diarioimagen.net\/wp-content\/uploads\/2019\/08\/HUIXQUILUCAN-7.jpg 480w\" sizes=\"auto, (max-width: 460px) 100vw, 460px\" \/><\/a><p id=\"caption-attachment-438012\" class=\"wp-caption-text\">El presidente municipal, Enrique Vargas del Villar, reconoci\u00f3 el trabajo del Colegio de Abogados del Valle de M\u00e9xico, A. C.<\/p><\/div>\n<p>&nbsp;<\/p>\n<p><strong>Huixquilucan, Estado de M\u00e9xico<\/strong>.- Durante la decimonovena sesi\u00f3n de cabildo con car\u00e1cter de abierto, el presidente municipal de Huixquilucan, Enrique Vargas del Villar, reconoci\u00f3 el trabajo del Colegio de Abogados del Valle de M\u00e9xico, A. C., filial Huixquilucan, que en lo sucesivo brindar\u00e1 asesor\u00edas gratuitas a toda la poblaci\u00f3n.<\/p>\n<p>Vargas del Villar destac\u00f3 el trabajo social del Colegio de Abogados, ya que con esta coordinaci\u00f3n los huixquiluquenses podr\u00e1n tener certeza jur\u00eddica sobre sus propiedades.<\/p>\n<p>Asegur\u00f3 que el gobierno municipal seguir\u00e1 apoyando estas acciones, que benefician a las familias m\u00e1s vulnerables de Huixquilucan.<\/p>\n<p>Previa convocatoria para participar en este ejercicio democr\u00e1tico, el\u00a0 Colegio de Abogados del Valle de M\u00e9xico, A. C., filial Huixquilucan, a trav\u00e9s de su representante, Edgar Cedillo Guti\u00e9rrez y Sa\u00fal Angulo S\u00e1nchez, agradecieron el apoyo recibido por parte de la administraci\u00f3n p\u00fablica municipal, para realizar una serie de acciones encaminadas a apoyar a la ciudadan\u00eda en distintos temas legales.<\/p>\n<p>Ante el pleno del cabildo, se\u00f1alaron que adem\u00e1s de llevar conjuntamente con la administraci\u00f3n municipal, jornadas de asesor\u00edas gratuitas a distintas partes del territorio, har\u00e1n lo propio en sus instalaciones ubicadas en Avenida Morelos n\u00famero 48 Bis, en el barrio de San Juan Bautista.<\/p>\n","protected":false},"excerpt":{"rendered":"<p>Durante la decimonovena sesi\u00f3n de cabildo con car\u00e1cter de abierto, el presidente municipal de Huixquilucan, Enrique Vargas del Villar, reconoci\u00f3 el trabajo del Colegio de Abogados del Valle de M\u00e9xico, A. C., filial Huixquilucan, que en lo sucesivo brindar\u00e1 asesor\u00edas gratuitas a toda la poblaci\u00f3n.<\/p>\n","protected":false},"author":3,"featured_media":438012,"comment_status":"open","ping_status":"open","sticky":false,"template":"","format":"standard","meta":{"_monsterinsights_skip_tracking":false,"_monsterinsights_sitenote_active":false,"_monsterinsights_sitenote_note":"","_monsterinsights_sitenote_category":0,"footnotes":""},"categories":[5],"tags":[23030,43675,1097],"class_list":["post-437927","post","type-post","status-publish","format-standard","has-post-thumbnail","hentry","category-estado-de-mexico","tag-cabildo","tag-estado-de-mexico","tag-huixquilucan"],"_links":{"self":[{"href":"https:\/\/www.diarioimagen.net\/index.php?rest_route=\/wp\/v2\/posts\/437927","targetHints":{"allow":["GET"]}}],"collection":[{"href":"https:\/\/www.diarioimagen.net\/index.php?rest_route=\/wp\/v2\/posts"}],"about":[{"href":"https:\/\/www.diarioimagen.net\/index.php?rest_route=\/wp\/v2\/types\/post"}],"author":[{"embeddable":true,"href":"https:\/\/www.diarioimagen.net\/index.php?rest_route=\/wp\/v2\/users\/3"}],"replies":[{"embeddable":true,"href":"https:\/\/www.diarioimagen.net\/index.php?rest_route=%2Fwp%2Fv2%2Fcomments&post=437927"}],"version-history":[{"count":0,"href":"https:\/\/www.diarioimagen.net\/index.php?rest_route=\/wp\/v2\/posts\/437927\/revisions"}],"wp:featuredmedia":[{"embeddable":true,"href":"https:\/\/www.diarioimagen.net\/index.php?rest_route=\/wp\/v2\/media\/438012"}],"wp:attachment":[{"href":"https:\/\/www.diarioimagen.net\/index.php?rest_route=%2Fwp%2Fv2%2Fmedia&parent=437927"}],"wp:term":[{"taxonomy":"category","embeddable":true,"href":"https:\/\/www.diarioimagen.net\/index.php?rest_route=%2Fwp%2Fv2%2Fcategories&post=437927"},{"taxonomy":"post_tag","embeddable":true,"href":"https:\/\/www.diarioimagen.net\/index.php?rest_route=%2Fwp%2Fv2%2Ftags&post=437927"}],"curies":[{"name":"wp","href":"https:\/\/api.w.org\/{rel}","templated":true}]}}