{"id":437987,"date":"2019-08-07T00:08:55","date_gmt":"2019-08-07T05:08:55","guid":{"rendered":"https:\/\/www.diarioimagen.net\/?p=437987"},"modified":"2019-08-07T05:47:28","modified_gmt":"2019-08-07T10:47:28","slug":"ley-bonilla-no-se-puede-impugnar-porque-no-existe","status":"publish","type":"post","link":"https:\/\/www.diarioimagen.net\/?p=437987","title":{"rendered":"<em>Ley Bonilla<\/em> no se puede impugnar porque \u201cno existe\u201d"},"content":{"rendered":"<h2>Clase Pol\u00edtica<\/h2>\n<h5>Miguel \u00c1ngel Rivera<\/h5>\n<p>&nbsp;<\/p>\n<p>Todav\u00eda est\u00e1 pendiente el desenlace del \u201calbazo legislativo\u201d a cargo del Congreso de Baja California, que decidi\u00f3 aumentar de dos a cinco a\u00f1os el periodo para el cual fue elegido el nuevo gobernador de estado, mediante una reforma constitucional popularmente conocida como \u201cLey Bonilla\u201d.<\/p>\n<p>Como se recordar\u00e1, en junio anterior se realizaron elecciones en ese estado para nombrar nuevo gobernador, renovar la C\u00e1mara de Diputados local y cambiar los ayuntamientos de los cinco municipios de la entidad.<\/p>\n<p>El ganador de las elecciones fue el candidato de la coalici\u00f3n encabezada por Morena, el empresario Jaime Bonilla Valdez, quien deber\u00eda cumplir un periodo de dos a\u00f1os, lo cual le pareci\u00f3 insuficiente, por lo que subrepticiamente, impuls\u00f3 cambios para que su mandato se ampliara a cinco a\u00f1os.<\/p>\n<p>Primero fue el Tribunal Electoral del Estado, la autoridad que dictamin\u00f3 a favor de ampliar el periodo, pero el cambio fue rechazado por el Tribunal Electoral Federal, que es la m\u00e1xima autoridad en la materia y cuyos fallos son inapelables.<\/p>\n<p>Ante esta situaci\u00f3n, Bonilla y simpatizantes recurrieron al congreso del estado, que en un sorpresivo giro &#8211;\u00a0 a pesar de que su partido, Morena, estaba en minor\u00eda \u2013 logr\u00f3 casi unanimidad a favor de una reforma constitucional que le conced\u00eda la ansiada ampliaci\u00f3n del mandato.<\/p>\n<p>Esta vez, la decisi\u00f3n de los diputados bajacalifornianos desat\u00f3 una tormenta pol\u00edtica en todo el pa\u00eds, sobre todo en el PAN y el PRI, partidos que expulsaron a los diputados salientes que avalaron el cambio.<\/p>\n<p>A pesar de los vientos en contra, los diputados salientes \u2013 presuntamente \u201cincentivados\u201d por Bonilla y sus simpatizantes \u2013 ratificaron el cambio en una sesi\u00f3n casi clandestina, para la cual cambiaron la sede del Congreso de la capital estatal, Mexicali, al municipio Playas de Rosarito.<\/p>\n<p>Fue la \u00faltima \u201cmaldad\u201d de esos legisladores, pues terminaron sus funciones el \u00faltimo d\u00eda de julio y dejaron sin publicar la controvertida reforma, por lo cual no ha entrado en vigor, pero tampoco puede ser impugnada porque legalmente \u201cno existe\u201d.<\/p>\n<p>El primer d\u00eda de agosto entr\u00f3 en funciones la nueva XXIII Legislatura de Baja California, cuyos integrantes no se han manifestado respecto a la \u201cLey Bonilla\u201d, aunque en esta nueva C\u00e1mara de Diputados Morena, tiene una amplia mayor\u00eda producto de elecciones, sin necesidad de \u201cconvencer\u201d a legisladores postulados por otros partidos. La nueva Legislatura estar\u00e1 integrada por 13 diputados de Morena, cuatro del PAN, dos del Partido del Trabajo, uno del PRD, uno del PRI, uno del Partido Verde Ecologista, uno del Partido de Baja California, uno de Transformemos y uno de Movimiento Ciudadano.<\/p>\n<p>Los suspicaces advierten que los nuevos diputados esperan has el \u00faltimo minuto para promulgar la referida reforma y de esta manera evitar que pueda ser bloqueada ya sea en el Congreso de la Uni\u00f3n o en la Suprema Corte de Justicia.<\/p>\n<p>El gobernador saliente, el panista Francisco de la Vega de Lamadrid \u2013 de quien se sospecha que solapadamente est\u00e1 a favor del cambio legal \u2013 primero se neg\u00f3 a publicar la reforma y luego cambi\u00f3 de actitud y anunci\u00f3 que lo har\u00eda para que dejara de estar en \u201cel limbo\u201d y pudiera ser impugnada.<\/p>\n<p>Pero, vale insistir, legalmente el mandatario saliente no puede hacer nada, porque no ha recibido comunicaci\u00f3n oficial de la nueva Legislatura estatal.<\/p>\n<p>Por eso, ayer, se dio a conocer que el panista de la Vega exigi\u00f3 a los nuevos locales definir si est\u00e1n a favor o en contra de ampliar de 2 a 5 a\u00f1os la gubernatura de Jaime Bonilla . Tambi\u00e9n reiter\u00f3 que en caso de que los diputados promulguen la reforma, la impugnar\u00e1 ante la Suprema Corte de Justicia de la Naci\u00f3n.<\/p>\n<p>\u201c\u00bfQu\u00e9 queremos? Una definici\u00f3n del congreso, o sea, necesitamos una definici\u00f3n del congreso ya\u201d, dijo el mandatario panista al reiterar que, si recibe la iniciativa, la publicar\u00e1 en el Diario Oficial del Estado, para ya no perder tiempo\u201d, pero advirti\u00f3 que lo har\u00e1 bajo protesta.<\/p>\n<p>Adem\u00e1s, se debe tener en cuenta que las dirigencias nacionales del PRI y del PAN \u2013 adem\u00e1s de expulsar a los diputados que avalaron la reforma \u2013 anunciaron que\u00a0 interpondr\u00edan demandas de inconstitucionalidad ante la Suprema Corte de Justicia, as\u00ed como senadores y diputados federales de esos y otros partidos.<\/p>\n<p style=\"text-align: center;\"><strong>La Cosecha<\/strong><\/p>\n<p>A pesar de la obligatoria austeridad y de los anunciados esfuerzos por reducir el costo del aparato electoral de nuestro pa\u00eds, en cumplimiento de las normas que lo rigen, el Instituto Nacional Electoral empez\u00f3 a definir el presupuesto que ser\u00e1 asignado el a\u00f1o venidero a los partidos pol\u00edticos nacionales y la cifra resultante no parece nada frugal, especialmente para el partido en el gobierno Morena, que tendr\u00e1 un sustancial incremente respecto de a\u00f1os anteriores.<\/p>\n<p>La Comisi\u00f3n de Prerrogativas y Partidos Pol\u00edticos del INE aprob\u00f3 para 2020,\u00a0asignar a los partidos un total de cinco mil 239 millones de pesos de financiamiento p\u00fablico, presupuesto que se repartir\u00e1 de la siguiente manera: para Morena ser\u00e1n, mil 710 millones de pesos; en segundo lugar estar\u00e1 el PAN, con 943 millones de pesos; y en tercero el PRI, con 888.9 millones de pesos.<\/p>\n<p>La mencionada Comisi\u00f3n aclar\u00f3 que estas cifras son preliminares, ya que en caso de\u00a0otorgarse el registro oficial a nuevos partidos, el consejo general deber\u00e1 redistribuir la cifra reservada para el segundo semestre entre todos los institutos pol\u00edticos nacionales.<\/p>\n<p>Por otra parte, la Comisi\u00f3n de Quejas y Denuncias, tambi\u00e9n del INE, decidi\u00f3 no cancelar las conferencias matutinas del presidente Andr\u00e9s Manuel L\u00f3pez Obrador, como lo hab\u00eda solicitado una ciudadana que denunci\u00f3 promoci\u00f3n personalizada, actos anticipados de campa\u00f1a y la rendici\u00f3n de un informe de labores fuera de plazos previstos.<\/p>\n<p>En sesi\u00f3n extraordinaria urgente y de car\u00e1cter privado, se declar\u00f3 improcedente imponer esa medida cautelar contra el ejecutivo federal, ya que \u201cbajo la apariencia del buen derecho\u201d tienen como finalidad dar a conocer logros, programas, acciones y obras de gobierno respecto a temas y cuestiones de distinta \u00edndole.<\/p>\n<p>Siguen las malas noticias en materia econ\u00f3mica para el gobierno federal. Analistas del sector financiero consultados por Citibanamex, volvieron a recortar la expectativa de crecimiento de la econom\u00eda nacional para finales de este a\u00f1o, al pasar de 0.9 a 0.6 por ciento.<\/p>\n<p>Para 2020 la estimaci\u00f3n de desarrollo tambi\u00e9n fue revisada a la baja y pas\u00f3 de 1.5 a 1.4 por ciento.<\/p>\n<p>En la Encuesta Quincenal Citibanamex de Expectativas, los especialistas tomaron en cuenta que en septiembre, la junta de gobierno del Banco de M\u00e9xico (BdeM) recortar\u00e1 su tasa de inter\u00e9s interbancaria 25 puntos base, y pasar\u00e1 de 8.25 a 8 por ciento.<\/p>\n<p>\u201cLos encuestados ahora estiman que la tasa de fondeo al cierre de 2019 se ubicar\u00e1 en 7.75 por ciento; hacemos notar que la \u00faltima vez que la expectativa para la tasa de pol\u00edtica al cierre de 2019 se ubic\u00f3 en este nivel, fue en octubre de 2018. Para el cierre de 2020, el pron\u00f3stico mediano para la tasa de referencia del BdeM es de 7.38 por ciento\u201d, expuso la entidad financiera.<\/p>\n<p>Los analistas prev\u00e9n asimismo que el tipo de cambio para finalizar el a\u00f1o se ubique en 19.80 pesos por d\u00f3lar, mientras que para el cierre de 2020, el d\u00f3lar estadunidense podr\u00eda situarse en 20 unidades.<\/p>\n<p>En cambio, los encuestados bajaron la expectativa para la inflaci\u00f3n al cierre de 2019, pues pas\u00f3 de 3.73 a 3.70 por ciento, y tambi\u00e9n revisaron a la baja el pron\u00f3stico para el siguiente a\u00f1o, y baj\u00f3 de 3.63 a 3.60 por ciento.<\/p>\n<p>\u201cSin embargo, el pron\u00f3stico mediano para la inflaci\u00f3n subyacente al cierre de 2019 se increment\u00f3 a de 3.60 a 3.65 por ciento. Este es el valor estimado m\u00e1s elevado hasta ahora para la inflaci\u00f3n subyacente en 2019 desde que este rubro se incluy\u00f3 en el cuestionario en enero de 2018, indicaron los conocedores consultados por Citibanamex.<\/p>\n<p>Aunque en estos momentos parece una convocatoria poco atractiva, la Escuela Nacional de Cuadros del PRI anunci\u00f3 que sigue abierto, hasta el 18 del presente, el plazo para j\u00f3venes interesados en incorporarse y acceder a un modelo formativo de excelencia en materia de habilidades pol\u00edticas, liderazgo social y trabajo en equipo.<\/p>\n<p>Aunque se dude, la presidenta del Instituto de Formaci\u00f3n Pol\u00edtica \u201cJes\u00fas Reyes Heroles\u201d (IRH), Fernanda Bayardo Salim, asegur\u00f3 que la ampliaci\u00f3n se determin\u00f3 por la gran demanda de j\u00f3venes interesados y aclar\u00f3 que no se pide un m\u00ednimo de grados de estudio.<\/p>\n<p><em><a href=\"mailto:riverapaz@infinitummail.com\" target=\"_blank\" rel=\"noopener noreferrer\">riverapaz@infinitummail.com<\/a><\/em><\/p>\n","protected":false},"excerpt":{"rendered":"<p><span style=\"color: #005497;\"><strong>Miguel \u00c1ngel Rivera<\/strong><\/span><\/p>\n","protected":false},"author":3,"featured_media":0,"comment_status":"open","ping_status":"open","sticky":false,"template":"","format":"standard","meta":{"_monsterinsights_skip_tracking":false,"_monsterinsights_sitenote_active":false,"_monsterinsights_sitenote_note":"","_monsterinsights_sitenote_category":0,"footnotes":""},"categories":[84119],"tags":[84120,84121,43674],"class_list":["post-437987","post","type-post","status-publish","format-standard","hentry","category-miguel-angel-rivera","tag-clase-politica","tag-miguel-angel-rivera","tag-opinion"],"_links":{"self":[{"href":"https:\/\/www.diarioimagen.net\/index.php?rest_route=\/wp\/v2\/posts\/437987","targetHints":{"allow":["GET"]}}],"collection":[{"href":"https:\/\/www.diarioimagen.net\/index.php?rest_route=\/wp\/v2\/posts"}],"about":[{"href":"https:\/\/www.diarioimagen.net\/index.php?rest_route=\/wp\/v2\/types\/post"}],"author":[{"embeddable":true,"href":"https:\/\/www.diarioimagen.net\/index.php?rest_route=\/wp\/v2\/users\/3"}],"replies":[{"embeddable":true,"href":"https:\/\/www.diarioimagen.net\/index.php?rest_route=%2Fwp%2Fv2%2Fcomments&post=437987"}],"version-history":[{"count":0,"href":"https:\/\/www.diarioimagen.net\/index.php?rest_route=\/wp\/v2\/posts\/437987\/revisions"}],"wp:attachment":[{"href":"https:\/\/www.diarioimagen.net\/index.php?rest_route=%2Fwp%2Fv2%2Fmedia&parent=437987"}],"wp:term":[{"taxonomy":"category","embeddable":true,"href":"https:\/\/www.diarioimagen.net\/index.php?rest_route=%2Fwp%2Fv2%2Fcategories&post=437987"},{"taxonomy":"post_tag","embeddable":true,"href":"https:\/\/www.diarioimagen.net\/index.php?rest_route=%2Fwp%2Fv2%2Ftags&post=437987"}],"curies":[{"name":"wp","href":"https:\/\/api.w.org\/{rel}","templated":true}]}}