{"id":438115,"date":"2019-08-08T00:08:21","date_gmt":"2019-08-08T05:08:21","guid":{"rendered":"https:\/\/www.diarioimagen.net\/?p=438115"},"modified":"2019-08-08T08:01:55","modified_gmt":"2019-08-08T13:01:55","slug":"participacion-de-naucalpenses-es-fundamental-alcaldesa-paty-duran","status":"publish","type":"post","link":"https:\/\/www.diarioimagen.net\/?p=438115","title":{"rendered":"Participaci\u00f3n de naucalpenses es fundamental: alcaldesa Paty Dur\u00e1n"},"content":{"rendered":"<ul>\n<li><strong><em>En materia de planeaci\u00f3n para el desarrollo<\/em><\/strong><\/li>\n<\/ul>\n<p>&nbsp;<\/p>\n<div id=\"attachment_438183\" style=\"width: 470px\" class=\"wp-caption aligncenter\"><a href=\"https:\/\/www.diarioimagen.net\/?attachment_id=438183\" rel=\"attachment wp-att-438183\"><img loading=\"lazy\" decoding=\"async\" aria-describedby=\"caption-attachment-438183\" class=\"size-large wp-image-438183\" src=\"https:\/\/www.diarioimagen.net\/wp-content\/uploads\/2019\/08\/NAUCALPAN-8-460x259.jpg\" alt=\"\" width=\"460\" height=\"259\" srcset=\"https:\/\/www.diarioimagen.net\/wp-content\/uploads\/2019\/08\/NAUCALPAN-8-460x259.jpg 460w, https:\/\/www.diarioimagen.net\/wp-content\/uploads\/2019\/08\/NAUCALPAN-8-240x135.jpg 240w, https:\/\/www.diarioimagen.net\/wp-content\/uploads\/2019\/08\/NAUCALPAN-8-235x132.jpg 235w, https:\/\/www.diarioimagen.net\/wp-content\/uploads\/2019\/08\/NAUCALPAN-8-202x114.jpg 202w, https:\/\/www.diarioimagen.net\/wp-content\/uploads\/2019\/08\/NAUCALPAN-8-350x196.jpg 350w, https:\/\/www.diarioimagen.net\/wp-content\/uploads\/2019\/08\/NAUCALPAN-8-220x123.jpg 220w, https:\/\/www.diarioimagen.net\/wp-content\/uploads\/2019\/08\/NAUCALPAN-8-237x132.jpg 237w, https:\/\/www.diarioimagen.net\/wp-content\/uploads\/2019\/08\/NAUCALPAN-8.jpg 480w\" sizes=\"auto, (max-width: 460px) 100vw, 460px\" \/><\/a><p id=\"caption-attachment-438183\" class=\"wp-caption-text\">Somos corresponsables de consolidar el r\u00e9gimen democr\u00e1tico de nuestro pa\u00eds, dijo la presidenta municipal, Patricia Dur\u00e1n Reveles.<\/p><\/div>\n<p>&nbsp;<\/p>\n<p><strong>Naucalpan, Estado de M\u00e9xico<\/strong>.- El gobierno de Naucalpan firm\u00f3 un convenio de coordinaci\u00f3n con el Comit\u00e9 de Planeaci\u00f3n para el Desarrollo del Estado de M\u00e9xico (Copladem) del gobierno estatal, para el periodo 2019-2021.<\/p>\n<p>A partir de esta firma, la administraci\u00f3n del Edomex y el ayuntamiento se comprometieron a compartir informaci\u00f3n estrat\u00e9gica para orientar la toma decisiones, capacitar a los servidores p\u00fablicos encargados de su planeaci\u00f3n y dar seguimiento a los resultados del Plan de Desarrollo Municipal.<\/p>\n<p>La presidenta municipal, Patricia Dur\u00e1n Reveles, destac\u00f3 la importancia de conjuntar las decisiones gubernamentales con la participaci\u00f3n ciudadana, ya que s\u00f3lo as\u00ed puede lograrse un desarrollo integral.<\/p>\n<p>\u201cSomos corresponsables en consolidar el r\u00e9gimen democr\u00e1tico de nuestro pa\u00eds con base en la planeaci\u00f3n y participaci\u00f3n de la sociedad mexiquense.<\/p>\n<p>\u201cLos beneficiarios de esta reuni\u00f3n ser\u00e1n los ciudadanos. La sociedad, el gobierno y el sector privado crearemos un v\u00ednculo que nos ayudar\u00e1 a fortalecer el sistema de planeaci\u00f3n para el desarrollo del Estado de M\u00e9xico y los municipios\u201d, manifest\u00f3 Dur\u00e1n Reveles, en el acto realizado en el Club de Golf Bosque Real.<\/p>\n<p>En tanto, Paola Vite Boccazzi, directora general del Copladem, asegur\u00f3 que la coordinaci\u00f3n entre municipios y el Estado de M\u00e9xico fortalecer\u00e1 las alianzas interinstitucionales e impulsar\u00e1 la vocaci\u00f3n comercial y de servicios de la regi\u00f3n.<\/p>\n<p>\u201cEs una ventana de oportunidad para intercambiar experiencias entre municipios.<\/p>\n<p>\u201cLas estrategias y acciones de coordinaci\u00f3n delineadas en el COPLADEM consolidar\u00e1n a los Ayuntamientos, con procesos de seguimiento y evaluaci\u00f3n modernos\u201d, agreg\u00f3 Vite Boccazzi.<\/p>\n<p>En el acto se dieron cita los presidentes municipales de Huixquilucan, Enrique Vargas del Villar; de Isidro Fabela, Astrid Anita D\u00e1vila Ordo\u00f1ez; de Jilotzingo, \u00c9velin May\u00e9n Gonz\u00e1lez; de Lerma, Jaime Cervantes S\u00e1nchez; de Ocoyoacac, Analleli Olivares Reyes; de Otzolotepec, Erika Sevilla Alvarado; de Tianguistenco, Alfredo Baltazar Villa; de Xalatlaco, Jos\u00e9 Reza Molina, y Seraf\u00edn Guti\u00e9rrez Morales, de Xonacatl\u00e1n.<\/p>\n<p>Vargas del Villar, anfitri\u00f3n de la reuni\u00f3n, destac\u00f3 la importancia de los gobiernos municipales como primer contacto en la atenci\u00f3n a los ciudadanos.<\/p>\n<p>Pidi\u00f3 a los gobiernos mexiquense y de M\u00e9xico m\u00e1s recursos para las demarcaciones en aras de satisfacer las necesidades de los habitantes.<\/p>\n","protected":false},"excerpt":{"rendered":"<p>El gobierno de Naucalpan firm\u00f3 un convenio de coordinaci\u00f3n con el Comit\u00e9 de Planeaci\u00f3n para el Desarrollo del Estado de M\u00e9xico (Copladem) del gobierno estatal, para el periodo 2019-2021.<\/p>\n","protected":false},"author":3,"featured_media":438183,"comment_status":"open","ping_status":"open","sticky":false,"template":"","format":"standard","meta":{"_monsterinsights_skip_tracking":false,"_monsterinsights_sitenote_active":false,"_monsterinsights_sitenote_note":"","_monsterinsights_sitenote_category":0,"footnotes":""},"categories":[5],"tags":[87150,83068,43675,970],"class_list":["post-438115","post","type-post","status-publish","format-standard","has-post-thumbnail","hentry","category-estado-de-mexico","tag-comite-de-planeacion-para-el-desarrollo-del-estado-de-mexico","tag-copladem","tag-estado-de-mexico","tag-naucalpan"],"_links":{"self":[{"href":"https:\/\/www.diarioimagen.net\/index.php?rest_route=\/wp\/v2\/posts\/438115","targetHints":{"allow":["GET"]}}],"collection":[{"href":"https:\/\/www.diarioimagen.net\/index.php?rest_route=\/wp\/v2\/posts"}],"about":[{"href":"https:\/\/www.diarioimagen.net\/index.php?rest_route=\/wp\/v2\/types\/post"}],"author":[{"embeddable":true,"href":"https:\/\/www.diarioimagen.net\/index.php?rest_route=\/wp\/v2\/users\/3"}],"replies":[{"embeddable":true,"href":"https:\/\/www.diarioimagen.net\/index.php?rest_route=%2Fwp%2Fv2%2Fcomments&post=438115"}],"version-history":[{"count":0,"href":"https:\/\/www.diarioimagen.net\/index.php?rest_route=\/wp\/v2\/posts\/438115\/revisions"}],"wp:featuredmedia":[{"embeddable":true,"href":"https:\/\/www.diarioimagen.net\/index.php?rest_route=\/wp\/v2\/media\/438183"}],"wp:attachment":[{"href":"https:\/\/www.diarioimagen.net\/index.php?rest_route=%2Fwp%2Fv2%2Fmedia&parent=438115"}],"wp:term":[{"taxonomy":"category","embeddable":true,"href":"https:\/\/www.diarioimagen.net\/index.php?rest_route=%2Fwp%2Fv2%2Fcategories&post=438115"},{"taxonomy":"post_tag","embeddable":true,"href":"https:\/\/www.diarioimagen.net\/index.php?rest_route=%2Fwp%2Fv2%2Ftags&post=438115"}],"curies":[{"name":"wp","href":"https:\/\/api.w.org\/{rel}","templated":true}]}}