{"id":438349,"date":"2019-08-09T00:04:21","date_gmt":"2019-08-09T05:04:21","guid":{"rendered":"https:\/\/www.diarioimagen.net\/?p=438349"},"modified":"2019-08-09T03:27:17","modified_gmt":"2019-08-09T08:27:17","slug":"azucar-diabetes-obesidad-y-cancer","status":"publish","type":"post","link":"https:\/\/www.diarioimagen.net\/?p=438349","title":{"rendered":"Az\u00facar, diabetes, obesidad y c\u00e1ncer"},"content":{"rendered":"<h2>Punto por punto<\/h2>\n<h5>Augusto Corro<\/h5>\n<p>&nbsp;<\/p>\n<p>Para 2020 los legisladores contemplan aumentos en impuestos a productos que da\u00f1an la salud de los consumidores.<span class=\"Apple-converted-space\">\u00a0<\/span><\/p>\n<p>Con esa medida fiscal se buscar\u00e1 disuadir el consumo de bebidas azucaradas, alcohol, cigarros, comida chatarra, etc.<\/p>\n<p>La idea no es nueva. Ya se aplic\u00f3 y los resultados fueron negativos. M\u00e9xico es uno de pa\u00edses con m\u00e1s diab\u00e9ticos en el mundo.<span class=\"Apple-converted-space\">\u00a0<\/span><\/p>\n<p>As\u00ed es que si usted amable lector es adicto al dulce, prepare su bolsillo para pagar los nuevos impuestos por su gusto a los productos cal\u00f3ricos.<span class=\"Apple-converted-space\">\u00a0<\/span><\/p>\n<p>De plano hay que entender que no ser\u00e1 con la elevaci\u00f3n en los impuestos a las bebidas azucaradas como se evitar\u00e1, por ejemplo, la diabetes.<span class=\"Apple-converted-space\">\u00a0<\/span><\/p>\n<p>Ya se dijo hasta el cansancio que el organismo de los mexicanos tiene cierta predisposici\u00f3n a padecer hiperglucemia.<\/p>\n<p>Si a esa falla se le agrega la falta de control en el consumo del az\u00facar es f\u00e1cil imaginarse lo que provoca.<span class=\"Apple-converted-space\">\u00a0<\/span><\/p>\n<p>La obesidad se considera, en un sinn\u00famero de casos, como un paso hacia la diabetes. M\u00e9xico fue considerado como un pa\u00eds con un alto \u00edndice de obesidad.<\/p>\n<p>En esos dos renglones en materia de salud, no hay recursos econ\u00f3micos que alcancen para atender a tantos enfermos por parte del gobierno.<span class=\"Apple-converted-space\">\u00a0<\/span><\/p>\n<p>En estudios recientes, los cient\u00edficos descubrieron que el az\u00facar produce c\u00e1ncer.<\/p>\n<p>De la comida chatarra ser\u00e1 en vano un nuevo impuesto.<span class=\"Apple-converted-space\">\u00a0<\/span><\/p>\n<p>Somos un pueblo antojadizo a los tacos y la llamada comida r\u00e1pido. Se pagar\u00e1 lo que se estipule para disfrutarla.<span class=\"Apple-converted-space\">\u00a0<\/span><\/p>\n<p>\u00bfAmable lector considera usted que los nuevos impuestos ayuden a alejar a los consumidores de los refrescos o jugos azucarados?<\/p>\n<p>Los diputados consideran que tendr\u00e1n que aplicarse nuevos impuestos a productos endulzados. Los pretextos no importan.<span class=\"Apple-converted-space\">\u00a0<\/span><\/p>\n<p style=\"text-align: center;\"><b>Sigue el terror<\/b><\/p>\n<p>En Estados Unidos (EU) los inmigrantes contin\u00faan sumidos en el terror. Debido<span class=\"Apple-converted-space\">\u00a0 <\/span>la pol\u00edtica racista y homof\u00f3bica de Donald Trump, los latinos viven hora de incertidumbre y miedo.<span class=\"Apple-converted-space\">\u00a0<\/span><\/p>\n<p>El mandatario estuvo el mi\u00e9rcoles en las dos ciudades donde el fin de semana se registraron balaceras que dejaron treinta y un muertos y decenas de heridos.<span class=\"Apple-converted-space\">\u00a0<\/span><\/p>\n<p>El primero ocurri\u00f3 en el centro comercial Walmart, en El Paso, Texas; y el segundo en una zona de diversi\u00f3n en Dayton, Ohio.<span class=\"Apple-converted-space\">\u00a0<\/span><\/p>\n<p>En El Paso perdieron la vida ocho mexicanos y otros latinos. El hecho provoc\u00f3 el repudio de la poblaci\u00f3n contra el presidente Donald Trump, quien visit\u00f3 en los hospitales a los lesionados del ataque de un joven supremacista blanco. Con pancartas y cartelones los lugare\u00f1os manifestaron su rechazo al magnate y a su ret\u00f3rica racista.<\/p>\n<p>Antes de que Trump arribara a El Paso, alrededor de 600 agentes de migraci\u00f3n realizaron redadas en siete plantas procesadoras de carne de pollo, en Mississipi. Ah\u00ed fueron arrestados 680 trabajadores, en su mayor\u00eda latinos.<\/p>\n<p>Se inform\u00f3 que el miedo se apoder\u00f3 de ni\u00f1os y j\u00f3venes que atestiguaron c\u00f3mo sus padres, esposados como criminales, fueron transportados a un hangar militar para ser procesados.<span class=\"Apple-converted-space\">\u00a0<\/span><\/p>\n<p>Trump no quita el dedo del rengl\u00f3n en materia de homofobia. Las \u00faltimas matanzas no favorecen la imagen pol\u00edtica del magnate, quien buscar continuar en el poder.<span class=\"Apple-converted-space\">\u00a0<\/span><\/p>\n<p>En materia de tuits, el mandatario contin\u00faa con su pol\u00edtica hostil, aunque ya mand\u00f3 decir a los periodistas que le \u201cbajen\u201d el tono al relacionarlo con el racismo.<span class=\"Apple-converted-space\">\u00a0<\/span><\/p>\n<p>Por cierto, en su visita a Texas, el presidente no apareci\u00f3 en p\u00fablico. Sus visitas a los heridos en la balacera casi fueron privadas.<\/p>\n<p style=\"text-align: center;\"><b>Impunidad<\/b><\/p>\n<p><span class=\"Apple-converted-space\">\u00a0<\/span>No castigar a un delincuente equivale a un acto de impunidad. Y la impunidad es como un premio. Estas frases las escuch\u00e9 por alg\u00fan sitio y s\u00ed me llevaron a la reflexi\u00f3n.<span class=\"Apple-converted-space\">\u00a0<\/span><\/p>\n<p>Nuestro pa\u00eds cay\u00f3 en un bache en materia de procuraci\u00f3n de justicia. Hace varios a\u00f1os que las autoridades no investigan hechos criminales ni castigan a los delincuentes.<span class=\"Apple-converted-space\">\u00a0<\/span><\/p>\n<p>Vivimos en un vac\u00edo que se llena de impunidad. M\u00e1s de ciento cuarenta periodistas fueron asesinados y los homicidas gozan de libertad total.<span class=\"Apple-converted-space\">\u00a0<\/span><\/p>\n<p>En otras l\u00edneas, son miles de desaparecidos que son buscados por sus familiares sin encontrarlos. \u00bfY las autoridades? Bien, gracias.<span class=\"Apple-converted-space\">\u00a0<\/span><\/p>\n<p>As\u00ed pues, por donde se quiera ver el problema de la impunidad es grave. La falta de castigo a los criminales por parte de las autoridades orilla a la poblaci\u00f3n a hacerse justicia por propia mano.<span class=\"Apple-converted-space\">\u00a0<\/span><\/p>\n<p>El mi\u00e9rcoles, cinco presuntos secuestradores fueron colgados de un \u00e1rbol y linchados por vecinos del municipio de Cohuecan, Puebla. Despu\u00e9s, dos personas m\u00e1s, se\u00f1aladas como delincuentes, perecieron a manos de los lugare\u00f1os.<span class=\"Apple-converted-space\">\u00a0<\/span><\/p>\n<p>En total, siete personas resultaron ajusticiadas por la turba que no acept\u00f3 razones para desistir de su conducta fuera de la ley. De los presuntos delincuentes se dijo que intentaron secuestrar a un ganadero de la poblaci\u00f3n de Tepexco.<\/p>\n<p>De seguir la impunidad en M\u00e9xico, seguir\u00e1n los linchamientos.<\/p>\n<p style=\"text-align: right;\"><strong><em>Feliz fin de semana.<\/em><\/strong><\/p>\n<p><strong>\u00a0<\/strong><em><u><a href=\"mailto:aco2742@hotmail.com\" target=\"_blank\" rel=\"noopener noreferrer\">aco2742@hotmail.com<\/a><\/u><\/em><\/p>\n","protected":false},"excerpt":{"rendered":"<p><span style=\"color: #005497;\"><strong>Augusto Corro<\/strong><\/span><\/p>\n","protected":false},"author":1,"featured_media":0,"comment_status":"open","ping_status":"open","sticky":false,"template":"","format":"standard","meta":{"_monsterinsights_skip_tracking":false,"_monsterinsights_sitenote_active":false,"_monsterinsights_sitenote_note":"","_monsterinsights_sitenote_category":0,"footnotes":""},"categories":[157],"tags":[43686,43674,11515],"class_list":["post-438349","post","type-post","status-publish","format-standard","hentry","category-augusto-corro","tag-augusto-corro","tag-opinion","tag-punto-por-punto"],"_links":{"self":[{"href":"https:\/\/www.diarioimagen.net\/index.php?rest_route=\/wp\/v2\/posts\/438349","targetHints":{"allow":["GET"]}}],"collection":[{"href":"https:\/\/www.diarioimagen.net\/index.php?rest_route=\/wp\/v2\/posts"}],"about":[{"href":"https:\/\/www.diarioimagen.net\/index.php?rest_route=\/wp\/v2\/types\/post"}],"author":[{"embeddable":true,"href":"https:\/\/www.diarioimagen.net\/index.php?rest_route=\/wp\/v2\/users\/1"}],"replies":[{"embeddable":true,"href":"https:\/\/www.diarioimagen.net\/index.php?rest_route=%2Fwp%2Fv2%2Fcomments&post=438349"}],"version-history":[{"count":0,"href":"https:\/\/www.diarioimagen.net\/index.php?rest_route=\/wp\/v2\/posts\/438349\/revisions"}],"wp:attachment":[{"href":"https:\/\/www.diarioimagen.net\/index.php?rest_route=%2Fwp%2Fv2%2Fmedia&parent=438349"}],"wp:term":[{"taxonomy":"category","embeddable":true,"href":"https:\/\/www.diarioimagen.net\/index.php?rest_route=%2Fwp%2Fv2%2Fcategories&post=438349"},{"taxonomy":"post_tag","embeddable":true,"href":"https:\/\/www.diarioimagen.net\/index.php?rest_route=%2Fwp%2Fv2%2Ftags&post=438349"}],"curies":[{"name":"wp","href":"https:\/\/api.w.org\/{rel}","templated":true}]}}