{"id":438354,"date":"2019-08-09T00:09:57","date_gmt":"2019-08-09T05:09:57","guid":{"rendered":"https:\/\/www.diarioimagen.net\/?p=438354"},"modified":"2019-08-09T03:27:48","modified_gmt":"2019-08-09T08:27:48","slug":"cofepris-corrupcion-y-conflicto-de-intereses","status":"publish","type":"post","link":"https:\/\/www.diarioimagen.net\/?p=438354","title":{"rendered":"Cofepris, \u00bfcorrupci\u00f3n y conflicto de intereses?"},"content":{"rendered":"<h2>Poder y dinero<\/h2>\n<h5>V\u00edctor S\u00e1nchez Ba\u00f1os<\/h5>\n<p>&nbsp;<\/p>\n<p style=\"text-align: right;\"><strong><i>Nada se parece tanto a la<span class=\"Apple-converted-space\">\u00a0<\/span><\/i><\/strong><i><strong>ingenuidad como el atrevimiento<\/strong><br \/>\n<\/i><i><strong>Oscar Wilde<\/strong> (1854-1900) Dramaturgo y novelista irland\u00e9s<\/i><\/p>\n<p>&nbsp;<\/p>\n<p><em>#Cofepris #RezagoEnRevisiones #FuncionariosDeMalPasado #Qually #AlfonsoRomo #AlonsoNovelo #ElviraEspinosa #ConflictoDeIntereses # BetoO\u2019Rourke #CiudadJu\u00e1rez #Cabada #Ienova #CFE #CIPanelSolarEmpresarial #Mazda #Volkswagen #Nissan<\/em><\/p>\n<p>&nbsp;<\/p>\n<p>Desde hace algunos d\u00edas han sido recurrentes los se\u00f1alamientos hacia Jos\u00e9 Alonso Novelo Baeza, titular de la Comisi\u00f3n Federal para la Protecci\u00f3n contra Riesgos Sanitarios (Cofepris), por su falta de resultados en la agilizaci\u00f3n de los tr\u00e1mites rezagados que existen en el interior de su dependencia.<\/p>\n<p>En la mesa de trabajo que se llev\u00f3 a cabo la semana pasada en el marco de las actividades del Consejo para el Fomento a la Inversi\u00f3n, dirigido por Alfonso Romo, integrantes de las industrias sometidas a regulaci\u00f3n, denunciaron que ha sido constante la falta de comunicaci\u00f3n con Cofepris para intercambiar ideas, sugerencias y sobre todo, para trabajar en conjunto y acelerar el proceso de los m\u00e1s de 80 mil tr\u00e1mites que se encuentran detenidos en la dependencia de Novelo Baeza.<\/p>\n<p>En su comparecencia ante el Senado el pasado 24 de abril, Novelo se comprometi\u00f3 a limpiar de corrupci\u00f3n la Cofepris y denunci\u00f3 un rezago de m\u00e1s de 29 mil tr\u00e1mites a lo largo de los \u00faltimos 12 a\u00f1os.<span class=\"Apple-converted-space\">\u00a0 <\/span>Ahora, la Iniciativa Privada asegura que de los 80 mil que se encuentran detenidos, m\u00e1s de 20 mil corresponden s\u00f3lo al ramo de farmac\u00e9utica y ni siquiera existe la disponibilidad por parte de la autoridad para que sean atendidos.<\/p>\n<p>Ese mismo d\u00eda (el de la comparecencia), el m\u00e9dico pediatra se pronunci\u00f3 en contra de la figura de los terceros autorizados, a los que se refiri\u00f3: fueron creados debido a una \u201csupuesta incapacidad de la Cofepris para atender a todos los usuarios\u201d.<span class=\"Apple-converted-space\">\u00a0<\/span><\/p>\n<p>Pues bueno, el doctor Novelo no s\u00f3lo ha, pr\u00e1cticamente, triplicado en s\u00f3lo seis meses la cantidad de tr\u00e1mites que se acumularon durante dos sexenios, al parecer, tambi\u00e9n ha cambiado de opini\u00f3n con respecto a los terceros autorizados. Poco despu\u00e9s de tomar las riendas de la agencia regulatoria, Novelo nombr\u00f3 a Elvira Espinosa Guti\u00e9rrez, como Comisionada de Control Anal\u00edtico y Ampliaci\u00f3n de Cobertura, quien ya hab\u00eda trabajado dentro de Cofepris del 2003 al 2010 y que, presuntamente, tuvo que salir por su falta de transparencia y por estar vinculada con un tercero autorizado. Corrupci\u00f3n, pues. Al parecer Elvira Espinosa no ha cambiado mucho desde entonces, pues fuentes del interior de la Comisi\u00f3n aseguran que en los \u00faltimos meses, ha apadrinado el ingreso de algunas personas a la Direcci\u00f3n de Registros de la Comisi\u00f3n de Autorizaci\u00f3n Sanitaria que hasta hace poco se desempe\u00f1aban como trabajadores de Qually, un tercero autorizado para realizar pruebas de laboratorio, biodisponibilidad y bioequivalencia para intercambiabilidad de medicamentos y control anal\u00edtico.<span class=\"Apple-converted-space\">\u00a0<\/span><\/p>\n<p>Si a todo este caso, sumamos la rivalidad que se ha suscitado entre Jos\u00e9 Novelo y Alfonso Romo, quien s\u00ed ha estado trabajando para sumar los esfuerzos de la IP y el gobierno, podemos augurar que, a menos de den resultados, pronto le encontrar\u00e1n un reemplazo al comisionado.<\/p>\n<p><strong>PODEROSOS CABALLEROS:<\/strong> El aspirante a la candidatura presidencial dem\u00f3crata Beto O\u2019Rourke, en Ciudad Ju\u00e1rez, Chihuahua, sostuvo una reuni\u00f3n con el alcalde Armando Cabada y el gobernador, Javier Corral, donde abordaron el atentado en El Paso. El pol\u00edtico dem\u00f3crata por Texas se\u00f1al\u00f3 que el Terrorismo Dom\u00e9stico como se le ha denominado a este ataque en Estados Unidos, tiene su origen en la ret\u00f3rica de odio y racismo que se ha impulsado desde la Casa Blanca.<span class=\"Apple-converted-space\">\u00a0<\/span><\/p>\n<p>*** La empresa Infraestructura Energ\u00e9tica Nova (IEnova) dio a conocer que firm\u00f3 un acuerdo con la CFE para evitar la terminaci\u00f3n anticipada del contrato por el gasoducto Guaymas-El Oro.<span class=\"Apple-converted-space\">\u00a0 <\/span>Dirigida por Tania Ortiz, la empresa detall\u00f3 que es un convenio de suspensi\u00f3n de plazos sobre el contrato celebrado en 2012.<span class=\"Apple-converted-space\">\u00a0<\/span><\/p>\n<p>*** Durante julio de 2019, se produjeron 292 mil 641 coches, uno por ciento menos que el mismo periodo del a\u00f1o pasado, siendo el tercer mes consecutivo de bajas en la producci\u00f3n. Mazda, dirigida por Miguel Barbeyto, Volkswagen, de Edgar Estrada y Nissan, encabezada por Jos\u00e9 Rom\u00e1n, sufrieron las peores ca\u00eddas.<\/p>\n<p><strong>RESPONSABILIDAD SOCIAL CORPORATIVA:<\/strong> CIPanel Solar Empresarial, bajo el liderazgo de Jorge Rangel de alba, dar\u00e1 apoyo para compa\u00f1\u00edas y negocios que adquieran e instalen paneles solares en sus plantas productivas y oficinas.<span class=\"Apple-converted-space\">\u00a0 <\/span>As\u00ed obtendr\u00e1n un ahorro de hasta 100% de su gasto en consumo el\u00e9ctrico y colaboren con el cuidado del medio ambiente.<span class=\"Apple-converted-space\">\u00a0<\/span><\/p>\n<p>La instituci\u00f3n convoc\u00f3 a las grandes firmas y pymes a dejar de consumir electricidad cada vez m\u00e1s cara y contaminante, para cambiar a una energ\u00eda m\u00e1s limpia, barata y altamente disponible en virtud de la alta exposici\u00f3n solar con que cuenta la mayor parte del pa\u00eds. Esc\u00fachame en MVS Radio (102.5 FM) de 21 a 22 hrs. de lunes a viernes en Poder y Dinero. MVSnoticias.com poderydinero.mx vsb@poderydinero.mx @vsanchezbanos<\/p>\n<p><a href=\"http:\/\/poderydinero.mx\" target=\"_blank\" rel=\"noopener noreferrer\"><em>poderydinero.mx<\/em><\/a><em><b><br \/>\n<\/b><a href=\"mailto:vsanchezb@gmail.com\" target=\"_blank\" rel=\"noopener noreferrer\">vsanchezb@gmail.com<br \/>\n<\/a><strong>Twitter:<\/strong><a href=\"https:\/\/twitter.com\/vsanchezbanos\" target=\"_blank\" rel=\"noopener noreferrer\">@vsanchezbano<br \/>\n<\/a><strong>Facebook:\u00a0<\/strong><a href=\"https:\/\/www.facebook.com\/vsanchezbanos?fref=ts\" target=\"_blank\" rel=\"noopener noreferrer\">vsanchezbano<\/a><\/em><\/p>\n","protected":false},"excerpt":{"rendered":"<p><span style=\"color: #005497;\"><strong>V\u00edctor S\u00e1nchez Ba\u00f1os<\/strong><\/span><\/p>\n","protected":false},"author":1,"featured_media":0,"comment_status":"open","ping_status":"open","sticky":false,"template":"","format":"standard","meta":{"_monsterinsights_skip_tracking":false,"_monsterinsights_sitenote_active":false,"_monsterinsights_sitenote_note":"","_monsterinsights_sitenote_category":0,"footnotes":""},"categories":[38844],"tags":[43674,38847,38848],"class_list":["post-438354","post","type-post","status-publish","format-standard","hentry","category-victor-sanchez-banos","tag-opinion","tag-poder-y-dinero","tag-victor-sanchez-banos"],"_links":{"self":[{"href":"https:\/\/www.diarioimagen.net\/index.php?rest_route=\/wp\/v2\/posts\/438354","targetHints":{"allow":["GET"]}}],"collection":[{"href":"https:\/\/www.diarioimagen.net\/index.php?rest_route=\/wp\/v2\/posts"}],"about":[{"href":"https:\/\/www.diarioimagen.net\/index.php?rest_route=\/wp\/v2\/types\/post"}],"author":[{"embeddable":true,"href":"https:\/\/www.diarioimagen.net\/index.php?rest_route=\/wp\/v2\/users\/1"}],"replies":[{"embeddable":true,"href":"https:\/\/www.diarioimagen.net\/index.php?rest_route=%2Fwp%2Fv2%2Fcomments&post=438354"}],"version-history":[{"count":0,"href":"https:\/\/www.diarioimagen.net\/index.php?rest_route=\/wp\/v2\/posts\/438354\/revisions"}],"wp:attachment":[{"href":"https:\/\/www.diarioimagen.net\/index.php?rest_route=%2Fwp%2Fv2%2Fmedia&parent=438354"}],"wp:term":[{"taxonomy":"category","embeddable":true,"href":"https:\/\/www.diarioimagen.net\/index.php?rest_route=%2Fwp%2Fv2%2Fcategories&post=438354"},{"taxonomy":"post_tag","embeddable":true,"href":"https:\/\/www.diarioimagen.net\/index.php?rest_route=%2Fwp%2Fv2%2Ftags&post=438354"}],"curies":[{"name":"wp","href":"https:\/\/api.w.org\/{rel}","templated":true}]}}