{"id":438357,"date":"2019-08-09T00:08:34","date_gmt":"2019-08-09T05:08:34","guid":{"rendered":"https:\/\/www.diarioimagen.net\/?p=438357"},"modified":"2019-08-09T03:27:55","modified_gmt":"2019-08-09T08:27:55","slug":"trump-autor-intelectual-de-crimenes-de-odio","status":"publish","type":"post","link":"https:\/\/www.diarioimagen.net\/?p=438357","title":{"rendered":"Trump, \u00bfautor intelectual de cr\u00edmenes de odio?"},"content":{"rendered":"<h2>Clase Pol\u00edtica<\/h2>\n<h5>Miguel \u00c1ngel Rivera<\/h5>\n<p>&nbsp;<\/p>\n<p>Con cierta periodicidad, por lo menos una vez cada a\u00f1o, el Departamento de Estado de los Estados Unidos, da a conocer una clasificaci\u00f3n de los pa\u00edses que potencialmente resultan m\u00e1s peligrosos para sus ciudadanos y llega al grado de recomendar que no viajen a esas naciones o, por lo menos, a algunas de sus regiones.<\/p>\n<p>Luego del tiroteo ocurrido el s\u00e1bado anterior en El Paso, Texas, como resultado del cual murieron por lo menos seis mexicanos y resultaron heridos otros nueve, el gobierno de M\u00e9xico deber\u00eda hacer otro tanto y recomendar a nuestros paisanos no cruzar la l\u00ednea divisoria.<\/p>\n<p>Y, ya en plan de dar salida a \u201csue\u00f1os de opio\u201d, deber\u00eda emprenderse una acci\u00f3n legal contra el presidente de los Estados Unidos, Donald Trump, como autor intelectual de esos y otros cr\u00edmenes masivos ocurridos en su pa\u00eds como resultado de su permanente cantaleta que culpa a los extranjeros \u2013en especial a los mexicanos\u2013 de todos los males que ocurren en su territorio y nada hace para controlar la venta de armas que permite adquirirlas a j\u00f3venes de 21 a\u00f1os, como el presunto responsable del grave atentado en una tienda Walmart de El Paso.<\/p>\n<p>Las primeras investigaciones en torno a la masacre en la ciudad fronteriza indican que el autor del atentado incurri\u00f3 en un crimen de odio racial. Existen testimonios de que pretend\u00eda\u00a0\u201cmatar a tantos mexicanos como fuera posible\u201d. Tambi\u00e9n se hizo referencia a un supuesto manifiesto en el que advierte del \u201creemplazo de la gente de raza blanca por extranjeros\u201d.<\/p>\n<p>Tambi\u00e9n resultar\u00eda demasiado exigir que personas con tan evidentes limitaciones de raciocinio est\u00e9n conscientes de que antes de ser un pa\u00eds \u201cindependiente\u201d y de incorporarse a la Uni\u00f3n Americana, el enorme estado de Texas estaba poblado mayoritariamente por mexicanos, muchos de los cuales permanecieron en sus lugares de origen, aun a riesgo de ser despojados de sus bienes y sus derechos por los blancos entonces reci\u00e9n llegados.<\/p>\n<p>El presunto multihomicida,\u00a0Patrick Crusius, aunque al parecer tiene estudios universitarios, no le concedi\u00f3 gran relevancia al hecho de que, durante la Guerra Civil de los Estados Unidos, su natal Texas se aline\u00f3 con los estados esclavistas, impulsado por otros migrantes que, como \u00e9l, est\u00e1n convencidos de la \u201csupremac\u00eda blanca\u201d.<\/p>\n<p>Tales convicciones han sido reafirmadas en tiempos recientes por la propaganda de un presidente que desea erigir un muro entre los Estados Unidos y M\u00e9xico, cuyo tramo m\u00e1s extenso comprende el enorme territorio de Texas, que colinda con el estados mexicanos de Chihuahua, Coahuila, Nuevo Le\u00f3n y Tamaulipas.<\/p>\n<p>El presidente Andr\u00e9s Manuel L\u00f3pez Obrador, como siempre, reaccion\u00f3 a corto plazo y anunci\u00f3 estar al pendiente de los deudos de las v\u00edctimas y revel\u00f3 que dio instrucciones al secretario de Relaciones Exteriores, Marcelo Ebrard, de atender esta tragedia.<\/p>\n<p>Ebrard se\u00f1al\u00f3 que el gobierno de M\u00e9xico interpondr\u00e1 una denuncia por terrorismo contra connacionales.<\/p>\n<p>Que yo sepa, dijo el titular de Relaciones Exteriores, \u201cser\u00e1 la primera demanda de ese tipo en la historia\u201d. Indic\u00f3 que esta demanda permitir\u00e1 que M\u00e9xico tenga acceso a toda la investigaci\u00f3n correspondiente para valorar si hay otros involucrados, respetando el \u00e1mbito legal, de acuerdo con los tratados que el pa\u00eds ha suscrito. Esa tarea estar\u00e1 a cargo de la Fiscal\u00eda General de la Rep\u00fablica.<\/p>\n<p>A su vez, el beligerante mandatario de los Estados Unidos, Donald Trump, asegur\u00f3 que \u201cno hay lugar para el odio\u201d y atribuy\u00f3 los hechos violentos a \u201cproblemas mentales\u201d. Lo que no aclar\u00f3 es de qui\u00e9n son esos \u201cproblemas mentales\u201d.<\/p>\n<p>Esta precisi\u00f3n es necesaria, porque al tiempo que avanzaban las pesquisas en torno a la masacre de Texas, los medios de comunicaci\u00f3n de Estados Unidos y del resto del mundo se llenaron con los reportes de otras tres balaceras. Una en Ohio y dos m\u00e1s en\u00a0Chicago, Illinois, con lo que suman cuatro ataques armados en menos de 24 horas.<\/p>\n<p>En Dayton, Ohio, al menos 10 personas fallecieron y otras 27 resultaron heridas, en un tiroteo ocurrido de madrugada en una popular zona de diversi\u00f3n. Entre las v\u00edctimas est\u00e1n el sospechoso, Connor Betts, y su hermana Megan, de 22 a\u00f1os.<\/p>\n<p>En Chicago, el primer incidente ocurri\u00f3 en el Douglas Park, que dej\u00f3 como saldo al menos a 7 personas heridas, una de ellas grave, cuando las v\u00edctimas se encontraban en una cena al aire libre y un autom\u00f3vil en marcha comenz\u00f3 a dispararles.<\/p>\n<p>Pocos momentos despu\u00e9s de ese ataque, ocurri\u00f3 un nuevo tiroteo a unas cuadras del parque mencionado. Dos mujeres resultaron lesionadas cuando cerca de las 2:30 de la ma\u00f1ana un hombre dispar\u00f3 a la pareja que estaba de pie sobre la calle South Troy. Ning\u00fan sospechoso ha sido detenido.<\/p>\n<p>M\u00e1s severos en contra de Donald Trump fueron los pol\u00edticos de su pa\u00eds.<\/p>\n<p>Miembros de opositor Partido Dem\u00f3crata demandaron acciones m\u00e1s estrictas para el control de armas, mientras que otros vieron conexiones con un resurgimiento del nacionalismo blanco y la pol\u00edtica xen\u00f3foba en el pa\u00eds.<\/p>\n<p>\u201cDonald Trump es responsable de esto. \u00c9l es responsable porque est\u00e1 avivando los temores, el odio y la intolerancia\u201d, dijo el senador Cory Booker, precandidato dem\u00f3crata a la elecci\u00f3n presidencial 2020. Beto O\u2019Rourke, ex congresista dem\u00f3crata de El Paso, afirm\u00f3 que cre\u00eda que Trump era un nacionalista blanco cuya ret\u00f3rica antiinmigrante aviv\u00f3 las divisiones. \u201cEs un racista declarado y abierto y est\u00e1 alentando m\u00e1s racismo en este pa\u00eds\u201d.<\/p>\n<p>Trump escribi\u00f3 en Twitter que el tiroteo de El Paso era \u201cun acto de cobard\u00eda\u201d e inform\u00f3 que las autoridades estatales y locales trabajan juntas para investigar ambos ataques, pero los medios de su pa\u00eds destacan que no ha hecho una declaraci\u00f3n p\u00fablica aparte de sus publicaciones en Twitter.<\/p>\n<p style=\"text-align: center;\"><b>La Cosecha<\/b><\/p>\n<p>En asuntos dom\u00e9sticos, el coordinador del PAN en la C\u00e1mara de Diputados, Juan Carlos Romero Hicks, pidi\u00f3 al gobierno del presidente L\u00f3pez Obrador corregir el \u201cmediocre\u201d crecimiento econ\u00f3mico de primer semestre y a echar mano de todos los instrumentos necesarios para revitalizar los sectores detonantes de la inversi\u00f3n y el empleo.<\/p>\n<p>\u201cMientras el Presidente de la Rep\u00fablica siga pensando que en materia econ\u00f3mica hace lo correcto, no pasaremos de tener un crecimiento mediocre. \u201cCrecer en el \u00faltimo trimestre 0.1 por ciento es conformista y por eso lo invitamos a que corrija y para el 2020 presente un paquete econ\u00f3mico realista, pero sin las restricciones que este a\u00f1o impidieron la creaci\u00f3n de empleos y la confianza de los inversionistas: austeridad, s\u00ed; austericidio, no\u201d, sostuvo el legislador.<\/p>\n<p>El panista indic\u00f3 que el resto a superar consiste en recuperar el crecimiento atendiendo a datos duros, dejando de lado el modelo voluntarista y personalista de pretender con buenos deseos imprimir dinamismo a los sectores productivos del pa\u00eds.<\/p>\n<p>\u201cHacemos un llamado a que el gobierno federal haga los cambios necesarios con mesura y sin disparar la inflaci\u00f3n y el tipo de cambio; nuestro pa\u00eds debe estar preparado para echar mano de manera inteligente de los instrumentos necesarios que revitalicen los sectores detonantes de inversi\u00f3n y empleo\u201d, manifest\u00f3 Romero Hicks.<span class=\"Apple-converted-space\">\u00a0<\/span><\/p>\n<p>El coordinador panista anticip\u00f3 que su fracci\u00f3n parlamentaria solicitar\u00e1 una reuni\u00f3n en comisiones con los funcionarios de la Secretar\u00eda de Hacienda para que informen c\u00f3mo y d\u00f3nde se invertir\u00e1n los 121 mil millones de pesos que se tomar\u00e1n del Fondo de Estabilizaci\u00f3n de Ingresos Presupuestarios (FEIP) para reforzar el gasto p\u00fablico en lo que resta del a\u00f1o.<\/p>\n<p>Para que se vea que M\u00e9xico s\u00ed cumple sus compromisos:\u00a0En lo que va del a\u00f1o, nuestro pa\u00eds rompi\u00f3 r\u00e9cord en devoluciones de migrantes a Centroam\u00e9rica, debido a las medidas como el despliegue de la Guardia Nacional en la frontera sur, report\u00f3 la Organizaci\u00f3n Internacional para las Migraciones (OIM), en el estudio \u201cTendencias Migratorias en Centroam\u00e9rica, Norteam\u00e9rica y el Caribe\u201d, publicado en junio del presente a\u00f1o.<\/p>\n<p>\u201cEn los primeros siete meses del a\u00f1o fiscal 2019 (del 1 de octubre al 30 de abril), la cantidad de aprehensiones en la frontera con M\u00e9xico super\u00f3 la cifra total del a\u00f1o fiscal 2018 (del 1 de octubre al 30 de septiembre), en 16 por ciento\u201d, destac\u00f3 el organismo, el cual revela tambi\u00e9n que s\u00f3lo en el primer semestre de 2019, M\u00e9xico regres\u00f3 a 130 mil 985 migrantes del llamado Tri\u00e1ngulo Norte, conformado por El Salvador, Guatemala y Honduras.<\/p>\n<p><em><a href=\"mailto:riverapaz@infinitummail.com\" target=\"_blank\" rel=\"noopener noreferrer\">riverapaz@infinitummail.com<\/a><\/em><\/p>\n","protected":false},"excerpt":{"rendered":"<p><span style=\"color: #005497;\"><strong>Miguel \u00c1ngel Rivera<\/strong><\/span><\/p>\n","protected":false},"author":1,"featured_media":0,"comment_status":"open","ping_status":"open","sticky":false,"template":"","format":"standard","meta":{"_monsterinsights_skip_tracking":false,"_monsterinsights_sitenote_active":false,"_monsterinsights_sitenote_note":"","_monsterinsights_sitenote_category":0,"footnotes":""},"categories":[84119],"tags":[84120,84121,43674],"class_list":["post-438357","post","type-post","status-publish","format-standard","hentry","category-miguel-angel-rivera","tag-clase-politica","tag-miguel-angel-rivera","tag-opinion"],"_links":{"self":[{"href":"https:\/\/www.diarioimagen.net\/index.php?rest_route=\/wp\/v2\/posts\/438357","targetHints":{"allow":["GET"]}}],"collection":[{"href":"https:\/\/www.diarioimagen.net\/index.php?rest_route=\/wp\/v2\/posts"}],"about":[{"href":"https:\/\/www.diarioimagen.net\/index.php?rest_route=\/wp\/v2\/types\/post"}],"author":[{"embeddable":true,"href":"https:\/\/www.diarioimagen.net\/index.php?rest_route=\/wp\/v2\/users\/1"}],"replies":[{"embeddable":true,"href":"https:\/\/www.diarioimagen.net\/index.php?rest_route=%2Fwp%2Fv2%2Fcomments&post=438357"}],"version-history":[{"count":0,"href":"https:\/\/www.diarioimagen.net\/index.php?rest_route=\/wp\/v2\/posts\/438357\/revisions"}],"wp:attachment":[{"href":"https:\/\/www.diarioimagen.net\/index.php?rest_route=%2Fwp%2Fv2%2Fmedia&parent=438357"}],"wp:term":[{"taxonomy":"category","embeddable":true,"href":"https:\/\/www.diarioimagen.net\/index.php?rest_route=%2Fwp%2Fv2%2Fcategories&post=438357"},{"taxonomy":"post_tag","embeddable":true,"href":"https:\/\/www.diarioimagen.net\/index.php?rest_route=%2Fwp%2Fv2%2Ftags&post=438357"}],"curies":[{"name":"wp","href":"https:\/\/api.w.org\/{rel}","templated":true}]}}