{"id":438452,"date":"2019-08-12T00:01:11","date_gmt":"2019-08-12T05:01:11","guid":{"rendered":"https:\/\/www.diarioimagen.net\/?p=438452"},"modified":"2019-08-12T06:23:03","modified_gmt":"2019-08-12T11:23:03","slug":"el-iv-congreso-internacional-de-la-afeet-sera-los-dias-15-y-16-de-este-mes-en-la-universidad-anahuac-mexico-campus-norte","status":"publish","type":"post","link":"https:\/\/www.diarioimagen.net\/?p=438452","title":{"rendered":"El IV Congreso Internacional de la AFEET ser\u00e1 los d\u00edas 15 y 16 de este mes en la Universidad An\u00e1huac M\u00e9xico Campus Norte"},"content":{"rendered":"<h2>De cinco estrellas<\/h2>\n<h5>Victoria Gonz\u00e1lez Prado<\/h5>\n<p>&nbsp;<\/p>\n<ul>\n<li><strong>Sofitel Mexico City Reforma<\/strong><em><strong> abrir\u00e1 en septiembre pr\u00f3ximo con lo \u00faltimo del lujo franc\u00e9s en M\u00e9xico<\/strong><\/em><\/li>\n<li><em><strong>Por tercera ocasi\u00f3n, Viva Aerob\u00fas super\u00f3 r\u00e9cord de pasajeros, al sumar m\u00e1s de un mill\u00f3n 200 mil en julio<\/strong><\/em><\/li>\n<\/ul>\n<p>&nbsp;<\/p>\n<div id=\"attachment_438541\" style=\"width: 470px\" class=\"wp-caption aligncenter\"><a href=\"https:\/\/www.diarioimagen.net\/?attachment_id=438541\" rel=\"attachment wp-att-438541\"><img loading=\"lazy\" decoding=\"async\" aria-describedby=\"caption-attachment-438541\" class=\"size-large wp-image-438541\" src=\"https:\/\/www.diarioimagen.net\/wp-content\/uploads\/2019\/08\/1-460x405.jpg\" alt=\"\" width=\"460\" height=\"405\" srcset=\"https:\/\/www.diarioimagen.net\/wp-content\/uploads\/2019\/08\/1-460x405.jpg 460w, https:\/\/www.diarioimagen.net\/wp-content\/uploads\/2019\/08\/1-240x211.jpg 240w, https:\/\/www.diarioimagen.net\/wp-content\/uploads\/2019\/08\/1.jpg 700w\" sizes=\"auto, (max-width: 460px) 100vw, 460px\" \/><\/a><p id=\"caption-attachment-438541\" class=\"wp-caption-text\">Yarla Covarrubias.<\/p><\/div>\n<p>&nbsp;<\/p>\n<p><strong>Yarla Covarrubias<\/strong>, presidenta de la Asociaci\u00f3n Femenil de Ejecutivas de Empresas Tur\u00edsticas (AFEET), durante la octava Junta Reglamentaria de agosto, invit\u00f3 a todas las socias y profesionales de la industria tur\u00edstica al IV Congreso Internacional, para que asistan los d\u00edas 15 y 16 de este mes en la Universidad An\u00e1huac M\u00e9xico Campus Norte.<\/p>\n<p>Por cuarto a\u00f1o consecutivo la AFEET brinda capacitaci\u00f3n y actualizaci\u00f3n a sus socias en temas que representan desaf\u00edos en la industria tur\u00edstica de M\u00e9xico y el mundo, con ponencias impartidas por profesionales del sector de talla internacional.<\/p>\n<p>En esta ocasi\u00f3n se contar\u00e1 con la presencia de <strong>Gloria Guevara Manzo<\/strong>, presidenta y CEO del <em>World Travel &amp; Tourism Council<\/em> (WTTC), <strong>Miguel Torruco Marqu\u00e9s<\/strong>, secretario de Turismo federal y, <strong>Alejandro Zozaya<\/strong>, CEO de <em>Apple Leisure Group. <\/em><\/p>\n<p>Adem\u00e1s, la participaran: <strong>Francisco Madrid<\/strong>, director de la Facultad de Turismo de la Universidad An\u00e1huac Norte; <strong>Luis Barrios<\/strong>, CEO de Hoteles <em>City Express<\/em> y <strong>Jos\u00e9 Luis Castro<\/strong>, CEO de <em>Corporate Travel Services,<\/em> quien presentar\u00e1 el tema \u201cDesaf\u00edos del crecimiento tur\u00edstico en M\u00e9xico en un tiempo disruptivo\u201d.<\/p>\n<p>Tambi\u00e9n estar\u00e1n <strong>Ignacio Cabrera<\/strong>, reci\u00e9n nombrado director general del Programa de Promoci\u00f3n Tur\u00edstica de la Secretar\u00eda de Relaciones Exteriores (SRE), con la ponencia \u201cMisi\u00f3n del Consejo de Diplomacia Tur\u00edstica de M\u00e9xico\u201d y <strong>Esteban Vel\u00e1squez<\/strong>, vicepresidente de Latinoam\u00e9rica y el Caribe de <em>Sabre Corporation<\/em>, con el tema \u201cDesaf\u00edos de la Desintermediaci\u00f3n A\u00e9rea\u201d.<\/p>\n<p>Como ya es costumbre en las juntas reglamentarias se cuenta con anfitri\u00f3n que brinda todas las facilidades para la realizaci\u00f3n de las juntas, en esta ocasi\u00f3n fue <strong>Giselle Pleuger<\/strong>, directora de Ventas M\u00e9xico del hotel Grand Fiesta Americana Chapultepec, inmueble que cuenta con 203 habitaciones, excelente ubicaci\u00f3n y vista privilegiada al bosque y Castillo de Chapultepec.<\/p>\n<p>De igual forma, se cont\u00f3 con la participaci\u00f3n de <strong>Cuitl\u00e1huac Guti\u00e9rrez<\/strong>, gerente Regional de la <em>International Air Transport Association<\/em> (IATA), qui\u00e9n expuso temas relacionados con la industria de transporte a\u00e9reo, como infraestructura y tecnolog\u00eda, temas que fueron abordados en el <em>Aviation Summit M\u00e9xico<\/em>, que reuni\u00f3 a representantes de las aerol\u00edneas nacionales y gubernamentales.<\/p>\n<p>Asegur\u00f3 que \u201cpa\u00eds como el nuestro donde el transporte a\u00e9reo es muy importante para la industria tur\u00edstica, nos deja ver realmente el valor que representa este sector. Este a\u00f1o deberemos de estar cruzando el umbral de los 100 millones de pasajeros al a\u00f1o, lo que convierte a M\u00e9xico en un polo muy importante y estrat\u00e9gico para la regi\u00f3n\u201d.<\/p>\n<p><strong>Guti\u00e9rrez<\/strong> a\u00f1adi\u00f3 que en los \u00faltimos a\u00f1os, la Ciudad de M\u00e9xico y Canc\u00fan son los dos destinos m\u00e1s conectados de la regi\u00f3n, incluso por encima de nuestro pa\u00eds vecino Estados Unidos. \u201cEsto ha sido generado por la explosi\u00f3n que ha habido en este mercado.<\/p>\n<p>Para concluir mencion\u00f3 a los cinco pa\u00edses con m\u00e1s viajeros: Francia, Alemania, China, Estados Unidos y Reino Unido.<\/p>\n<p>Para concluir la junta reglamentaria, <strong>Yarla Covarrubias<\/strong> dio la bienvenida a dos nuevas socias: <strong>Nohem\u00ed Hern\u00e1ndez<\/strong>, directora general de <em>Continental Assist<\/em>, con m\u00e1s de 29 a\u00f1os de experiencia en seguros en el \u00e1rea de ventas y negocios multinacionales y, <strong>Maricarmen Maldonado<\/strong>, gerente de cuenta de Las Vegas para M\u00e9xico y Am\u00e9rica Central, experimentada mercadologa que representa ese destino\u00a0 en nuestro pa\u00eds.<\/p>\n<div id=\"attachment_438542\" style=\"width: 470px\" class=\"wp-caption aligncenter\"><a href=\"https:\/\/www.diarioimagen.net\/?attachment_id=438542\" rel=\"attachment wp-att-438542\"><img loading=\"lazy\" decoding=\"async\" aria-describedby=\"caption-attachment-438542\" class=\"size-large wp-image-438542\" src=\"https:\/\/www.diarioimagen.net\/wp-content\/uploads\/2019\/08\/2-460x184.jpg\" alt=\"\" width=\"460\" height=\"184\" srcset=\"https:\/\/www.diarioimagen.net\/wp-content\/uploads\/2019\/08\/2-460x184.jpg 460w, https:\/\/www.diarioimagen.net\/wp-content\/uploads\/2019\/08\/2-240x96.jpg 240w, https:\/\/www.diarioimagen.net\/wp-content\/uploads\/2019\/08\/2.jpg 700w\" sizes=\"auto, (max-width: 460px) 100vw, 460px\" \/><\/a><p id=\"caption-attachment-438542\" class=\"wp-caption-text\">Giselle Pleuger, Nohem\u00ed Hern\u00e1ndez, Maricarmen Maldonado y Cuitl\u00e1huac Guti\u00e9rrez.<\/p><\/div>\n<p>&nbsp;<\/p>\n<div id=\"attachment_438540\" style=\"width: 310px\" class=\"wp-caption alignleft\"><a href=\"https:\/\/www.diarioimagen.net\/?attachment_id=438540\" rel=\"attachment wp-att-438540\"><img loading=\"lazy\" decoding=\"async\" aria-describedby=\"caption-attachment-438540\" class=\" wp-image-438540\" src=\"https:\/\/www.diarioimagen.net\/wp-content\/uploads\/2019\/08\/3-460x460.jpg\" alt=\"\" width=\"300\" height=\"300\" srcset=\"https:\/\/www.diarioimagen.net\/wp-content\/uploads\/2019\/08\/3-460x460.jpg 460w, https:\/\/www.diarioimagen.net\/wp-content\/uploads\/2019\/08\/3-150x150.jpg 150w, https:\/\/www.diarioimagen.net\/wp-content\/uploads\/2019\/08\/3-240x240.jpg 240w, https:\/\/www.diarioimagen.net\/wp-content\/uploads\/2019\/08\/3-50x50.jpg 50w, https:\/\/www.diarioimagen.net\/wp-content\/uploads\/2019\/08\/3-75x75.jpg 75w, https:\/\/www.diarioimagen.net\/wp-content\/uploads\/2019\/08\/3-70x70.jpg 70w, https:\/\/www.diarioimagen.net\/wp-content\/uploads\/2019\/08\/3.jpg 700w\" sizes=\"auto, (max-width: 300px) 100vw, 300px\" \/><\/a><p id=\"caption-attachment-438540\" class=\"wp-caption-text\">El nuevo hotel en Paseo de la Reforma.<\/p><\/div>\n<p>\u2730\u2730\u2730\u2730\u2730 <em>Sofitel Mexico City Reforma<\/em> abrir\u00e1 sus puertas en septiembre pr\u00f3ximo con lo \u00faltimo del lujo franc\u00e9s en M\u00e9xico. El inmueble est\u00e1 ubicado en la esquina de R\u00edo Danubio y Paseo de la Reforma.<\/p>\n<p><strong>Sylvain Chauvet<\/strong>, director general <em>del Sofitel Mexico City Reforma<\/em> asegur\u00f3: \u201cla entrada de la marca a M\u00e9xico es importante por varias razones: entramos en\u00a0 mercado que ha gustado siempre del buen vivir y la elegancia, adem\u00e1s de ser un pa\u00eds enorme con un potencial a\u00fan no del todo descubierto y tenemos la seguridad de que es la mejor opci\u00f3n para los clientes cada vez m\u00e1s exigentes\u201d.<\/p>\n<p>El esp\u00edritu de <em>Sofitel<\/em> se encuentra en cada una de sus 275 habitaciones, de las cuales 50 son <em>Suites<\/em> y de ellas la Imperial.<\/p>\n<p>Cabe destacar, dijo <strong>Sylvain Chauvet<\/strong>, que es la marca internacional m\u00e1s conocida de hoteles de lujo originaria de Francia y, representa a nivel mundial el estilo, cultura y arte del vivir franc\u00e9s\u201d.<\/p>\n<div id=\"attachment_438543\" style=\"width: 310px\" class=\"wp-caption alignleft\"><a href=\"https:\/\/www.diarioimagen.net\/?attachment_id=438543\" rel=\"attachment wp-att-438543\"><img loading=\"lazy\" decoding=\"async\" aria-describedby=\"caption-attachment-438543\" class=\" wp-image-438543\" src=\"https:\/\/www.diarioimagen.net\/wp-content\/uploads\/2019\/08\/4-430x460.jpg\" alt=\"\" width=\"300\" height=\"321\" srcset=\"https:\/\/www.diarioimagen.net\/wp-content\/uploads\/2019\/08\/4-430x460.jpg 430w, https:\/\/www.diarioimagen.net\/wp-content\/uploads\/2019\/08\/4-225x240.jpg 225w, https:\/\/www.diarioimagen.net\/wp-content\/uploads\/2019\/08\/4.jpg 700w\" sizes=\"auto, (max-width: 300px) 100vw, 300px\" \/><\/a><p id=\"caption-attachment-438543\" class=\"wp-caption-text\">La aerol\u00ednea super\u00f3 pasajeros transportados.<\/p><\/div>\n<p>\u2730\u2730\u2730\u2730\u2730 Viva Aerob\u00fas inform\u00f3 que en julio transport\u00f3 m\u00e1s de 1.2 millones de pasajeros, cifra que supera por tercera vez consecutiva su r\u00e9cord de pasajeros mensuales y le significa un crecimiento del 21 por ciento en comparaci\u00f3n con el mismo periodo del a\u00f1o anterior.<\/p>\n<p>De acuerdo con su reporte mensual, la aerol\u00ednea de ultra bajo costo suma m\u00e1s de 6.5 millones de viajeros trasportados durante los primeros siete meses del a\u00f1o, incremento interanual del 19 por ciento con respecto al a\u00f1o anterior.<\/p>\n<p><strong>Juan Carlos Zuazua<\/strong>, director general de Viva Aerob\u00fas dijo: \u201ceste a\u00f1o, hemos incorporado\u00a017 rutas a nuestra oferta, expansi\u00f3n respaldada por\u00a0las cinco nuevas aeronaves\u00a0recibidas\u201d.<\/p>\n<p>As\u00ed, durante el s\u00e9ptimo mes del a\u00f1o, la aerol\u00ednea report\u00f3 que su demanda (medida en ingresos de pasajero por kil\u00f3metro o RPK) marc\u00f3 alza del 26.78 por ciento, asimismo su capacidad (calculada en asiento disponible por kil\u00f3metro) creci\u00f3 30.74 por ciento; ambos indicadores en comparativa con julio del 2018.<\/p>\n<p>En el acumulado, su oferta registr\u00f3 variaci\u00f3n positiva del 23.51 por ciento y su tr\u00e1fico suma 23.05 por ciento, esto frente a lo conseguido en 2018.<\/p>\n<p><strong>\u201cEl \u00e1ngel de la fama tiene sus alas hechas de papel&#8230; peri\u00f3dico\u201d.<\/strong><\/p>\n<p><span class=\"Apple-converted-space\"><em><a href=\"mailto:victoriagprado@gmail.com\" target=\"_blank\" rel=\"noopener noreferrer\">victoriagprado@gmail.com<\/a><\/em><br \/>\n<em>Twitter: <a href=\"https:\/\/twitter.com\/victoriagprado\" target=\"_blank\" rel=\"noopener noreferrer\">@victoriagprado<\/a><\/em><\/span><\/p>\n","protected":false},"excerpt":{"rendered":"<p><strong>Yarla Covarrubias<\/strong>, presidenta de la Asociaci\u00f3n Femenil de Ejecutivas de Empresas Tur\u00edsticas (AFEET), durante la octava Junta Reglamentaria de agosto, invit\u00f3 a todas las socias y profesionales de la industria tur\u00edstica al IV Congreso Internacional, para que asistan los d\u00edas 15 y 16 de este mes en la Universidad An\u00e1huac M\u00e9xico Campus Norte.<\/p>\n","protected":false},"author":3,"featured_media":438541,"comment_status":"open","ping_status":"open","sticky":false,"template":"","format":"standard","meta":{"_monsterinsights_skip_tracking":false,"_monsterinsights_sitenote_active":false,"_monsterinsights_sitenote_note":"","_monsterinsights_sitenote_category":0,"footnotes":""},"categories":[11],"tags":[107,43674,43681,106],"class_list":["post-438452","post","type-post","status-publish","format-standard","has-post-thumbnail","hentry","category-turismo","tag-de-cinco-estrellas","tag-opinion","tag-turismo","tag-victoria-gonzalez-prado"],"_links":{"self":[{"href":"https:\/\/www.diarioimagen.net\/index.php?rest_route=\/wp\/v2\/posts\/438452","targetHints":{"allow":["GET"]}}],"collection":[{"href":"https:\/\/www.diarioimagen.net\/index.php?rest_route=\/wp\/v2\/posts"}],"about":[{"href":"https:\/\/www.diarioimagen.net\/index.php?rest_route=\/wp\/v2\/types\/post"}],"author":[{"embeddable":true,"href":"https:\/\/www.diarioimagen.net\/index.php?rest_route=\/wp\/v2\/users\/3"}],"replies":[{"embeddable":true,"href":"https:\/\/www.diarioimagen.net\/index.php?rest_route=%2Fwp%2Fv2%2Fcomments&post=438452"}],"version-history":[{"count":0,"href":"https:\/\/www.diarioimagen.net\/index.php?rest_route=\/wp\/v2\/posts\/438452\/revisions"}],"wp:featuredmedia":[{"embeddable":true,"href":"https:\/\/www.diarioimagen.net\/index.php?rest_route=\/wp\/v2\/media\/438541"}],"wp:attachment":[{"href":"https:\/\/www.diarioimagen.net\/index.php?rest_route=%2Fwp%2Fv2%2Fmedia&parent=438452"}],"wp:term":[{"taxonomy":"category","embeddable":true,"href":"https:\/\/www.diarioimagen.net\/index.php?rest_route=%2Fwp%2Fv2%2Fcategories&post=438452"},{"taxonomy":"post_tag","embeddable":true,"href":"https:\/\/www.diarioimagen.net\/index.php?rest_route=%2Fwp%2Fv2%2Ftags&post=438452"}],"curies":[{"name":"wp","href":"https:\/\/api.w.org\/{rel}","templated":true}]}}