{"id":438454,"date":"2019-08-12T00:09:49","date_gmt":"2019-08-12T05:09:49","guid":{"rendered":"https:\/\/www.diarioimagen.net\/?p=438454"},"modified":"2019-08-12T06:26:04","modified_gmt":"2019-08-12T11:26:04","slug":"alfredo-barrera-inaugura-muestra-fotografica-colectiva-ser-uaemex","status":"publish","type":"post","link":"https:\/\/www.diarioimagen.net\/?p=438454","title":{"rendered":"Alfredo Barrera inaugura muestra fotogr\u00e1fica colectiva \u201cSer UAEM\u00e9x\u201d"},"content":{"rendered":"<ul>\n<li><strong><em>Participan 26 alumnos, 27 egresados y tres aficionados<\/em><\/strong><\/li>\n<\/ul>\n<p>&nbsp;<\/p>\n<div id=\"attachment_438546\" style=\"width: 470px\" class=\"wp-caption aligncenter\"><a href=\"https:\/\/www.diarioimagen.net\/?attachment_id=438546\" rel=\"attachment wp-att-438546\"><img loading=\"lazy\" decoding=\"async\" aria-describedby=\"caption-attachment-438546\" class=\"size-large wp-image-438546\" src=\"https:\/\/www.diarioimagen.net\/wp-content\/uploads\/2019\/08\/UAEM-12-460x259.jpg\" alt=\"\" width=\"460\" height=\"259\" srcset=\"https:\/\/www.diarioimagen.net\/wp-content\/uploads\/2019\/08\/UAEM-12-460x259.jpg 460w, https:\/\/www.diarioimagen.net\/wp-content\/uploads\/2019\/08\/UAEM-12-240x135.jpg 240w, https:\/\/www.diarioimagen.net\/wp-content\/uploads\/2019\/08\/UAEM-12-235x132.jpg 235w, https:\/\/www.diarioimagen.net\/wp-content\/uploads\/2019\/08\/UAEM-12-202x114.jpg 202w, https:\/\/www.diarioimagen.net\/wp-content\/uploads\/2019\/08\/UAEM-12-350x196.jpg 350w, https:\/\/www.diarioimagen.net\/wp-content\/uploads\/2019\/08\/UAEM-12-220x123.jpg 220w, https:\/\/www.diarioimagen.net\/wp-content\/uploads\/2019\/08\/UAEM-12-237x132.jpg 237w, https:\/\/www.diarioimagen.net\/wp-content\/uploads\/2019\/08\/UAEM-12.jpg 480w\" sizes=\"auto, (max-width: 460px) 100vw, 460px\" \/><\/a><p id=\"caption-attachment-438546\" class=\"wp-caption-text\">El rector Alfredo Barrera Baca inaugur\u00f3 la muestra fotogr\u00e1fica colectiva \u201cSer UAEM\u00e9x\u201d, en el Corredor Cultural Universitario.<\/p><\/div>\n<p>&nbsp;<\/p>\n<p><strong>Toluca, Estado de M\u00e9xico<\/strong>.\u2013 El rector de la Universidad Aut\u00f3noma del Estado de M\u00e9xico, Alfredo Barrera Baca, inaugur\u00f3 la muestra fotogr\u00e1fica colectiva \u201cSer UAEM\u00e9x\u201d, en el Corredor Cultural Universitario, ubicado en las inmediaciones de las facultades de Antropolog\u00eda, Planeaci\u00f3n Urbana y Regional, Odontolog\u00eda y Lenguas, as\u00ed como la Cl\u00ednica Multidisciplinaria de Salud, el Hospital de Peque\u00f1as Especies y la Unidad Deportiva \u201cLic. Adolfo L\u00f3pez Mateos\u201d.<\/p>\n<p>En este marco, el rector expres\u00f3 que la exposici\u00f3n, en la que participan 26 alumnos, 27 egresados y tres aficionados al patrimonio cultural de la instituci\u00f3n, retrata a la m\u00e1xima casa de estudios mexiquense como la ven los universitarios. \u201cEs una muestra de c\u00f3mo nos vemos a nosotros mismos\u201d.<\/p>\n<p>En la Facultad de Antropolog\u00eda, indic\u00f3 que la exposici\u00f3n est\u00e1 conformada por una serie de registros fotogr\u00e1ficos de los espacios, actividades y la comunidad. \u201cLas im\u00e1genes fueron captadas por universitarios en el lugar donde desarrollan sus actividades acad\u00e9micas, cient\u00edficas, culturales, art\u00edsticas o administrativas\u201d.<\/p>\n<p>Afirm\u00f3 que el Corredor Cultural Universitario es un espacio art\u00edstico que busca compartir p\u00fablicamente el talento universitario. \u201cEsta galer\u00eda dialoga con la ciudad y sus visitantes, es un espacio que, de manera simult\u00e1nea, proyecta el talento y la identidad de los universitarios\u201d.<\/p>\n<p>Acompa\u00f1ado del director de la Facultad de Antropolog\u00eda, Ignacio Medina Alegr\u00eda; la directora de Patrimonio Cultural de la UAEM, Yuriko Rojas Moriyama, y la egresada de la Facultad de Ciencias Pol\u00edticas y Sociales y creadora de la plataforma digital \u201cSer UAEM\u00e9x\u201d, Montserrat Garc\u00eda Morales, enfatiz\u00f3 que ser universitario es una forma de estar en el mundo que se hermana con otras comunidades acad\u00e9micas, as\u00ed como con la ciudad y el pa\u00eds.<\/p>\n<p>El secretario de Difusi\u00f3n Cultural de la Aut\u00f3noma mexiquense, Edgar Miranda Ortiz, manifest\u00f3 que \u201cSer UAEM\u00e9x\u201d surgi\u00f3 como un proyecto estudiantil, a trav\u00e9s del cual los universitarios comparten im\u00e1genes significativas de la instituci\u00f3n.<\/p>\n<p>Los universitarios, abund\u00f3, acogieron la plataforma, que tiene por objetivo generar una comunidad con visi\u00f3n social y solidaridad universitaria. \u201cEsta universidad p\u00fablica tiene el compromiso de atender las propuestas de nuestros alumnos, quienes ser\u00e1n los que atiendan las necesidades de la sociedad en el futuro\u201d.<\/p>\n","protected":false},"excerpt":{"rendered":"<p>El rector de la Universidad Aut\u00f3noma del Estado de M\u00e9xico, Alfredo Barrera Baca, inaugur\u00f3 la muestra fotogr\u00e1fica colectiva \u201cSer UAEM\u00e9x\u201d, en el Corredor Cultural Universitario, ubicado en las inmediaciones de las facultades de Antropolog\u00eda, Planeaci\u00f3n Urbana y Regional, Odontolog\u00eda y Lenguas, as\u00ed como la Cl\u00ednica Multidisciplinaria de Salud, el Hospital de Peque\u00f1as Especies y la Unidad Deportiva \u201cLic. Adolfo L\u00f3pez Mateos\u201d.<\/p>\n","protected":false},"author":3,"featured_media":438546,"comment_status":"open","ping_status":"open","sticky":false,"template":"","format":"standard","meta":{"_monsterinsights_skip_tracking":false,"_monsterinsights_sitenote_active":false,"_monsterinsights_sitenote_note":"","_monsterinsights_sitenote_category":0,"footnotes":""},"categories":[5],"tags":[58572,43675,87210,452],"class_list":["post-438454","post","type-post","status-publish","format-standard","has-post-thumbnail","hentry","category-estado-de-mexico","tag-alfredo-barrera-baca","tag-estado-de-mexico","tag-fotografica","tag-toluca"],"_links":{"self":[{"href":"https:\/\/www.diarioimagen.net\/index.php?rest_route=\/wp\/v2\/posts\/438454","targetHints":{"allow":["GET"]}}],"collection":[{"href":"https:\/\/www.diarioimagen.net\/index.php?rest_route=\/wp\/v2\/posts"}],"about":[{"href":"https:\/\/www.diarioimagen.net\/index.php?rest_route=\/wp\/v2\/types\/post"}],"author":[{"embeddable":true,"href":"https:\/\/www.diarioimagen.net\/index.php?rest_route=\/wp\/v2\/users\/3"}],"replies":[{"embeddable":true,"href":"https:\/\/www.diarioimagen.net\/index.php?rest_route=%2Fwp%2Fv2%2Fcomments&post=438454"}],"version-history":[{"count":0,"href":"https:\/\/www.diarioimagen.net\/index.php?rest_route=\/wp\/v2\/posts\/438454\/revisions"}],"wp:featuredmedia":[{"embeddable":true,"href":"https:\/\/www.diarioimagen.net\/index.php?rest_route=\/wp\/v2\/media\/438546"}],"wp:attachment":[{"href":"https:\/\/www.diarioimagen.net\/index.php?rest_route=%2Fwp%2Fv2%2Fmedia&parent=438454"}],"wp:term":[{"taxonomy":"category","embeddable":true,"href":"https:\/\/www.diarioimagen.net\/index.php?rest_route=%2Fwp%2Fv2%2Fcategories&post=438454"},{"taxonomy":"post_tag","embeddable":true,"href":"https:\/\/www.diarioimagen.net\/index.php?rest_route=%2Fwp%2Fv2%2Ftags&post=438454"}],"curies":[{"name":"wp","href":"https:\/\/api.w.org\/{rel}","templated":true}]}}