{"id":438657,"date":"2019-08-13T00:08:28","date_gmt":"2019-08-13T05:08:28","guid":{"rendered":"https:\/\/www.diarioimagen.net\/?p=438657"},"modified":"2019-08-13T08:56:04","modified_gmt":"2019-08-13T13:56:04","slug":"sergio-gonzalez-presento-diplomacia-e-interes-nacional-ante-alumnos-de-uaem","status":"publish","type":"post","link":"https:\/\/www.diarioimagen.net\/?p=438657","title":{"rendered":"Sergio Gonz\u00e1lez present\u00f3 <em>Diplomacia e inter\u00e9s nacional<\/em>, ante alumnos de UAEM"},"content":{"rendered":"<ul>\n<li><strong><em>Alfredo Barrera destaca el trabajo del diplom\u00e1tico<\/em><\/strong><\/li>\n<\/ul>\n<p>&nbsp;<\/p>\n<div id=\"attachment_438733\" style=\"width: 470px\" class=\"wp-caption aligncenter\"><a href=\"https:\/\/www.diarioimagen.net\/?attachment_id=438733\" rel=\"attachment wp-att-438733\"><img loading=\"lazy\" decoding=\"async\" aria-describedby=\"caption-attachment-438733\" class=\"size-large wp-image-438733\" src=\"https:\/\/www.diarioimagen.net\/wp-content\/uploads\/2019\/08\/UAEM-13-460x259.jpg\" alt=\"\" width=\"460\" height=\"259\" srcset=\"https:\/\/www.diarioimagen.net\/wp-content\/uploads\/2019\/08\/UAEM-13-460x259.jpg 460w, https:\/\/www.diarioimagen.net\/wp-content\/uploads\/2019\/08\/UAEM-13-240x135.jpg 240w, https:\/\/www.diarioimagen.net\/wp-content\/uploads\/2019\/08\/UAEM-13-235x132.jpg 235w, https:\/\/www.diarioimagen.net\/wp-content\/uploads\/2019\/08\/UAEM-13-202x114.jpg 202w, https:\/\/www.diarioimagen.net\/wp-content\/uploads\/2019\/08\/UAEM-13-350x196.jpg 350w, https:\/\/www.diarioimagen.net\/wp-content\/uploads\/2019\/08\/UAEM-13-220x123.jpg 220w, https:\/\/www.diarioimagen.net\/wp-content\/uploads\/2019\/08\/UAEM-13-237x132.jpg 237w, https:\/\/www.diarioimagen.net\/wp-content\/uploads\/2019\/08\/UAEM-13.jpg 480w\" sizes=\"auto, (max-width: 460px) 100vw, 460px\" \/><\/a><p id=\"caption-attachment-438733\" class=\"wp-caption-text\">El rector de la UAEM, Alfredo Barrera Baca, subray\u00f3 el trabajo del diplom\u00e1tico para fortalecer los instrumentos jur\u00eddicos del derecho internacional moderno, a fin de abatir discursos de odio, supremacismo y violencia.<\/p><\/div>\n<p>&nbsp;<\/p>\n<p><strong>Toluca, Estado de M\u00e9xico<\/strong>.\u2013 En el Aula Magna \u201cLic. Adolfo L\u00f3pez Mateos\u201d de la Universidad Aut\u00f3noma del Estado de M\u00e9xico, el embajador em\u00e9rito de nuestro pa\u00eds, Sergio Gonz\u00e1lez G\u00e1lvez, present\u00f3 el libro de su autor\u00eda <em>Diplomacia e inter\u00e9s nacional. Una experiencia personal<\/em>.<\/p>\n<p>En este marco, el rector de la UAEM, Alfredo Barrera Baca, subray\u00f3 el trabajo del diplom\u00e1tico para fortalecer los instrumentos jur\u00eddicos del derecho internacional moderno, a fin de abatir discursos de odio, supremacismo y violencia.<\/p>\n<p>En presencia del jefe de la oficina de la gubernatura del Estado de M\u00e9xico, Raymundo Balboa Cruz, el rector asever\u00f3 que a partir de la experiencia en derecho internacional de quien fue embajador de M\u00e9xico en Jap\u00f3n, la Rep\u00fablica de Corea y Vietnam es posible crear puentes que unan a los pueblos en nombre de la cooperaci\u00f3n para la paz.<\/p>\n<p>Alfredo Barrera reconoci\u00f3 a Sergio Gonz\u00e1lez G\u00e1lvez como un personaje emblem\u00e1tico para los mexiquenses y sostuvo que la tradici\u00f3n diplom\u00e1tica en el pa\u00eds se resume en la capacidad resiliente de los mexicanos ante dif\u00edciles circunstancias geopol\u00edticas que incluyen una incesante b\u00fasqueda por reconciliar diferencias internas y favorecer un proyecto com\u00fan que abarque el mayor inter\u00e9s nacional<\/p>\n<p>Ante la secretaria del Trabajo del gobierno del Estado de M\u00e9xico, Martha Hilda Gonz\u00e1lez Calder\u00f3n, Raymundo Balboa manifest\u00f3 que frente a los desaf\u00edos que representan las tensiones raciales y discursos polarizantes en diferentes partes del mundo y que se hacen presentes cada vez m\u00e1s, es fundamental la relaci\u00f3n diplom\u00e1tica que legitime su preminencia como defensora de los derechos humanos.<\/p>\n<p>En este evento, al que tambi\u00e9n acudieron los ex rectores de esta casa de estudios, Tom\u00e1s Ruiz P\u00e9rez, Jorge Guadarrama L\u00f3pez y Agust\u00edn Gasca Pliego, el servidor p\u00fablico estatal enfatiz\u00f3 el importante papel que desempe\u00f1\u00f3 Sergio Gonz\u00e1lez G\u00e1lvez para impulsar la aprobaci\u00f3n del Tratado de Tlatelolco para la Proscripci\u00f3n de las Armas Nucleares en Am\u00e9rica Latina y el Caribe.<\/p>\n<p>En su oportunidad, Sergio Gonz\u00e1lez G\u00e1lvez, quien cuenta con m\u00e1s de 40 a\u00f1os de experiencia en el servicio exterior, afirm\u00f3 que la carrera diplom\u00e1tica consiste en preservar el estado de derecho y la soberan\u00eda nacional, as\u00ed como representar los intereses del pa\u00eds en el mundo, adem\u00e1s de preservar la paz y la estabilidad econ\u00f3mica mundial.<\/p>\n<p>El autor de Diplomacia e inter\u00e9s nacional. Una experiencia personal destac\u00f3 que su obra busca despertar, principalmente entre los j\u00f3venes, el inter\u00e9s para dedicarse al servicio exterior, cuyos aspirantes deben tener en cuenta que parte de su trabajo es mantener un v\u00ednculo amistoso con Estados Unidos, con la finalidad de proteger los intereses de los migrantes.<\/p>\n","protected":false},"excerpt":{"rendered":"<p>En el Aula Magna \u201cLic. Adolfo L\u00f3pez Mateos\u201d de la Universidad Aut\u00f3noma del Estado de M\u00e9xico, el embajador em\u00e9rito de nuestro pa\u00eds, Sergio Gonz\u00e1lez G\u00e1lvez, present\u00f3 el libro de su autor\u00eda <em>Diplomacia e inter\u00e9s nacional. Una experiencia personal<\/em>.<\/p>\n","protected":false},"author":3,"featured_media":438733,"comment_status":"open","ping_status":"open","sticky":false,"template":"","format":"standard","meta":{"_monsterinsights_skip_tracking":false,"_monsterinsights_sitenote_active":false,"_monsterinsights_sitenote_note":"","_monsterinsights_sitenote_category":0,"footnotes":""},"categories":[5],"tags":[43675,452,1491],"class_list":["post-438657","post","type-post","status-publish","format-standard","has-post-thumbnail","hentry","category-estado-de-mexico","tag-estado-de-mexico","tag-toluca","tag-uaem"],"_links":{"self":[{"href":"https:\/\/www.diarioimagen.net\/index.php?rest_route=\/wp\/v2\/posts\/438657","targetHints":{"allow":["GET"]}}],"collection":[{"href":"https:\/\/www.diarioimagen.net\/index.php?rest_route=\/wp\/v2\/posts"}],"about":[{"href":"https:\/\/www.diarioimagen.net\/index.php?rest_route=\/wp\/v2\/types\/post"}],"author":[{"embeddable":true,"href":"https:\/\/www.diarioimagen.net\/index.php?rest_route=\/wp\/v2\/users\/3"}],"replies":[{"embeddable":true,"href":"https:\/\/www.diarioimagen.net\/index.php?rest_route=%2Fwp%2Fv2%2Fcomments&post=438657"}],"version-history":[{"count":0,"href":"https:\/\/www.diarioimagen.net\/index.php?rest_route=\/wp\/v2\/posts\/438657\/revisions"}],"wp:featuredmedia":[{"embeddable":true,"href":"https:\/\/www.diarioimagen.net\/index.php?rest_route=\/wp\/v2\/media\/438733"}],"wp:attachment":[{"href":"https:\/\/www.diarioimagen.net\/index.php?rest_route=%2Fwp%2Fv2%2Fmedia&parent=438657"}],"wp:term":[{"taxonomy":"category","embeddable":true,"href":"https:\/\/www.diarioimagen.net\/index.php?rest_route=%2Fwp%2Fv2%2Fcategories&post=438657"},{"taxonomy":"post_tag","embeddable":true,"href":"https:\/\/www.diarioimagen.net\/index.php?rest_route=%2Fwp%2Fv2%2Ftags&post=438657"}],"curies":[{"name":"wp","href":"https:\/\/api.w.org\/{rel}","templated":true}]}}