{"id":438660,"date":"2019-08-13T00:07:13","date_gmt":"2019-08-13T05:07:13","guid":{"rendered":"https:\/\/www.diarioimagen.net\/?p=438660"},"modified":"2019-08-13T08:56:50","modified_gmt":"2019-08-13T13:56:50","slug":"elena-garcia-dota-de-unidades-vehiculares-para-un-mejor-servicio","status":"publish","type":"post","link":"https:\/\/www.diarioimagen.net\/?p=438660","title":{"rendered":"Elena Garc\u00eda dota de unidades vehiculares para un mejor servicio"},"content":{"rendered":"<ul>\n<li><strong><em>Se trabajar\u00e1 en colonias de Tultitl\u00e1n<\/em><\/strong><\/li>\n<\/ul>\n<p>&nbsp;<\/p>\n<div id=\"attachment_438736\" style=\"width: 470px\" class=\"wp-caption aligncenter\"><a href=\"https:\/\/www.diarioimagen.net\/?attachment_id=438736\" rel=\"attachment wp-att-438736\"><img loading=\"lazy\" decoding=\"async\" aria-describedby=\"caption-attachment-438736\" class=\"size-large wp-image-438736\" src=\"https:\/\/www.diarioimagen.net\/wp-content\/uploads\/2019\/08\/TULTITLAN-13-460x259.jpg\" alt=\"\" width=\"460\" height=\"259\" srcset=\"https:\/\/www.diarioimagen.net\/wp-content\/uploads\/2019\/08\/TULTITLAN-13-460x259.jpg 460w, https:\/\/www.diarioimagen.net\/wp-content\/uploads\/2019\/08\/TULTITLAN-13-240x135.jpg 240w, https:\/\/www.diarioimagen.net\/wp-content\/uploads\/2019\/08\/TULTITLAN-13-235x132.jpg 235w, https:\/\/www.diarioimagen.net\/wp-content\/uploads\/2019\/08\/TULTITLAN-13-202x114.jpg 202w, https:\/\/www.diarioimagen.net\/wp-content\/uploads\/2019\/08\/TULTITLAN-13-350x196.jpg 350w, https:\/\/www.diarioimagen.net\/wp-content\/uploads\/2019\/08\/TULTITLAN-13-220x123.jpg 220w, https:\/\/www.diarioimagen.net\/wp-content\/uploads\/2019\/08\/TULTITLAN-13-237x132.jpg 237w, https:\/\/www.diarioimagen.net\/wp-content\/uploads\/2019\/08\/TULTITLAN-13.jpg 480w\" sizes=\"auto, (max-width: 460px) 100vw, 460px\" \/><\/a><p id=\"caption-attachment-438736\" class=\"wp-caption-text\">Se entregaron un total de 14 unidades de trabajo a las \u00e1reas de Servicios P\u00fablicos, Servicios Generales, Obras P\u00fablicas y Desarrollo Urbano.<\/p><\/div>\n<p>&nbsp;<\/p>\n<p><strong>Tultitl\u00e1n, Estado de M\u00e9xico<\/strong>.- Con la finalidad de que el personal adscrito a la administraci\u00f3n municipal, pueda desempe\u00f1ar las actividades cotidianas de trabajo y para brindar un servicio m\u00e1s eficaz a la poblaci\u00f3n tultitlense, el gobierno presidido por Elena Garc\u00eda Mart\u00ednez, dot\u00f3 un total de 14 unidades de trabajo a las \u00e1reas de Servicios P\u00fablicos, Servicios Generales, Obras P\u00fablicas y Desarrollo Urbano.<\/p>\n<p>En su discurso, la alcaldesa se\u00f1al\u00f3 que estas unidades ayudar\u00e1n a trasladarse de manera eficaz al personal de dichas \u00e1reas ya que en su mayor\u00eda son \u00e1reas de campo y necesitan tener un veh\u00edculo para poder trabajar bien.En total se dotaron de 6 camionetas doble cabina a\u00f1o 2020 y 8 autos March 2019 y la municipe hizo la entrega de las llaves a los directores de las \u00e1reas beneficiadas en un acto p\u00fablico.<\/p>\n<p>En el mismo tenor, el director de Servicios P\u00fablicos, Mario Pont\u00f3n Z\u00fa\u00f1iga, agradeci\u00f3 a la alcaldesa y a los integrantes de cabildo por haber dispuesto de este recurso para la compra de estas unidades vehiculares ya que ser\u00e1n de gran ayuda y a nombre de sus compa\u00f1eros se comprometi\u00f3 a hacer uso oficial de ellas y mantenerlas en \u00f3ptimas condiciones.<\/p>\n<p>Finalmente, Garc\u00eda Mart\u00ednez resalt\u00f3 que seguir\u00e1n gestionando recursos para beneficiar a los trabajadores para que puedan desempe\u00f1ar sus labores de manera efectiva.<\/p>\n","protected":false},"excerpt":{"rendered":"<p>Con la finalidad de que el personal adscrito a la administraci\u00f3n municipal, pueda desempe\u00f1ar las actividades cotidianas de trabajo y para brindar un servicio m\u00e1s eficaz a la poblaci\u00f3n tultitlense, el gobierno presidido por Elena Garc\u00eda Mart\u00ednez, dot\u00f3 un total de 14 unidades de trabajo a las \u00e1reas de Servicios P\u00fablicos, Servicios Generales, Obras P\u00fablicas y Desarrollo Urbano.<\/p>\n","protected":false},"author":3,"featured_media":438736,"comment_status":"open","ping_status":"open","sticky":false,"template":"","format":"standard","meta":{"_monsterinsights_skip_tracking":false,"_monsterinsights_sitenote_active":false,"_monsterinsights_sitenote_note":"","_monsterinsights_sitenote_category":0,"footnotes":""},"categories":[5],"tags":[43675,87255,578,87256],"class_list":["post-438660","post","type-post","status-publish","format-standard","has-post-thumbnail","hentry","category-estado-de-mexico","tag-estado-de-mexico","tag-mejor-servicio","tag-tultitlan","tag-vehiculares"],"_links":{"self":[{"href":"https:\/\/www.diarioimagen.net\/index.php?rest_route=\/wp\/v2\/posts\/438660","targetHints":{"allow":["GET"]}}],"collection":[{"href":"https:\/\/www.diarioimagen.net\/index.php?rest_route=\/wp\/v2\/posts"}],"about":[{"href":"https:\/\/www.diarioimagen.net\/index.php?rest_route=\/wp\/v2\/types\/post"}],"author":[{"embeddable":true,"href":"https:\/\/www.diarioimagen.net\/index.php?rest_route=\/wp\/v2\/users\/3"}],"replies":[{"embeddable":true,"href":"https:\/\/www.diarioimagen.net\/index.php?rest_route=%2Fwp%2Fv2%2Fcomments&post=438660"}],"version-history":[{"count":0,"href":"https:\/\/www.diarioimagen.net\/index.php?rest_route=\/wp\/v2\/posts\/438660\/revisions"}],"wp:featuredmedia":[{"embeddable":true,"href":"https:\/\/www.diarioimagen.net\/index.php?rest_route=\/wp\/v2\/media\/438736"}],"wp:attachment":[{"href":"https:\/\/www.diarioimagen.net\/index.php?rest_route=%2Fwp%2Fv2%2Fmedia&parent=438660"}],"wp:term":[{"taxonomy":"category","embeddable":true,"href":"https:\/\/www.diarioimagen.net\/index.php?rest_route=%2Fwp%2Fv2%2Fcategories&post=438660"},{"taxonomy":"post_tag","embeddable":true,"href":"https:\/\/www.diarioimagen.net\/index.php?rest_route=%2Fwp%2Fv2%2Ftags&post=438660"}],"curies":[{"name":"wp","href":"https:\/\/api.w.org\/{rel}","templated":true}]}}