{"id":438662,"date":"2019-08-13T00:06:57","date_gmt":"2019-08-13T05:06:57","guid":{"rendered":"https:\/\/www.diarioimagen.net\/?p=438662"},"modified":"2019-08-13T08:57:44","modified_gmt":"2019-08-13T13:57:44","slug":"invitan-a-visitar-el-tunel-memoria-y-tolerancia","status":"publish","type":"post","link":"https:\/\/www.diarioimagen.net\/?p=438662","title":{"rendered":"Invitan a visitar el T\u00fanel Memoria y Tolerancia"},"content":{"rendered":"<p><a href=\"https:\/\/www.diarioimagen.net\/?attachment_id=438739\" rel=\"attachment wp-att-438739\"><img loading=\"lazy\" decoding=\"async\" class=\"aligncenter size-large wp-image-438739\" src=\"https:\/\/www.diarioimagen.net\/wp-content\/uploads\/2019\/08\/HUIXQUILUCAN-13-460x259.jpg\" alt=\"\" width=\"460\" height=\"259\" srcset=\"https:\/\/www.diarioimagen.net\/wp-content\/uploads\/2019\/08\/HUIXQUILUCAN-13-460x259.jpg 460w, https:\/\/www.diarioimagen.net\/wp-content\/uploads\/2019\/08\/HUIXQUILUCAN-13-240x135.jpg 240w, https:\/\/www.diarioimagen.net\/wp-content\/uploads\/2019\/08\/HUIXQUILUCAN-13-235x132.jpg 235w, https:\/\/www.diarioimagen.net\/wp-content\/uploads\/2019\/08\/HUIXQUILUCAN-13-202x114.jpg 202w, https:\/\/www.diarioimagen.net\/wp-content\/uploads\/2019\/08\/HUIXQUILUCAN-13-350x196.jpg 350w, https:\/\/www.diarioimagen.net\/wp-content\/uploads\/2019\/08\/HUIXQUILUCAN-13-220x123.jpg 220w, https:\/\/www.diarioimagen.net\/wp-content\/uploads\/2019\/08\/HUIXQUILUCAN-13-237x132.jpg 237w, https:\/\/www.diarioimagen.net\/wp-content\/uploads\/2019\/08\/HUIXQUILUCAN-13.jpg 480w\" sizes=\"auto, (max-width: 460px) 100vw, 460px\" \/><\/a><\/p>\n<p>&nbsp;<\/p>\n<p><strong>Huixquilucan, Estado de M\u00e9xico<\/strong><strong>.-<\/strong> Darle a conocer a los ni\u00f1os y j\u00f3venes la historia de la humanidad para que no se repitan casos lamentables, es el objetivo de la inauguraci\u00f3n del T\u00fanel Memoria y Tolerancia, que a partir de este d\u00eda se podr\u00e1 visitar en la Explanada Municipal, inform\u00f3 el alcalde de Huixquilucan, Enrique Vargas del Villar.<\/p>\n<p>Asegur\u00f3 que al conocer el proyecto del t\u00fanel, inmediatamente acept\u00f3 traerlo al municipio, para que todos los huixquiluquenses puedan ver lo que ha pasado en la humanidad \u201cy podamos aprender a ser tolerantes con el pr\u00f3jimo\u201d.<\/p>\n<p>Acompa\u00f1ado de integrantes del cabildo, detall\u00f3 que buscar\u00e1 llevar el T\u00fanel Memoria y Tolerancia, a otra parte del municipio, y con ello poder colaborar en la paz del mundo, en el pa\u00eds y en Huixquilucan.<\/p>\n<p>&nbsp;<\/p>\n<p>&nbsp;<\/p>\n","protected":false},"excerpt":{"rendered":"<p>Darle a conocer a los ni\u00f1os y j\u00f3venes la historia de la humanidad para que no se repitan casos lamentables, es el objetivo de la inauguraci\u00f3n del T\u00fanel Memoria y Tolerancia, que a partir de este d\u00eda se podr\u00e1 visitar en la Explanada Municipal, inform\u00f3 el alcalde de Huixquilucan, Enrique Vargas del Villar.<\/p>\n","protected":false},"author":3,"featured_media":438739,"comment_status":"open","ping_status":"open","sticky":false,"template":"","format":"standard","meta":{"_monsterinsights_skip_tracking":false,"_monsterinsights_sitenote_active":false,"_monsterinsights_sitenote_note":"","_monsterinsights_sitenote_category":0,"footnotes":""},"categories":[5],"tags":[43675,1097,13185],"class_list":["post-438662","post","type-post","status-publish","format-standard","has-post-thumbnail","hentry","category-estado-de-mexico","tag-estado-de-mexico","tag-huixquilucan","tag-tolerancia"],"_links":{"self":[{"href":"https:\/\/www.diarioimagen.net\/index.php?rest_route=\/wp\/v2\/posts\/438662","targetHints":{"allow":["GET"]}}],"collection":[{"href":"https:\/\/www.diarioimagen.net\/index.php?rest_route=\/wp\/v2\/posts"}],"about":[{"href":"https:\/\/www.diarioimagen.net\/index.php?rest_route=\/wp\/v2\/types\/post"}],"author":[{"embeddable":true,"href":"https:\/\/www.diarioimagen.net\/index.php?rest_route=\/wp\/v2\/users\/3"}],"replies":[{"embeddable":true,"href":"https:\/\/www.diarioimagen.net\/index.php?rest_route=%2Fwp%2Fv2%2Fcomments&post=438662"}],"version-history":[{"count":0,"href":"https:\/\/www.diarioimagen.net\/index.php?rest_route=\/wp\/v2\/posts\/438662\/revisions"}],"wp:featuredmedia":[{"embeddable":true,"href":"https:\/\/www.diarioimagen.net\/index.php?rest_route=\/wp\/v2\/media\/438739"}],"wp:attachment":[{"href":"https:\/\/www.diarioimagen.net\/index.php?rest_route=%2Fwp%2Fv2%2Fmedia&parent=438662"}],"wp:term":[{"taxonomy":"category","embeddable":true,"href":"https:\/\/www.diarioimagen.net\/index.php?rest_route=%2Fwp%2Fv2%2Fcategories&post=438662"},{"taxonomy":"post_tag","embeddable":true,"href":"https:\/\/www.diarioimagen.net\/index.php?rest_route=%2Fwp%2Fv2%2Ftags&post=438662"}],"curies":[{"name":"wp","href":"https:\/\/api.w.org\/{rel}","templated":true}]}}